{"id":2715,"date":"2025-05-01T06:43:54","date_gmt":"2025-05-01T06:43:54","guid":{"rendered":"https:\/\/ledenonciateur224.com\/?p=2715"},"modified":"2025-05-01T06:43:54","modified_gmt":"2025-05-01T06:43:54","slug":"naissance-du-sneg-safiatou-balde-elue-a-la-tete-du-nouveau-syndicat-des-enseignants-de-guinee","status":"publish","type":"post","link":"https:\/\/ledenonciateur224.com\/index.php\/naissance-du-sneg-safiatou-balde-elue-a-la-tete-du-nouveau-syndicat-des-enseignants-de-guinee\/","title":{"rendered":"Naissance du SNEG : Safiatou Bald\u00e9 \u00e9lue \u00e0 la t\u00eate du nouveau syndicat des enseignants de Guin\u00e9e"},"content":{"rendered":"<p style=\"color: #000000;font-family: sans-serif;font-size: large\">Le Syndicat national des enseignants de Guin\u00e9e (SNEG) a tenu, ce mercredi 30 avril 2025 \u00e0 Conakry, son congr\u00e8s \u00e9lectif. Cette nouvelle organisation entend rassembler l\u2019ensemble des enseignants guin\u00e9ens autour d\u2019un id\u00e9al et d\u2019objectifs communs. Plusieurs repr\u00e9sentants d&rsquo;autres structures syndicales de l&rsquo;\u00e9ducation ont pris part \u00e0 cet \u00e9v\u00e9nement marquant.<\/p>\n<p style=\"color: #000000;font-family: sans-serif;font-size: large\">Conform\u00e9ment \u00e0 ses statuts et \u00e0 son r\u00e8glement int\u00e9rieur, le bureau ex\u00e9cutif du SNEG est \u00e9lu pour un mandat de cinq ans, renouvelable.<\/p>\n<p><img loading=\"lazy\" decoding=\"async\" class=\"alignnone size-full wp-image-2716\" src=\"https:\/\/ledenonciateur224.com\/wp-content\/uploads\/2025\/05\/20250430-174132-scaled.jpg\" alt=\"\" width=\"2560\" height=\"1440\" srcset=\"https:\/\/ledenonciateur224.com\/wp-content\/uploads\/2025\/05\/20250430-174132-scaled.jpg 2560w, https:\/\/ledenonciateur224.com\/wp-content\/uploads\/2025\/05\/20250430-174132-300x169.jpg 300w, https:\/\/ledenonciateur224.com\/wp-content\/uploads\/2025\/05\/20250430-174132-1024x576.jpg 1024w, https:\/\/ledenonciateur224.com\/wp-content\/uploads\/2025\/05\/20250430-174132-768x432.jpg 768w, https:\/\/ledenonciateur224.com\/wp-content\/uploads\/2025\/05\/20250430-174132-1536x864.jpg 1536w, https:\/\/ledenonciateur224.com\/wp-content\/uploads\/2025\/05\/20250430-174132-2048x1152.jpg 2048w, https:\/\/ledenonciateur224.com\/wp-content\/uploads\/2025\/05\/20250430-174132-150x84.jpg 150w, https:\/\/ledenonciateur224.com\/wp-content\/uploads\/2025\/05\/20250430-174132-696x392.jpg 696w, https:\/\/ledenonciateur224.com\/wp-content\/uploads\/2025\/05\/20250430-174132-1068x601.jpg 1068w, https:\/\/ledenonciateur224.com\/wp-content\/uploads\/2025\/05\/20250430-174132-1920x1080.jpg 1920w, https:\/\/ledenonciateur224.com\/wp-content\/uploads\/2025\/05\/20250430-174132-747x420.jpg 747w\" sizes=\"auto, (max-width: 2560px) 100vw, 2560px\" \/><\/p>\n<p style=\"color: #000000;font-family: sans-serif;font-size: large\">Lors de cette assembl\u00e9e, le SNEG a \u00e9galement officialis\u00e9 son affiliation \u00e0 la centrale syndicale Conf\u00e9d\u00e9ration Nationale des Travailleurs de Guin\u00e9e (CNTG). Un rapprochement salu\u00e9 par Kader Aziz Camara, secr\u00e9taire g\u00e9n\u00e9ral adjoint charg\u00e9 des relations ext\u00e9rieures de la CNTG, qui y voit un \u00e9largissement significatif du champ d&rsquo;action syndical.<\/p>\n<p><img loading=\"lazy\" decoding=\"async\" class=\"alignnone size-full wp-image-2717\" src=\"https:\/\/ledenonciateur224.com\/wp-content\/uploads\/2025\/05\/20250430-175024-scaled.jpg\" alt=\"\" width=\"2560\" height=\"1440\" srcset=\"https:\/\/ledenonciateur224.com\/wp-content\/uploads\/2025\/05\/20250430-175024-scaled.jpg 2560w, https:\/\/ledenonciateur224.com\/wp-content\/uploads\/2025\/05\/20250430-175024-300x169.jpg 300w, https:\/\/ledenonciateur224.com\/wp-content\/uploads\/2025\/05\/20250430-175024-1024x576.jpg 1024w, https:\/\/ledenonciateur224.com\/wp-content\/uploads\/2025\/05\/20250430-175024-768x432.jpg 768w, https:\/\/ledenonciateur224.com\/wp-content\/uploads\/2025\/05\/20250430-175024-1536x864.jpg 1536w, https:\/\/ledenonciateur224.com\/wp-content\/uploads\/2025\/05\/20250430-175024-2048x1152.jpg 2048w, https:\/\/ledenonciateur224.com\/wp-content\/uploads\/2025\/05\/20250430-175024-150x84.jpg 150w, https:\/\/ledenonciateur224.com\/wp-content\/uploads\/2025\/05\/20250430-175024-696x392.jpg 696w, https:\/\/ledenonciateur224.com\/wp-content\/uploads\/2025\/05\/20250430-175024-1068x601.jpg 1068w, https:\/\/ledenonciateur224.com\/wp-content\/uploads\/2025\/05\/20250430-175024-1920x1080.jpg 1920w, https:\/\/ledenonciateur224.com\/wp-content\/uploads\/2025\/05\/20250430-175024-747x420.jpg 747w\" sizes=\"auto, (max-width: 2560px) 100vw, 2560px\" \/><\/p>\n<p style=\"color: #000000;font-family: sans-serif;font-size: large\">\u00ab Cette affiliation nous donne une satisfaction morale. On doit vous souligner ici que la CNTG est une centrale historique. Aujourd\u2019hui, nous avons \u00e0 notre actif, deux grandes f\u00e9d\u00e9rations de l\u2019\u00e9ducation et c\u2019est la deuxi\u00e8me qui est le SNEG qui vient \u00e0 point nomm\u00e9. Parce si vous prenez sur le plan de la fonction publique en Guin\u00e9e, la majeure partie des fonctionnaires regorge au niveau des enseignants de Guin\u00e9e. Alors si nous en tant que centrale syndicale, nous avons deux grandes f\u00e9d\u00e9rations syndicales de l\u2019\u00e9ducation, c\u2019est vraiment une satisfaction. Nous ferons en sorte qu&rsquo;ils soient moul\u00e9s la formation syndicale, au renforcement de capacit\u00e9 \u00bb, s\u2019est-il r\u00e9joui.<\/p>\n<p style=\"color: #000000;font-family: sans-serif;font-size: large\">Ce congr\u00e8s a abouti \u00e0 l\u2019\u00e9lection d\u2019un bureau ex\u00e9cutif dynamique, avec \u00e0 sa t\u00eate une femme : Dame Safiatou Yansan\u00e9 Bald\u00e9. Elle affirme pleinement mesurer les responsabilit\u00e9s qui lui incombent dans l\u2019am\u00e9lioration des conditions de vie et de travail des enseignants relevant des minist\u00e8res en charge de l&rsquo;\u00c9ducation.<\/p>\n<p><img loading=\"lazy\" decoding=\"async\" class=\"alignnone size-full wp-image-2719\" src=\"https:\/\/ledenonciateur224.com\/wp-content\/uploads\/2025\/05\/20250430-175612-1-scaled.jpg\" alt=\"\" width=\"2560\" height=\"1440\" srcset=\"https:\/\/ledenonciateur224.com\/wp-content\/uploads\/2025\/05\/20250430-175612-1-scaled.jpg 2560w, https:\/\/ledenonciateur224.com\/wp-content\/uploads\/2025\/05\/20250430-175612-1-300x169.jpg 300w, https:\/\/ledenonciateur224.com\/wp-content\/uploads\/2025\/05\/20250430-175612-1-1024x576.jpg 1024w, https:\/\/ledenonciateur224.com\/wp-content\/uploads\/2025\/05\/20250430-175612-1-768x432.jpg 768w, https:\/\/ledenonciateur224.com\/wp-content\/uploads\/2025\/05\/20250430-175612-1-1536x864.jpg 1536w, https:\/\/ledenonciateur224.com\/wp-content\/uploads\/2025\/05\/20250430-175612-1-2048x1152.jpg 2048w, https:\/\/ledenonciateur224.com\/wp-content\/uploads\/2025\/05\/20250430-175612-1-150x84.jpg 150w, https:\/\/ledenonciateur224.com\/wp-content\/uploads\/2025\/05\/20250430-175612-1-696x392.jpg 696w, https:\/\/ledenonciateur224.com\/wp-content\/uploads\/2025\/05\/20250430-175612-1-1068x601.jpg 1068w, https:\/\/ledenonciateur224.com\/wp-content\/uploads\/2025\/05\/20250430-175612-1-1920x1080.jpg 1920w, https:\/\/ledenonciateur224.com\/wp-content\/uploads\/2025\/05\/20250430-175612-1-747x420.jpg 747w\" sizes=\"auto, (max-width: 2560px) 100vw, 2560px\" \/><\/p>\n<p style=\"color: #000000;font-family: sans-serif;font-size: large\">\u00ab La mission d&rsquo;ailleurs de cette structure c&rsquo;est de d\u00e9fendre les travailleurs et valoriser le syst\u00e8me \u00e9ducatif. Nous, nous sommes engag\u00e9s jusqu&rsquo;au bout. Nous avons exprim\u00e9 clairement nos attentes. Une revalorisation substantielle du statut des enseignants, un syst\u00e8me de r\u00e9mun\u00e9ration \u00e9quitable et une couverture sociale digne de notre enseignement. Le combat syndical, est un combat noble mais exigeant. Il suppose de la consistance, de la lucidit\u00e9 et du courage. C\u2019est pourquoi, je vous invite toutes et tous \u00e0 l\u2019unit\u00e9, \u00e0 la discipline et \u00e0 la solidarit\u00e9. Le SNEG ne sera fort que si nous restons debout, ensemble \u00bb, a-t-elle expliqu\u00e9 avant d&rsquo;ajouter :<\/p>\n<p style=\"color: #000000;font-family: sans-serif;font-size: large\">\u00ab Je mesure l\u2019ampleur des d\u00e9fis qui nous attendent. Mais je suis convaincue qu\u2019avec cette nouvelle \u00e9quipe dirigeante, nos partenaires syndicaux et institutionnels, nous parviendrons \u00e0 b\u00e2tir une \u00e9cole guin\u00e9enne plus juste, plus inclusive et plus respectueuse des droits de ses enseignants \u00bb, a-t-elle exprim\u00e9.<\/p>\n<p>&nbsp;<\/p>\n<div>A M C pour Ledenonciateur224.com<\/div>\n<div>611 70 39 84<\/div>\n","protected":false},"excerpt":{"rendered":"<p>Le Syndicat national des enseignants de Guin\u00e9e (SNEG) a tenu, ce mercredi 30 avril 2025 \u00e0 Conakry, son congr\u00e8s \u00e9lectif. Cette nouvelle organisation entend rassembler l\u2019ensemble des enseignants guin\u00e9ens autour d\u2019un id\u00e9al et d\u2019objectifs communs. Plusieurs repr\u00e9sentants d&rsquo;autres structures syndicales de l&rsquo;\u00e9ducation ont pris part \u00e0 cet \u00e9v\u00e9nement marquant. Conform\u00e9ment \u00e0 ses statuts et \u00e0 [&hellip;]<\/p>\n","protected":false},"author":2,"featured_media":2719,"comment_status":"open","ping_status":"open","sticky":false,"template":"","format":"standard","meta":{"_jetpack_memberships_contains_paid_content":false,"footnotes":"","jetpack_publicize_message":"","jetpack_publicize_feature_enabled":true,"jetpack_social_post_already_shared":true,"jetpack_social_options":{"image_generator_settings":{"template":"highway","default_image_id":0,"font":"","enabled":false},"version":2}},"categories":[30,24],"tags":[604,719,718],"class_list":{"0":"post-2715","1":"post","2":"type-post","3":"status-publish","4":"format-standard","5":"has-post-thumbnail","7":"category-faits-divers","8":"category-news","9":"tag-actualite-de-guinee","10":"tag-syndicat-national","11":"tag-systeme-educatif"},"jetpack_publicize_connections":[],"jetpack_featured_media_url":"https:\/\/ledenonciateur224.com\/wp-content\/uploads\/2025\/05\/20250430-175612-1-scaled.jpg","jetpack_sharing_enabled":true,"_links":{"self":[{"href":"https:\/\/ledenonciateur224.com\/index.php\/wp-json\/wp\/v2\/posts\/2715","targetHints":{"allow":["GET"]}}],"collection":[{"href":"https:\/\/ledenonciateur224.com\/index.php\/wp-json\/wp\/v2\/posts"}],"about":[{"href":"https:\/\/ledenonciateur224.com\/index.php\/wp-json\/wp\/v2\/types\/post"}],"author":[{"embeddable":true,"href":"https:\/\/ledenonciateur224.com\/index.php\/wp-json\/wp\/v2\/users\/2"}],"replies":[{"embeddable":true,"href":"https:\/\/ledenonciateur224.com\/index.php\/wp-json\/wp\/v2\/comments?post=2715"}],"version-history":[{"count":0,"href":"https:\/\/ledenonciateur224.com\/index.php\/wp-json\/wp\/v2\/posts\/2715\/revisions"}],"wp:featuredmedia":[{"embeddable":true,"href":"https:\/\/ledenonciateur224.com\/index.php\/wp-json\/wp\/v2\/media\/2719"}],"wp:attachment":[{"href":"https:\/\/ledenonciateur224.com\/index.php\/wp-json\/wp\/v2\/media?parent=2715"}],"wp:term":[{"taxonomy":"category","embeddable":true,"href":"https:\/\/ledenonciateur224.com\/index.php\/wp-json\/wp\/v2\/categories?post=2715"},{"taxonomy":"post_tag","embeddable":true,"href":"https:\/\/ledenonciateur224.com\/index.php\/wp-json\/wp\/v2\/tags?post=2715"}],"curies":[{"name":"wp","href":"https:\/\/api.w.org\/{rel}","templated":true}]}}