{"id":2721,"date":"2025-05-01T07:18:38","date_gmt":"2025-05-01T07:18:38","guid":{"rendered":"https:\/\/ledenonciateur224.com\/?p=2721"},"modified":"2025-05-01T07:18:38","modified_gmt":"2025-05-01T07:18:38","slug":"lufr-de-sidya-toure-annonce-la-tenue-du-congres-du-parti","status":"publish","type":"post","link":"https:\/\/ledenonciateur224.com\/index.php\/lufr-de-sidya-toure-annonce-la-tenue-du-congres-du-parti\/","title":{"rendered":"L\u2019UFR de Sidya Tour\u00e9 annonce la tenue du congr\u00e8s du parti"},"content":{"rendered":"<p>Dans un communiqu\u00e9 rendu public ce mercredi 30 avril, l\u2019Union des Forces R\u00e9publicaines ( UFR) annonce la tenue de son congr\u00e8s le 30 Mai prochain \u00e0 son si\u00e8ge \u00e0 Matam.<\/p>\n<p><img loading=\"lazy\" decoding=\"async\" class=\"alignnone size-full wp-image-2722\" src=\"https:\/\/ledenonciateur224.com\/wp-content\/uploads\/2025\/05\/20250430-170232-750x928-1.jpg\" alt=\"\" width=\"750\" height=\"928\" srcset=\"https:\/\/ledenonciateur224.com\/wp-content\/uploads\/2025\/05\/20250430-170232-750x928-1.jpg 750w, https:\/\/ledenonciateur224.com\/wp-content\/uploads\/2025\/05\/20250430-170232-750x928-1-242x300.jpg 242w, https:\/\/ledenonciateur224.com\/wp-content\/uploads\/2025\/05\/20250430-170232-750x928-1-150x186.jpg 150w, https:\/\/ledenonciateur224.com\/wp-content\/uploads\/2025\/05\/20250430-170232-750x928-1-300x371.jpg 300w, https:\/\/ledenonciateur224.com\/wp-content\/uploads\/2025\/05\/20250430-170232-750x928-1-324x400.jpg 324w, https:\/\/ledenonciateur224.com\/wp-content\/uploads\/2025\/05\/20250430-170232-750x928-1-696x861.jpg 696w, https:\/\/ledenonciateur224.com\/wp-content\/uploads\/2025\/05\/20250430-170232-750x928-1-339x420.jpg 339w\" sizes=\"auto, (max-width: 750px) 100vw, 750px\" \/><\/p>\n","protected":false},"excerpt":{"rendered":"<p>Dans un communiqu\u00e9 rendu public ce mercredi 30 avril, l\u2019Union des Forces R\u00e9publicaines ( UFR) annonce la tenue de son congr\u00e8s le 30 Mai prochain \u00e0 son si\u00e8ge \u00e0 Matam.<\/p>\n","protected":false},"author":2,"featured_media":2723,"comment_status":"open","ping_status":"open","sticky":false,"template":"","format":"standard","meta":{"_jetpack_memberships_contains_paid_content":false,"footnotes":"","jetpack_publicize_message":"","jetpack_publicize_feature_enabled":true,"jetpack_social_post_already_shared":true,"jetpack_social_options":{"image_generator_settings":{"template":"highway","default_image_id":0,"font":"","enabled":false},"version":2}},"categories":[24,27],"tags":[516,121],"class_list":{"0":"post-2721","1":"post","2":"type-post","3":"status-publish","4":"format-standard","5":"has-post-thumbnail","7":"category-news","8":"category-politique","9":"tag-congres-lufr","10":"tag-ufr-de-sidya-toure"},"jetpack_publicize_connections":[],"jetpack_featured_media_url":"https:\/\/ledenonciateur224.com\/wp-content\/uploads\/2025\/05\/fb-img-1660130845444.jpg","jetpack_sharing_enabled":true,"_links":{"self":[{"href":"https:\/\/ledenonciateur224.com\/index.php\/wp-json\/wp\/v2\/posts\/2721","targetHints":{"allow":["GET"]}}],"collection":[{"href":"https:\/\/ledenonciateur224.com\/index.php\/wp-json\/wp\/v2\/posts"}],"about":[{"href":"https:\/\/ledenonciateur224.com\/index.php\/wp-json\/wp\/v2\/types\/post"}],"author":[{"embeddable":true,"href":"https:\/\/ledenonciateur224.com\/index.php\/wp-json\/wp\/v2\/users\/2"}],"replies":[{"embeddable":true,"href":"https:\/\/ledenonciateur224.com\/index.php\/wp-json\/wp\/v2\/comments?post=2721"}],"version-history":[{"count":0,"href":"https:\/\/ledenonciateur224.com\/index.php\/wp-json\/wp\/v2\/posts\/2721\/revisions"}],"wp:featuredmedia":[{"embeddable":true,"href":"https:\/\/ledenonciateur224.com\/index.php\/wp-json\/wp\/v2\/media\/2723"}],"wp:attachment":[{"href":"https:\/\/ledenonciateur224.com\/index.php\/wp-json\/wp\/v2\/media?parent=2721"}],"wp:term":[{"taxonomy":"category","embeddable":true,"href":"https:\/\/ledenonciateur224.com\/index.php\/wp-json\/wp\/v2\/categories?post=2721"},{"taxonomy":"post_tag","embeddable":true,"href":"https:\/\/ledenonciateur224.com\/index.php\/wp-json\/wp\/v2\/tags?post=2721"}],"curies":[{"name":"wp","href":"https:\/\/api.w.org\/{rel}","templated":true}]}}