{"id":2728,"date":"2025-05-01T20:32:54","date_gmt":"2025-05-01T20:32:54","guid":{"rendered":"https:\/\/ledenonciateur224.com\/?p=2728"},"modified":"2025-05-01T20:32:54","modified_gmt":"2025-05-01T20:32:54","slug":"1er-mai-en-guinee-les-medias-oublies-du-cahier-de-doleances-syndical","status":"publish","type":"post","link":"https:\/\/ledenonciateur224.com\/index.php\/1er-mai-en-guinee-les-medias-oublies-du-cahier-de-doleances-syndical\/","title":{"rendered":"1er mai en Guin\u00e9e : les m\u00e9dias oubli\u00e9s du cahier de dol\u00e9ances syndical"},"content":{"rendered":"<p>\u00c0 l\u2019occasion de la f\u00eate internationale du travail, c\u00e9l\u00e9br\u00e9e ce 1er mai, le Premier ministre guin\u00e9en Amadou Oury Bah et le ministre de la Fonction publique et du Travail, Fran\u00e7ois Faya Bourouno, ont marqu\u00e9 leur pr\u00e9sence aux c\u00f4t\u00e9s des travailleurs r\u00e9unis pour l&rsquo;\u00e9v\u00e9nement. Dans un contexte socio-\u00e9conomique tendu, cette journ\u00e9e a offert au mouvement syndical, repr\u00e9sent\u00e9 par Abdoulaye Camara, secr\u00e9taire g\u00e9n\u00e9ral de l\u2019USTG, l\u2019opportunit\u00e9 de faire entendre les revendications des travailleurs \u00e0 travers un cahier de dol\u00e9ances adress\u00e9 aux autorit\u00e9s. Cependant, une absence notable a suscit\u00e9 l&rsquo;interrogation : celle des pr\u00e9occupations sp\u00e9cifiques des professionnels des m\u00e9dias, dont les conditions de travail demeurent pourtant pr\u00e9caires. Faut-il y voir un manquement de la part du syndicat de la presse ou une marginalisation volontaire par les grandes centrales syndicales ?<\/p>\n<p><img loading=\"lazy\" decoding=\"async\" class=\"alignnone size-full wp-image-2729\" src=\"https:\/\/ledenonciateur224.com\/wp-content\/uploads\/2025\/05\/whatsapp-image-2025-05-01-a-083914-26aacbe6.jpg\" alt=\"\" width=\"1280\" height=\"853\" srcset=\"https:\/\/ledenonciateur224.com\/wp-content\/uploads\/2025\/05\/whatsapp-image-2025-05-01-a-083914-26aacbe6.jpg 1280w, https:\/\/ledenonciateur224.com\/wp-content\/uploads\/2025\/05\/whatsapp-image-2025-05-01-a-083914-26aacbe6-300x200.jpg 300w, https:\/\/ledenonciateur224.com\/wp-content\/uploads\/2025\/05\/whatsapp-image-2025-05-01-a-083914-26aacbe6-1024x682.jpg 1024w, https:\/\/ledenonciateur224.com\/wp-content\/uploads\/2025\/05\/whatsapp-image-2025-05-01-a-083914-26aacbe6-768x512.jpg 768w, https:\/\/ledenonciateur224.com\/wp-content\/uploads\/2025\/05\/whatsapp-image-2025-05-01-a-083914-26aacbe6-150x100.jpg 150w, https:\/\/ledenonciateur224.com\/wp-content\/uploads\/2025\/05\/whatsapp-image-2025-05-01-a-083914-26aacbe6-696x464.jpg 696w, https:\/\/ledenonciateur224.com\/wp-content\/uploads\/2025\/05\/whatsapp-image-2025-05-01-a-083914-26aacbe6-1068x712.jpg 1068w, https:\/\/ledenonciateur224.com\/wp-content\/uploads\/2025\/05\/whatsapp-image-2025-05-01-a-083914-26aacbe6-630x420.jpg 630w\" sizes=\"auto, (max-width: 1280px) 100vw, 1280px\" \/><\/p>\n<p>Voici les diff\u00e9rents points de revendications<\/p>\n<p>Manifeste du 1er mai 2025, du mouvement syndical guin\u00e9en<\/p>\n<p>Le mouvement syndical de Guin\u00e9e, compos\u00e9 de 13 centrales syndicales, a l\u2019honneur de pr\u00e9senter au gouvernement et au patronat Guin\u00e9e son cahier de charges 2025, qui s\u2019articule autour des points suivants :<\/p>\n<p>1- Du pouvoir d\u2019achat des travailleurs<\/p>\n<p>L\u2019application int\u00e9grale du contenu du protocole d\u2019accord du 15 novembre 2023 dont entre autres :<\/p>\n<p>-Le d\u00e9blocage et le paiement des salaires des enseignants et fonctionnaires locaux r\u00e9cemment int\u00e9gr\u00e9s;<\/p>\n<p>-L\u2019engagement \u00e0 la fonction publique des contractuels non retenus au concours et ceux des communes de Conakry;<\/p>\n<p>-Le paiement des arri\u00e9r\u00e9s de 9 mois de salaire de certains enseignants contractuels;<\/p>\n<p>-Le changement de statut des contractuels temporaires des diff\u00e9rents d\u00e9partements minist\u00e9riels;<\/p>\n<p>-L\u2019engagement \u00e0 la fonction publique des homologues des universit\u00e9s Gamal Abdel Nasser et G\u00e9n\u00e9ral Lansana-Cont\u00e9 de Sonfonia;<\/p>\n<p>-La poursuite et l\u2019acc\u00e9l\u00e9ration de la r\u00e9vision des conventions collectives de branches obsol\u00e8tes et l\u2019\u00e9laboration de nouvelles pour celles qui n\u2019en disposent pas;<\/p>\n<p>-La majoration des indemnit\u00e9s des transports et de logements \u00e0 hauteur de 600 000 francs guin\u00e9ens chacune;<\/p>\n<p>L\u2019\u00e9laboration d\u2019une grille de salaire des fonctionnaires et agents de l\u2019\u00c9tat;<\/p>\n<p>-La r\u00e9vision et l\u2019application du statut particulier de l\u2019enseignement pr\u00e9-universitaire, de l\u2019alphab\u00e9tisation et de l\u2019enseignement technique et la formation professionnelle.<\/p>\n<p>&nbsp;<\/p>\n<p>2 -Des transports<\/p>\n<p>Conform\u00e9ment au protocole d\u2019accord entre le minist\u00e8re des tutelles et la F\u00e9d\u00e9ration professionnelle des transports et m\u00e9caniques g\u00e9n\u00e9rales, le mouvement syndical guin\u00e9en exige :<\/p>\n<ol>\n<li>La r\u00e9vision \u00e0 la baisse du co\u00fbt de la carte grise des engins roulants de toutes cat\u00e9gories et de permis de conduire.<\/li>\n<li>L\u2019arr\u00eat des mesures disproportionn\u00e9es relatives \u00e0 l\u2019application des contraventions \u00e0 l\u2019endroit des conducteurs.<\/li>\n<li>La formalisation de l\u2019activit\u00e9 de mototaxi pour fonctionner correctement et le ch\u00f4mage end\u00e9mique des jeunes diplom\u00e9s sans emploi.<\/li>\n<li>Faciliter leur mobilit\u00e9 \u00e0 Kaloum en l\u00e9vant l\u2019interdiction actuelle de circuler.<\/li>\n<li>R\u00e9duire les tensions entre les agents de police et les conducteurs.<\/li>\n<li><\/li>\n<\/ol>\n<p>3 -De la protection sociale des travailleurs et des retrait\u00e9s.<\/p>\n<ol>\n<li>Le d\u00e9plafonnement de l\u2019assiette de cotisation \u00e0 la Caisse nationale de s\u00e9curit\u00e9 sociale pour permettre l\u2019am\u00e9lioration des pensions de retraite aujourd\u2019hui d\u00e9risoire.<\/li>\n<li>L\u2019application \u00e0 la Caisse nationale de s\u00e9curit\u00e9 sociale de la prise en charge m\u00e9dicale de 80% d\u00e9j\u00e0 op\u00e9rationnelle \u00e0 la Caisse nationale de pr\u00e9voyance sociale CNPS.<\/li>\n<li>La valorisation de la pension de retraite des anciens travailleurs r\u00e9gie par la Caisse nationale de s\u00e9curit\u00e9 sociale \u00e0 hauteur de 80% du dernier salaire pour une question de justice sociale.<\/li>\n<li>Le paiement \u00e0 tous les pensionn\u00e9s de la Caisse nationale de s\u00e9curit\u00e9 sociale de l\u2019augmentation des 35% acquis par leurs confr\u00e8res de la Caisse nationale de pr\u00e9voyance sociale.<\/li>\n<li>L\u2019indemnisation et leur prise en charge des anciens travailleurs de l\u2019Agence nationale d\u2019assainissement ANS et de la salubrit\u00e9 publique, ex SPDT par la Caisse nationale de s\u00e9curit\u00e9 sociale.<\/li>\n<li>L\u2019allongement de la prime de d\u00e9part \u00e0 la retraite \u00e0 6 mois.<\/li>\n<li>Le paiement de la prime de licenciement pour les d\u00e9flatter et les int\u00e9grer \u00e0 la Caisse nationale de s\u00e9curit\u00e9 sociale pour b\u00e9n\u00e9ficier de la pension de retraite.<\/li>\n<li>La signature des textes d\u2019application de la loi sur la mutualit\u00e9 sociale.<\/li>\n<li>La prise en charge des acteurs de l\u2019\u00e9conomie informelle \u00e0 la Caisse nationale de s\u00e9curit\u00e9 sociale conform\u00e9ment aux recommandations de l\u2019\u00e9tude actuelle.<\/li>\n<\/ol>\n<div dir=\"auto\"><span style=\"color: #222222;font-family: roboto\">\u00a0<\/span><\/div>\n<div dir=\"auto\">\n<p>4-Du secteur de la s\u00e9curit\u00e9 et la protection des citoyens et leurs biens<\/p>\n<p>&nbsp;<\/p>\n<ol>\n<li>L\u2019arr\u00eat des tracasseries routi\u00e8res sous les axes urbains et interurbains.<\/li>\n<li>Le renforcement des mesures de s\u00e9curit\u00e9 des citoyens et leurs biens sur toute l\u2019\u00e9tendue du territoire national.<\/li>\n<li>La formalisation de l\u2019exercice de transport par moto.<\/li>\n<\/ol>\n<p>&nbsp;<\/p>\n<p>5 -Dialogue social.<\/p>\n<p>&nbsp;<\/p>\n<ol>\n<li>La poursuite des concertations de fa\u00e7on inclusive entre tous les acteurs de la vie politique, \u00e9conomique et sociale en vue de pr\u00e9server la justice et la paix dans notre pays.<\/li>\n<li>La ratification par la R\u00e9publique de Guin\u00e9e de la Convention C-190 de l\u2019Organisation internationale du travail sur la violence et le harc\u00e8lement dans le monde du travail.<\/li>\n<li>La r\u00e9vision de la loi L-027 portant statut g\u00e9n\u00e9ral des agents de l\u2019\u00c9tat en son article 39 contraire aux dispositions de la Convention 87 de l\u2019OIT.<\/li>\n<li>La mise en place des structures d\u00e9centralis\u00e9es du Conseil national du dialogue social CNDS.<\/li>\n<li>Redynamiser la commission consultative du travail et des lois sociales conform\u00e9ment \u00e0 son arr\u00eat\u00e9 de cr\u00e9ation.<\/li>\n<li>L\u2019organisation imp\u00e9rative des \u00e9lections sociales d\u2019ici \u00e0 la fin de l\u2019ann\u00e9e 2025.<\/li>\n<li>La satisfaction int\u00e9grante et diligente de ce cahier des charges est un gage de la paix sociale.<\/li>\n<\/ol>\n<p>Vive le mouvement syndical !<\/p>\n<\/div>\n<p>&nbsp;<\/p>\n<p>Aboubacar Moussa Camara<\/p>\n","protected":false},"excerpt":{"rendered":"<p>\u00c0 l\u2019occasion de la f\u00eate internationale du travail, c\u00e9l\u00e9br\u00e9e ce 1er mai, le Premier ministre guin\u00e9en Amadou Oury Bah et le ministre de la Fonction publique et du Travail, Fran\u00e7ois Faya Bourouno, ont marqu\u00e9 leur pr\u00e9sence aux c\u00f4t\u00e9s des travailleurs r\u00e9unis pour l&rsquo;\u00e9v\u00e9nement. Dans un contexte socio-\u00e9conomique tendu, cette journ\u00e9e a offert au mouvement syndical, [&hellip;]<\/p>\n","protected":false},"author":2,"featured_media":2730,"comment_status":"open","ping_status":"open","sticky":false,"template":"","format":"standard","meta":{"_jetpack_memberships_contains_paid_content":false,"footnotes":"","jetpack_publicize_message":"","jetpack_publicize_feature_enabled":true,"jetpack_social_post_already_shared":true,"jetpack_social_options":{"image_generator_settings":{"template":"highway","default_image_id":0,"font":"","enabled":false},"version":2}},"categories":[30,24],"tags":[724,723,722,532],"class_list":{"0":"post-2728","1":"post","2":"type-post","3":"status-publish","4":"format-standard","5":"has-post-thumbnail","7":"category-faits-divers","8":"category-news","9":"tag-journees","10":"tag-medias","11":"tag-syndicat","12":"tag-travail"},"jetpack_publicize_connections":[],"jetpack_featured_media_url":"https:\/\/ledenonciateur224.com\/wp-content\/uploads\/2025\/05\/img-20250501-wa0018.webp","jetpack_sharing_enabled":true,"_links":{"self":[{"href":"https:\/\/ledenonciateur224.com\/index.php\/wp-json\/wp\/v2\/posts\/2728","targetHints":{"allow":["GET"]}}],"collection":[{"href":"https:\/\/ledenonciateur224.com\/index.php\/wp-json\/wp\/v2\/posts"}],"about":[{"href":"https:\/\/ledenonciateur224.com\/index.php\/wp-json\/wp\/v2\/types\/post"}],"author":[{"embeddable":true,"href":"https:\/\/ledenonciateur224.com\/index.php\/wp-json\/wp\/v2\/users\/2"}],"replies":[{"embeddable":true,"href":"https:\/\/ledenonciateur224.com\/index.php\/wp-json\/wp\/v2\/comments?post=2728"}],"version-history":[{"count":0,"href":"https:\/\/ledenonciateur224.com\/index.php\/wp-json\/wp\/v2\/posts\/2728\/revisions"}],"wp:featuredmedia":[{"embeddable":true,"href":"https:\/\/ledenonciateur224.com\/index.php\/wp-json\/wp\/v2\/media\/2730"}],"wp:attachment":[{"href":"https:\/\/ledenonciateur224.com\/index.php\/wp-json\/wp\/v2\/media?parent=2728"}],"wp:term":[{"taxonomy":"category","embeddable":true,"href":"https:\/\/ledenonciateur224.com\/index.php\/wp-json\/wp\/v2\/categories?post=2728"},{"taxonomy":"post_tag","embeddable":true,"href":"https:\/\/ledenonciateur224.com\/index.php\/wp-json\/wp\/v2\/tags?post=2728"}],"curies":[{"name":"wp","href":"https:\/\/api.w.org\/{rel}","templated":true}]}}