{"id":2777,"date":"2025-05-03T21:39:20","date_gmt":"2025-05-03T21:39:20","guid":{"rendered":"https:\/\/ledenonciateur224.com\/?p=2777"},"modified":"2025-05-03T21:39:20","modified_gmt":"2025-05-03T21:39:20","slug":"recensement-biometrique-lanc-lance-une-vaste-campagne-de-sensibilisation-a-kaloum-avec-121-agents-deployes","status":"publish","type":"post","link":"https:\/\/ledenonciateur224.com\/index.php\/recensement-biometrique-lanc-lance-une-vaste-campagne-de-sensibilisation-a-kaloum-avec-121-agents-deployes\/","title":{"rendered":"Recensement biom\u00e9trique : l\u2019ANC lance une vaste campagne de sensibilisation \u00e0 Kaloum avec 121 agents d\u00e9ploy\u00e9s"},"content":{"rendered":"<p>Apr\u00e8s une journ\u00e9e de formation destin\u00e9e aux agents et superviseurs, l\u2019Alliance pour une Nouvelle Constitution (ANC) a officiellement lanc\u00e9, ce samedi 3 mai 2025, une campagne de sensibilisation citoyenne dans le cadre du recensement biom\u00e9trique. Pour cette phase pilote, la commune de Kaloum a \u00e9t\u00e9 retenue, avec le d\u00e9ploiement de 121 agents sur le terrain.<\/p>\n<p><img loading=\"lazy\" decoding=\"async\" class=\"alignnone size-full wp-image-2778\" src=\"https:\/\/ledenonciateur224.com\/wp-content\/uploads\/2025\/05\/20250503-104825-scaled.jpg\" alt=\"\" width=\"2560\" height=\"1440\" srcset=\"https:\/\/ledenonciateur224.com\/wp-content\/uploads\/2025\/05\/20250503-104825-scaled.jpg 2560w, https:\/\/ledenonciateur224.com\/wp-content\/uploads\/2025\/05\/20250503-104825-300x169.jpg 300w, https:\/\/ledenonciateur224.com\/wp-content\/uploads\/2025\/05\/20250503-104825-1024x576.jpg 1024w, https:\/\/ledenonciateur224.com\/wp-content\/uploads\/2025\/05\/20250503-104825-768x432.jpg 768w, https:\/\/ledenonciateur224.com\/wp-content\/uploads\/2025\/05\/20250503-104825-1536x864.jpg 1536w, https:\/\/ledenonciateur224.com\/wp-content\/uploads\/2025\/05\/20250503-104825-2048x1152.jpg 2048w, https:\/\/ledenonciateur224.com\/wp-content\/uploads\/2025\/05\/20250503-104825-150x84.jpg 150w, https:\/\/ledenonciateur224.com\/wp-content\/uploads\/2025\/05\/20250503-104825-696x392.jpg 696w, https:\/\/ledenonciateur224.com\/wp-content\/uploads\/2025\/05\/20250503-104825-1068x601.jpg 1068w, https:\/\/ledenonciateur224.com\/wp-content\/uploads\/2025\/05\/20250503-104825-1920x1080.jpg 1920w, https:\/\/ledenonciateur224.com\/wp-content\/uploads\/2025\/05\/20250503-104825-747x420.jpg 747w\" sizes=\"auto, (max-width: 2560px) 100vw, 2560px\" \/><\/p>\n<p>Cette initiative vise \u00e0 soutenir le processus de recensement national en Guin\u00e9e, en encourageant la participation active des citoyens. Selon Aboubacar Mara, coordinateur du projet \u00e0 Kaloum, cette campagne se veut avant tout un acte citoyen.<\/p>\n<p><em>\u00ab Nous sommes ici ce matin pour le lancement de notre campagne de sensibilisation afin de faire comprendre l\u2019importance du recensement. Nos agents vont parcourir les diff\u00e9rents m\u00e9nages pour concr\u00e9tiser ce que souhaitent l\u2019opinion nationale et internationale : un retour \u00e0 l\u2019ordre constitutionnel. La campagne s\u2019\u00e9tendra sur deux jours \u00e0 Kaloum. Les agents, bien form\u00e9s et motiv\u00e9s, sont aussi \u00e9quip\u00e9s pour digitaliser nos activit\u00e9s. C\u2019est un appel citoyen que nous lan\u00e7ons pour inciter chacun \u00e0 s\u2019enr\u00f4ler \u00bb,<\/em>\u00a0a-t-il d\u00e9clar\u00e9.<\/p>\n<p>Pour sa part, Mamady Kaba, coordinateur g\u00e9n\u00e9ral adjoint charg\u00e9 de la formation et de l\u2019organisation, a soulign\u00e9 que cette campagne n\u2019est qu\u2019un d\u00e9but.<\/p>\n<p><img loading=\"lazy\" decoding=\"async\" class=\"alignnone size-full wp-image-2779\" src=\"https:\/\/ledenonciateur224.com\/wp-content\/uploads\/2025\/05\/20250503-104818-scaled.jpg\" alt=\"\" width=\"2560\" height=\"1440\" srcset=\"https:\/\/ledenonciateur224.com\/wp-content\/uploads\/2025\/05\/20250503-104818-scaled.jpg 2560w, https:\/\/ledenonciateur224.com\/wp-content\/uploads\/2025\/05\/20250503-104818-300x169.jpg 300w, https:\/\/ledenonciateur224.com\/wp-content\/uploads\/2025\/05\/20250503-104818-1024x576.jpg 1024w, https:\/\/ledenonciateur224.com\/wp-content\/uploads\/2025\/05\/20250503-104818-768x432.jpg 768w, https:\/\/ledenonciateur224.com\/wp-content\/uploads\/2025\/05\/20250503-104818-1536x864.jpg 1536w, https:\/\/ledenonciateur224.com\/wp-content\/uploads\/2025\/05\/20250503-104818-2048x1152.jpg 2048w, https:\/\/ledenonciateur224.com\/wp-content\/uploads\/2025\/05\/20250503-104818-150x84.jpg 150w, https:\/\/ledenonciateur224.com\/wp-content\/uploads\/2025\/05\/20250503-104818-696x392.jpg 696w, https:\/\/ledenonciateur224.com\/wp-content\/uploads\/2025\/05\/20250503-104818-1068x601.jpg 1068w, https:\/\/ledenonciateur224.com\/wp-content\/uploads\/2025\/05\/20250503-104818-1920x1080.jpg 1920w, https:\/\/ledenonciateur224.com\/wp-content\/uploads\/2025\/05\/20250503-104818-747x420.jpg 747w\" sizes=\"auto, (max-width: 2560px) 100vw, 2560px\" \/><\/p>\n<p><em>\u00ab Les consignes ont \u00e9t\u00e9 clairement partag\u00e9es. Hier, nous avons form\u00e9 les agents en leur rappelant leur r\u00f4le principal : sensibiliser les citoyens, car pour voter, il faut \u00eatre recens\u00e9. Cette op\u00e9ration s\u2019\u00e9tendra progressivement \u00e0 toutes les r\u00e9gions du pays. Kaloum n\u2019est que le point de d\u00e9part de cette phase pilote \u00bb,<\/em>\u00a0a-t-il affirm\u00e9.<\/p>\n<p>Aboubacar M Camara<\/p>\n<p>611 70 39 84<\/p>\n","protected":false},"excerpt":{"rendered":"<p>Apr\u00e8s une journ\u00e9e de formation destin\u00e9e aux agents et superviseurs, l\u2019Alliance pour une Nouvelle Constitution (ANC) a officiellement lanc\u00e9, ce samedi 3 mai 2025, une campagne de sensibilisation citoyenne dans le cadre du recensement biom\u00e9trique. Pour cette phase pilote, la commune de Kaloum a \u00e9t\u00e9 retenue, avec le d\u00e9ploiement de 121 agents sur le terrain. [&hellip;]<\/p>\n","protected":false},"author":2,"featured_media":2778,"comment_status":"open","ping_status":"open","sticky":false,"template":"","format":"standard","meta":{"_jetpack_memberships_contains_paid_content":false,"footnotes":"","jetpack_publicize_message":"","jetpack_publicize_feature_enabled":true,"jetpack_social_post_already_shared":true,"jetpack_social_options":{"image_generator_settings":{"template":"highway","default_image_id":0,"font":"","enabled":false},"version":2}},"categories":[30,24],"tags":[736,587],"class_list":{"0":"post-2777","1":"post","2":"type-post","3":"status-publish","4":"format-standard","5":"has-post-thumbnail","7":"category-faits-divers","8":"category-news","9":"tag-alliance-nationale","10":"tag-recensement-biometrique"},"jetpack_publicize_connections":[],"jetpack_featured_media_url":"https:\/\/ledenonciateur224.com\/wp-content\/uploads\/2025\/05\/20250503-104825-scaled.jpg","jetpack_sharing_enabled":true,"_links":{"self":[{"href":"https:\/\/ledenonciateur224.com\/index.php\/wp-json\/wp\/v2\/posts\/2777","targetHints":{"allow":["GET"]}}],"collection":[{"href":"https:\/\/ledenonciateur224.com\/index.php\/wp-json\/wp\/v2\/posts"}],"about":[{"href":"https:\/\/ledenonciateur224.com\/index.php\/wp-json\/wp\/v2\/types\/post"}],"author":[{"embeddable":true,"href":"https:\/\/ledenonciateur224.com\/index.php\/wp-json\/wp\/v2\/users\/2"}],"replies":[{"embeddable":true,"href":"https:\/\/ledenonciateur224.com\/index.php\/wp-json\/wp\/v2\/comments?post=2777"}],"version-history":[{"count":0,"href":"https:\/\/ledenonciateur224.com\/index.php\/wp-json\/wp\/v2\/posts\/2777\/revisions"}],"wp:featuredmedia":[{"embeddable":true,"href":"https:\/\/ledenonciateur224.com\/index.php\/wp-json\/wp\/v2\/media\/2778"}],"wp:attachment":[{"href":"https:\/\/ledenonciateur224.com\/index.php\/wp-json\/wp\/v2\/media?parent=2777"}],"wp:term":[{"taxonomy":"category","embeddable":true,"href":"https:\/\/ledenonciateur224.com\/index.php\/wp-json\/wp\/v2\/categories?post=2777"},{"taxonomy":"post_tag","embeddable":true,"href":"https:\/\/ledenonciateur224.com\/index.php\/wp-json\/wp\/v2\/tags?post=2777"}],"curies":[{"name":"wp","href":"https:\/\/api.w.org\/{rel}","templated":true}]}}