{"id":2781,"date":"2025-05-04T11:39:09","date_gmt":"2025-05-04T11:39:09","guid":{"rendered":"https:\/\/ledenonciateur224.com\/?p=2781"},"modified":"2025-05-04T11:39:09","modified_gmt":"2025-05-04T11:39:09","slug":"renforcement-des-liens-bilateraux-le-general-mamadi-doumbouya-assiste-a-linvestiture-du-president-elu-du-gabon-brice-clotaire-oligui-nguema","status":"publish","type":"post","link":"https:\/\/ledenonciateur224.com\/index.php\/renforcement-des-liens-bilateraux-le-general-mamadi-doumbouya-assiste-a-linvestiture-du-president-elu-du-gabon-brice-clotaire-oligui-nguema\/","title":{"rendered":"Renforcement des liens bilat\u00e9raux : Le G\u00e9n\u00e9ral Mamadi Doumbouya assiste \u00e0 l\u2019investiture du Pr\u00e9sident \u00e9lu du Gabon, Brice Clotaire Oligui Nguema"},"content":{"rendered":"<div dir=\"auto\">\n<p>Le Pr\u00e9sident de la R\u00e9publique, Son Excellence le G\u00e9n\u00e9ral Mamadi DOUMBOUYA , accompagn\u00e9 de la Premi\u00e8re dame, Madame Lauriane DOUMBOUYA, est arriv\u00e9 ce samedi, 3 mai 2025 \u00e0 10h23, heure locale (9h23 GMT), \u00e0 Libreville, capitale de la R\u00e9publique gabonaise. Il a effectu\u00e9 ce d\u00e9placement dans le cadre de la c\u00e9r\u00e9monie d\u2019investiture du nouveau pr\u00e9sident \u00e9lu du Gabon, Son Excellence Brice Clotaire Oligui NGUEMA.<\/p>\n<\/div>\n<div dir=\"auto\"><span style=\"color: #222222;font-family: roboto\"><b><img loading=\"lazy\" decoding=\"async\" class=\"alignnone size-full wp-image-2782\" src=\"https:\/\/ledenonciateur224.com\/wp-content\/uploads\/2025\/05\/fb-img-1746357164767.jpg\" alt=\"\" width=\"1080\" height=\"719\" srcset=\"https:\/\/ledenonciateur224.com\/wp-content\/uploads\/2025\/05\/fb-img-1746357164767.jpg 1080w, https:\/\/ledenonciateur224.com\/wp-content\/uploads\/2025\/05\/fb-img-1746357164767-300x200.jpg 300w, https:\/\/ledenonciateur224.com\/wp-content\/uploads\/2025\/05\/fb-img-1746357164767-1024x682.jpg 1024w, https:\/\/ledenonciateur224.com\/wp-content\/uploads\/2025\/05\/fb-img-1746357164767-768x511.jpg 768w, https:\/\/ledenonciateur224.com\/wp-content\/uploads\/2025\/05\/fb-img-1746357164767-150x100.jpg 150w, https:\/\/ledenonciateur224.com\/wp-content\/uploads\/2025\/05\/fb-img-1746357164767-696x463.jpg 696w, https:\/\/ledenonciateur224.com\/wp-content\/uploads\/2025\/05\/fb-img-1746357164767-1068x711.jpg 1068w, https:\/\/ledenonciateur224.com\/wp-content\/uploads\/2025\/05\/fb-img-1746357164767-631x420.jpg 631w\" sizes=\"auto, (max-width: 1080px) 100vw, 1080px\" \/><\/b><\/span><\/p>\n<div dir=\"auto\">\u00c0 son arriv\u00e9e \u00e0 l\u2019a\u00e9roport international L\u00e9on-Mba, le Chef de l\u2019\u00c9tat a \u00e9t\u00e9 accueilli avec les honneurs par le Premier ministre gabonais, Raymond Ndong SIMA, au nom du Pr\u00e9sident Brice Clotaire Oligui NGUEMA.<\/div>\n<div dir=\"auto\">Le c\u00e9r\u00e9monial d\u2019accueil s\u2019est d\u00e9roul\u00e9 en pr\u00e9sence du ministre guin\u00e9en des Affaires \u00e9trang\u00e8res, de l\u2019Int\u00e9gration africaine et des Guin\u00e9ens \u00e9tablis \u00e0 l\u2019\u00e9tranger, Dr Morissanda KOUYAT\u00c9 , du conseiller \u00e0 la pr\u00e9sidence, Ousmane DOUMBOUYA ainsi que du Consul g\u00e9n\u00e9ral de Guin\u00e9e au Gabon.<\/div>\n<div dir=\"auto\"><\/div>\n<div dir=\"auto\">Au salon pr\u00e9sidentiel de l\u2019a\u00e9roport, Raymond Ndong SIMA a adress\u00e9 les salutations fraternelles du Pr\u00e9sident Brice Clotaire Oligui NGUEMA \u00e0 Son Excelence le G\u00e9n\u00e9ral Mamadi DOUMBOUYA, saluant la pr\u00e9sence du dirigeant guin\u00e9en \u00e0 cet \u00e9v\u00e9nement important pour le peuple gabonais.<\/div>\n<div dir=\"auto\">La communaut\u00e9 guin\u00e9enne r\u00e9sidant \u00e0 Libreville, fortement mobilis\u00e9e, a r\u00e9serv\u00e9 un accueil enthousiaste et chaleureux au couple Pr\u00e9sidentiel.<\/div>\n<div dir=\"auto\"><img loading=\"lazy\" decoding=\"async\" class=\"alignnone size-full wp-image-2783\" src=\"https:\/\/ledenonciateur224.com\/wp-content\/uploads\/2025\/05\/fb-img-1746357207210.jpg\" alt=\"\" width=\"1080\" height=\"719\" srcset=\"https:\/\/ledenonciateur224.com\/wp-content\/uploads\/2025\/05\/fb-img-1746357207210.jpg 1080w, https:\/\/ledenonciateur224.com\/wp-content\/uploads\/2025\/05\/fb-img-1746357207210-300x200.jpg 300w, https:\/\/ledenonciateur224.com\/wp-content\/uploads\/2025\/05\/fb-img-1746357207210-1024x682.jpg 1024w, https:\/\/ledenonciateur224.com\/wp-content\/uploads\/2025\/05\/fb-img-1746357207210-768x511.jpg 768w, https:\/\/ledenonciateur224.com\/wp-content\/uploads\/2025\/05\/fb-img-1746357207210-150x100.jpg 150w, https:\/\/ledenonciateur224.com\/wp-content\/uploads\/2025\/05\/fb-img-1746357207210-696x463.jpg 696w, https:\/\/ledenonciateur224.com\/wp-content\/uploads\/2025\/05\/fb-img-1746357207210-1068x711.jpg 1068w, https:\/\/ledenonciateur224.com\/wp-content\/uploads\/2025\/05\/fb-img-1746357207210-631x420.jpg 631w\" sizes=\"auto, (max-width: 1080px) 100vw, 1080px\" \/><\/div>\n<div dir=\"auto\"><\/div>\n<div dir=\"auto\">Les compatriotes ont r\u00e9affirm\u00e9 leur soutien au Chef de l\u2019\u00c9tat, saluant les efforts engag\u00e9s sous sa direction \u00e9clair\u00e9e, notamment le programme hautement strat\u00e9gique Simandou 2040.<\/div>\n<div dir=\"auto\"><\/div>\n<div dir=\"auto\">Apr\u00e8s cet accueil empreint de ferveur, le Pr\u00e9sident de la R\u00e9publique Son Excellence le G\u00e9n\u00e9ral Mamadi DOUMBOUYA et la Premi\u00e8re dame Lauriane DOUMBOUYA ont rejoint leur r\u00e9sidence situ\u00e9e \u00e0 proximit\u00e9 du Stade de l\u2019Amiti\u00e9 d\u2019Angondj\u00e9, o\u00f9 s\u2019est tenue la c\u00e9r\u00e9monie d\u2019investiture.<\/div>\n<div dir=\"auto\"><\/div>\n<div dir=\"auto\"><\/div>\n<div dir=\"auto\">DCI-PRG<\/div>\n<\/div>\n","protected":false},"excerpt":{"rendered":"<p>Le Pr\u00e9sident de la R\u00e9publique, Son Excellence le G\u00e9n\u00e9ral Mamadi DOUMBOUYA , accompagn\u00e9 de la Premi\u00e8re dame, Madame Lauriane DOUMBOUYA, est arriv\u00e9 ce samedi, 3 mai 2025 \u00e0 10h23, heure locale (9h23 GMT), \u00e0 Libreville, capitale de la R\u00e9publique gabonaise. Il a effectu\u00e9 ce d\u00e9placement dans le cadre de la c\u00e9r\u00e9monie d\u2019investiture du nouveau pr\u00e9sident [&hellip;]<\/p>\n","protected":false},"author":2,"featured_media":2784,"comment_status":"open","ping_status":"open","sticky":false,"template":"","format":"standard","meta":{"_jetpack_memberships_contains_paid_content":false,"footnotes":"","jetpack_publicize_message":"","jetpack_publicize_feature_enabled":true,"jetpack_social_post_already_shared":true,"jetpack_social_options":{"image_generator_settings":{"template":"highway","default_image_id":0,"font":"","enabled":false},"version":2}},"categories":[38,24],"tags":[737,360],"class_list":{"0":"post-2781","1":"post","2":"type-post","3":"status-publish","4":"format-standard","5":"has-post-thumbnail","7":"category-international","8":"category-news","9":"tag-general-mamadi-doumbouya-doumbouya","10":"tag-cooperation"},"jetpack_publicize_connections":[],"jetpack_featured_media_url":"https:\/\/ledenonciateur224.com\/wp-content\/uploads\/2025\/05\/fb-img-1746296761567.jpg","jetpack_sharing_enabled":true,"_links":{"self":[{"href":"https:\/\/ledenonciateur224.com\/index.php\/wp-json\/wp\/v2\/posts\/2781","targetHints":{"allow":["GET"]}}],"collection":[{"href":"https:\/\/ledenonciateur224.com\/index.php\/wp-json\/wp\/v2\/posts"}],"about":[{"href":"https:\/\/ledenonciateur224.com\/index.php\/wp-json\/wp\/v2\/types\/post"}],"author":[{"embeddable":true,"href":"https:\/\/ledenonciateur224.com\/index.php\/wp-json\/wp\/v2\/users\/2"}],"replies":[{"embeddable":true,"href":"https:\/\/ledenonciateur224.com\/index.php\/wp-json\/wp\/v2\/comments?post=2781"}],"version-history":[{"count":0,"href":"https:\/\/ledenonciateur224.com\/index.php\/wp-json\/wp\/v2\/posts\/2781\/revisions"}],"wp:featuredmedia":[{"embeddable":true,"href":"https:\/\/ledenonciateur224.com\/index.php\/wp-json\/wp\/v2\/media\/2784"}],"wp:attachment":[{"href":"https:\/\/ledenonciateur224.com\/index.php\/wp-json\/wp\/v2\/media?parent=2781"}],"wp:term":[{"taxonomy":"category","embeddable":true,"href":"https:\/\/ledenonciateur224.com\/index.php\/wp-json\/wp\/v2\/categories?post=2781"},{"taxonomy":"post_tag","embeddable":true,"href":"https:\/\/ledenonciateur224.com\/index.php\/wp-json\/wp\/v2\/tags?post=2781"}],"curies":[{"name":"wp","href":"https:\/\/api.w.org\/{rel}","templated":true}]}}