{"id":2828,"date":"2025-05-08T14:28:38","date_gmt":"2025-05-08T14:28:38","guid":{"rendered":"https:\/\/ledenonciateur224.com\/?p=2828"},"modified":"2025-05-08T14:28:38","modified_gmt":"2025-05-08T14:28:38","slug":"justice-le-syndicaliste-salifou-camara-condamne-pour-injures-et-diffamation","status":"publish","type":"post","link":"https:\/\/ledenonciateur224.com\/index.php\/justice-le-syndicaliste-salifou-camara-condamne-pour-injures-et-diffamation\/","title":{"rendered":"Justice : Le syndicaliste Salifou Camara condamn\u00e9 pour injures et diffamation"},"content":{"rendered":"<p>&nbsp;<\/p>\n<p><em>Le tribunal correctionnel de Mafanco a tranch\u00e9 ce jeudi 8 mai : Salifou Camara, figure syndicale connue dans le secteur de l\u2019\u00e9ducation, \u00e9cope de six mois de prison avec sursis et d\u2019une amende d\u2019un million de francs guin\u00e9ens. En cause, des propos diffamatoires tenus lors d\u2019un \u00e9change t\u00e9l\u00e9phonique houleux.<\/em><\/p>\n<p>Reconnu coupable d\u2019injures publiques et de diffamation, le syndicaliste a \u00e9t\u00e9 condamn\u00e9 par le juge Mohamed Sangar\u00e9. Le tribunal a \u00e9galement accord\u00e9 un franc symbolique de dommages et int\u00e9r\u00eats aux plaignants : la tr\u00e9sori\u00e8re de la F\u00e9d\u00e9ration Syndicale Professionnelle de l\u2019\u00c9ducation (FSPE) et son \u00e9poux, parties civiles dans cette affaire.<\/p>\n<p>L\u2019affaire, qui a d\u00e9fray\u00e9 la chronique dans le milieu syndical, trouve son origine dans une conversation t\u00e9l\u00e9phonique remontant \u00e0 l\u2019arriv\u00e9e de fonds destin\u00e9s \u00e0 une formation organis\u00e9e par la FSPE. Soup\u00e7onnant une tentative de manipulation, l\u2019\u00e9pouse du secr\u00e9taire g\u00e9n\u00e9ral de la FSPE interrompt l\u2019appel. C\u2019est alors que, pensant parler \u00e0 son \u00e9pouse, Salifou Camara l\u00e2che des propos insultants \u00e0 l\u2019encontre de son interlocuteur, qualifi\u00e9 notamment de \u00ab l\u00e8che-bottes \u00bb et de \u00ab domin\u00e9 \u00bb.<\/p>\n<p>D\u00e8s l\u2019ouverture du proc\u00e8s, le 24 avril, Salifou Camara a reconnu les faits et pr\u00e9sent\u00e9 ses excuses, ce qui a sans doute jou\u00e9 en sa faveur pour \u00e9viter une peine d\u2019emprisonnement ferme.<\/p>\n<p>A M C<\/p>\n","protected":false},"excerpt":{"rendered":"<p>&nbsp; Le tribunal correctionnel de Mafanco a tranch\u00e9 ce jeudi 8 mai : Salifou Camara, figure syndicale connue dans le secteur de l\u2019\u00e9ducation, \u00e9cope de six mois de prison avec sursis et d\u2019une amende d\u2019un million de francs guin\u00e9ens. En cause, des propos diffamatoires tenus lors d\u2019un \u00e9change t\u00e9l\u00e9phonique houleux. Reconnu coupable d\u2019injures publiques et [&hellip;]<\/p>\n","protected":false},"author":2,"featured_media":2829,"comment_status":"open","ping_status":"open","sticky":false,"template":"","format":"standard","meta":{"_jetpack_memberships_contains_paid_content":false,"footnotes":"","jetpack_publicize_message":"","jetpack_publicize_feature_enabled":true,"jetpack_social_post_already_shared":true,"jetpack_social_options":{"image_generator_settings":{"template":"highway","default_image_id":0,"font":"","enabled":false},"version":2}},"categories":[30,24],"tags":[747,460],"class_list":{"0":"post-2828","1":"post","2":"type-post","3":"status-publish","4":"format-standard","5":"has-post-thumbnail","7":"category-faits-divers","8":"category-news","9":"tag-affaire-salifou-camara","10":"tag-syndicat-guineen"},"jetpack_publicize_connections":[],"jetpack_featured_media_url":"https:\/\/ledenonciateur224.com\/wp-content\/uploads\/2025\/05\/fb-img-1746701830982.jpg","jetpack_sharing_enabled":true,"_links":{"self":[{"href":"https:\/\/ledenonciateur224.com\/index.php\/wp-json\/wp\/v2\/posts\/2828","targetHints":{"allow":["GET"]}}],"collection":[{"href":"https:\/\/ledenonciateur224.com\/index.php\/wp-json\/wp\/v2\/posts"}],"about":[{"href":"https:\/\/ledenonciateur224.com\/index.php\/wp-json\/wp\/v2\/types\/post"}],"author":[{"embeddable":true,"href":"https:\/\/ledenonciateur224.com\/index.php\/wp-json\/wp\/v2\/users\/2"}],"replies":[{"embeddable":true,"href":"https:\/\/ledenonciateur224.com\/index.php\/wp-json\/wp\/v2\/comments?post=2828"}],"version-history":[{"count":0,"href":"https:\/\/ledenonciateur224.com\/index.php\/wp-json\/wp\/v2\/posts\/2828\/revisions"}],"wp:featuredmedia":[{"embeddable":true,"href":"https:\/\/ledenonciateur224.com\/index.php\/wp-json\/wp\/v2\/media\/2829"}],"wp:attachment":[{"href":"https:\/\/ledenonciateur224.com\/index.php\/wp-json\/wp\/v2\/media?parent=2828"}],"wp:term":[{"taxonomy":"category","embeddable":true,"href":"https:\/\/ledenonciateur224.com\/index.php\/wp-json\/wp\/v2\/categories?post=2828"},{"taxonomy":"post_tag","embeddable":true,"href":"https:\/\/ledenonciateur224.com\/index.php\/wp-json\/wp\/v2\/tags?post=2828"}],"curies":[{"name":"wp","href":"https:\/\/api.w.org\/{rel}","templated":true}]}}