{"id":2840,"date":"2025-05-09T07:02:27","date_gmt":"2025-05-09T07:02:27","guid":{"rendered":"https:\/\/ledenonciateur224.com\/?p=2840"},"modified":"2025-05-09T07:02:27","modified_gmt":"2025-05-09T07:02:27","slug":"robert-francis-prevost-elu-le-nouveau-pape","status":"publish","type":"post","link":"https:\/\/ledenonciateur224.com\/index.php\/robert-francis-prevost-elu-le-nouveau-pape\/","title":{"rendered":"Robert Francis Prevost  \u00e9lu le nouveau Pape"},"content":{"rendered":"<p>Venus de 70 pays, 133 cardinaux \u00e9lecteurs ont \u00e9lu le nouveau pape, qui devra prendre la suite de Jorge Bergoglio.<\/p>\n<p>Fum\u00e9e blanche au Vatican. Les 133 cardinaux se sont mis d\u2019accord ce jeudi apr\u00e8s-midi sur le nom du nouveau pape, au lendemain du d\u00e9but du conclave. Le successeur du pape Fran\u00e7ois, d\u00e9c\u00e9d\u00e9 le 21 avril dernier \u00e0 l\u2019\u00e2ge de 88 ans, est le cardinal Robert Francis Prevost. Il a choisi le nom de Leon XIV.<\/p>\n<p>Originaire des \u00c9tats-Unis, Robert Francis Prevost est \u00e2g\u00e9 de 69 ans.<\/p>\n<p>133 cardinaux \u00e9lecteurs, venus de 70 pays (un record), s\u2019\u00e9taient enferm\u00e9s d\u00e8s ce mercredi apr\u00e8s-midi dans la chapelle Sixtine pour un conclave charg\u00e9 d\u2019\u00e9lire, dans le plus grand secret, celui devant prendre la suite de l\u2019Argentin Jorge Bergoglio.<\/p>\n<p>Une \u00e9lection ouverte<br \/>\nCe conclave s\u2019annon\u00e7ait particuli\u00e8rement ouvert, avec une repr\u00e9sentation in\u00e9dite des \u00ab p\u00e9riph\u00e9ries \u00bb ch\u00e8res au pape Fran\u00e7ois, qui a nomm\u00e9 81 % des cardinaux \u00e9lecteurs. Quinze pays \u00e9taient ainsi repr\u00e9sent\u00e9s pour la premi\u00e8re fois, dont Ha\u00efti, le Cap-Vert et le Soudan du Sud.<\/p>\n","protected":false},"excerpt":{"rendered":"<p>Venus de 70 pays, 133 cardinaux \u00e9lecteurs ont \u00e9lu le nouveau pape, qui devra prendre la suite de Jorge Bergoglio. Fum\u00e9e blanche au Vatican. Les 133 cardinaux se sont mis d\u2019accord ce jeudi apr\u00e8s-midi sur le nom du nouveau pape, au lendemain du d\u00e9but du conclave. Le successeur du pape Fran\u00e7ois, d\u00e9c\u00e9d\u00e9 le 21 avril [&hellip;]<\/p>\n","protected":false},"author":2,"featured_media":2841,"comment_status":"open","ping_status":"open","sticky":false,"template":"","format":"standard","meta":{"_jetpack_memberships_contains_paid_content":false,"footnotes":"","jetpack_publicize_message":"","jetpack_publicize_feature_enabled":true,"jetpack_social_post_already_shared":true,"jetpack_social_options":{"image_generator_settings":{"template":"highway","default_image_id":0,"font":"","enabled":false},"version":2}},"categories":[38,24],"tags":[751,740],"class_list":{"0":"post-2840","1":"post","2":"type-post","3":"status-publish","4":"format-standard","5":"has-post-thumbnail","7":"category-international","8":"category-news","9":"tag-pape-francis","10":"tag-vatican"},"jetpack_publicize_connections":[],"jetpack_featured_media_url":"https:\/\/ledenonciateur224.com\/wp-content\/uploads\/2025\/05\/aa1eq7a8-750x375-1.jpeg","jetpack_sharing_enabled":true,"_links":{"self":[{"href":"https:\/\/ledenonciateur224.com\/index.php\/wp-json\/wp\/v2\/posts\/2840","targetHints":{"allow":["GET"]}}],"collection":[{"href":"https:\/\/ledenonciateur224.com\/index.php\/wp-json\/wp\/v2\/posts"}],"about":[{"href":"https:\/\/ledenonciateur224.com\/index.php\/wp-json\/wp\/v2\/types\/post"}],"author":[{"embeddable":true,"href":"https:\/\/ledenonciateur224.com\/index.php\/wp-json\/wp\/v2\/users\/2"}],"replies":[{"embeddable":true,"href":"https:\/\/ledenonciateur224.com\/index.php\/wp-json\/wp\/v2\/comments?post=2840"}],"version-history":[{"count":0,"href":"https:\/\/ledenonciateur224.com\/index.php\/wp-json\/wp\/v2\/posts\/2840\/revisions"}],"wp:featuredmedia":[{"embeddable":true,"href":"https:\/\/ledenonciateur224.com\/index.php\/wp-json\/wp\/v2\/media\/2841"}],"wp:attachment":[{"href":"https:\/\/ledenonciateur224.com\/index.php\/wp-json\/wp\/v2\/media?parent=2840"}],"wp:term":[{"taxonomy":"category","embeddable":true,"href":"https:\/\/ledenonciateur224.com\/index.php\/wp-json\/wp\/v2\/categories?post=2840"},{"taxonomy":"post_tag","embeddable":true,"href":"https:\/\/ledenonciateur224.com\/index.php\/wp-json\/wp\/v2\/tags?post=2840"}],"curies":[{"name":"wp","href":"https:\/\/api.w.org\/{rel}","templated":true}]}}