{"id":2878,"date":"2025-05-10T18:27:10","date_gmt":"2025-05-10T18:27:10","guid":{"rendered":"https:\/\/ledenonciateur224.com\/?p=2878"},"modified":"2025-05-10T18:27:10","modified_gmt":"2025-05-10T18:27:10","slug":"kaloum-en-marche-les-femmes-militaires-sunissent-pour-soutenir-le-president-doumbouya","status":"publish","type":"post","link":"https:\/\/ledenonciateur224.com\/index.php\/kaloum-en-marche-les-femmes-militaires-sunissent-pour-soutenir-le-president-doumbouya\/","title":{"rendered":"Kaloum en marche : Les femmes militaires s\u2019unissent pour soutenir le Pr\u00e9sident Doumbouya"},"content":{"rendered":"<p>Ce\u00a0<strong>samedi 10 mai<\/strong>, le c\u0153ur de\u00a0<strong>Kaloum<\/strong>\u00a0a battu au rythme d\u2019une mobilisation f\u00e9minine forte et solidaire. Le\u00a0<strong>boulevard Tely Diallo<\/strong>\u00a0a vu d\u00e9filer des centaines de femmes, venues exprimer leur soutien aux actions du pr\u00e9sident de la R\u00e9publique,\u00a0<strong>le G\u00e9n\u00e9ral Mamadi Doumbouya<\/strong>.<\/p>\n<p>Organis\u00e9e par\u00a0<strong>l\u2019Association des \u00e9pouses militaires et paramilitaires de Guin\u00e9e<\/strong>, cette marche a connu une participation remarquable du\u00a0<strong>Bureau des femmes militaires et civiles du Bataillon d\u2019Infanterie du Camp Camayenne (BICC)<\/strong>, ainsi que de nombreuses \u00e9pouses de militaires.<\/p>\n<p><img loading=\"lazy\" decoding=\"async\" class=\"alignnone size-full wp-image-2879\" src=\"https:\/\/ledenonciateur224.com\/wp-content\/uploads\/2025\/05\/img-20250510-wa0040.jpg\" alt=\"\" width=\"1280\" height=\"960\" srcset=\"https:\/\/ledenonciateur224.com\/wp-content\/uploads\/2025\/05\/img-20250510-wa0040.jpg 1280w, https:\/\/ledenonciateur224.com\/wp-content\/uploads\/2025\/05\/img-20250510-wa0040-300x225.jpg 300w, https:\/\/ledenonciateur224.com\/wp-content\/uploads\/2025\/05\/img-20250510-wa0040-1024x768.jpg 1024w, https:\/\/ledenonciateur224.com\/wp-content\/uploads\/2025\/05\/img-20250510-wa0040-768x576.jpg 768w, https:\/\/ledenonciateur224.com\/wp-content\/uploads\/2025\/05\/img-20250510-wa0040-150x113.jpg 150w, https:\/\/ledenonciateur224.com\/wp-content\/uploads\/2025\/05\/img-20250510-wa0040-696x522.jpg 696w, https:\/\/ledenonciateur224.com\/wp-content\/uploads\/2025\/05\/img-20250510-wa0040-1068x801.jpg 1068w, https:\/\/ledenonciateur224.com\/wp-content\/uploads\/2025\/05\/img-20250510-wa0040-560x420.jpg 560w, https:\/\/ledenonciateur224.com\/wp-content\/uploads\/2025\/05\/img-20250510-wa0040-80x60.jpg 80w, https:\/\/ledenonciateur224.com\/wp-content\/uploads\/2025\/05\/img-20250510-wa0040-265x198.jpg 265w\" sizes=\"auto, (max-width: 1280px) 100vw, 1280px\" \/><\/p>\n<p>Au-del\u00e0 d\u2019un simple rassemblement, cet \u00e9v\u00e9nement se voulait\u00a0<strong>un acte de reconnaissance<\/strong>\u00a0envers les r\u00e9formes et les initiatives du Chef de l\u2019\u00c9tat, qualifi\u00e9es de\u00a0<strong>\u00ab salvatrices \u00bb<\/strong>\u00a0par les organisatrices. Brandissant des pancartes et entonnant des chants de soutien, les participantes ont tenu \u00e0\u00a0<strong>magnifier les acquis<\/strong>\u00a0de la transition, en mettant en lumi\u00e8re l\u2019am\u00e9lioration des conditions de vie des forces de d\u00e9fense, ainsi que l\u2019implication accrue des femmes dans les dynamiques sociales et militaires.<\/p>\n<p>Ce moment fort t\u00e9moigne de l\u2019engagement des femmes de l\u2019arm\u00e9e, non seulement dans le tissu militaire, mais aussi dans\u00a0<strong>la construction d\u2019une Guin\u00e9e stable, unie et reconnaissante<\/strong>.<\/p>\n<p>&nbsp;<\/p>\n<p>N&rsquo;sira Sylla pour Ledenonciateur224.com<\/p>\n","protected":false},"excerpt":{"rendered":"<p>Ce\u00a0samedi 10 mai, le c\u0153ur de\u00a0Kaloum\u00a0a battu au rythme d\u2019une mobilisation f\u00e9minine forte et solidaire. Le\u00a0boulevard Tely Diallo\u00a0a vu d\u00e9filer des centaines de femmes, venues exprimer leur soutien aux actions du pr\u00e9sident de la R\u00e9publique,\u00a0le G\u00e9n\u00e9ral Mamadi Doumbouya. Organis\u00e9e par\u00a0l\u2019Association des \u00e9pouses militaires et paramilitaires de Guin\u00e9e, cette marche a connu une participation remarquable du\u00a0Bureau [&hellip;]<\/p>\n","protected":false},"author":2,"featured_media":2880,"comment_status":"open","ping_status":"open","sticky":false,"template":"","format":"standard","meta":{"_jetpack_memberships_contains_paid_content":false,"footnotes":"","jetpack_publicize_message":"","jetpack_publicize_feature_enabled":true,"jetpack_social_post_already_shared":true,"jetpack_social_options":{"image_generator_settings":{"template":"highway","default_image_id":0,"font":"","enabled":false},"version":2}},"categories":[24,27],"tags":[758,519],"class_list":{"0":"post-2878","1":"post","2":"type-post","3":"status-publish","4":"format-standard","5":"has-post-thumbnail","7":"category-news","8":"category-politique","9":"tag-femmes-militaires","10":"tag-soutien-au-general-mamadi-doumbouya"},"jetpack_publicize_connections":[],"jetpack_featured_media_url":"https:\/\/ledenonciateur224.com\/wp-content\/uploads\/2025\/05\/img-20250510-wa0039.jpg","jetpack_sharing_enabled":true,"_links":{"self":[{"href":"https:\/\/ledenonciateur224.com\/index.php\/wp-json\/wp\/v2\/posts\/2878","targetHints":{"allow":["GET"]}}],"collection":[{"href":"https:\/\/ledenonciateur224.com\/index.php\/wp-json\/wp\/v2\/posts"}],"about":[{"href":"https:\/\/ledenonciateur224.com\/index.php\/wp-json\/wp\/v2\/types\/post"}],"author":[{"embeddable":true,"href":"https:\/\/ledenonciateur224.com\/index.php\/wp-json\/wp\/v2\/users\/2"}],"replies":[{"embeddable":true,"href":"https:\/\/ledenonciateur224.com\/index.php\/wp-json\/wp\/v2\/comments?post=2878"}],"version-history":[{"count":0,"href":"https:\/\/ledenonciateur224.com\/index.php\/wp-json\/wp\/v2\/posts\/2878\/revisions"}],"wp:featuredmedia":[{"embeddable":true,"href":"https:\/\/ledenonciateur224.com\/index.php\/wp-json\/wp\/v2\/media\/2880"}],"wp:attachment":[{"href":"https:\/\/ledenonciateur224.com\/index.php\/wp-json\/wp\/v2\/media?parent=2878"}],"wp:term":[{"taxonomy":"category","embeddable":true,"href":"https:\/\/ledenonciateur224.com\/index.php\/wp-json\/wp\/v2\/categories?post=2878"},{"taxonomy":"post_tag","embeddable":true,"href":"https:\/\/ledenonciateur224.com\/index.php\/wp-json\/wp\/v2\/tags?post=2878"}],"curies":[{"name":"wp","href":"https:\/\/api.w.org\/{rel}","templated":true}]}}