{"id":2893,"date":"2025-05-11T08:38:19","date_gmt":"2025-05-11T08:38:19","guid":{"rendered":"https:\/\/ledenonciateur224.com\/?p=2893"},"modified":"2025-05-11T08:38:19","modified_gmt":"2025-05-11T08:38:19","slug":"soutien-affirme-le-secteur-prive-guineen-fait-bloc-derriere-le-general-doumbouya","status":"publish","type":"post","link":"https:\/\/ledenonciateur224.com\/index.php\/soutien-affirme-le-secteur-prive-guineen-fait-bloc-derriere-le-general-doumbouya\/","title":{"rendered":"Soutien affirm\u00e9 : Le secteur priv\u00e9 guin\u00e9en fait bloc derri\u00e8re le G\u00e9n\u00e9ral Doumbouya"},"content":{"rendered":"<p>Dans un geste fort et symbolique, les principaux acteurs du secteur priv\u00e9 guin\u00e9en \u2013 repr\u00e9sent\u00e9s par la Conf\u00e9d\u00e9ration G\u00e9n\u00e9rale des Entreprises de Guin\u00e9e (CGE-GUI), la Chambre de commerce, d\u2019industrie et de l\u2019artisanat, ainsi que la Chambre nationale d\u2019agriculture \u2013 ont exprim\u00e9 ce samedi 10 mai 2025, leur soutien total et assum\u00e9 au pr\u00e9sident de la transition, le G\u00e9n\u00e9ral Mamadi Doumbouya. C\u2019est au cours d\u2019une c\u00e9r\u00e9monie officielle au Palais du Peuple, en pr\u00e9sence du Premier ministre Amadou Oury Bah, des membres du CNRD et de plusieurs figures du gouvernement, que cette reconnaissance a \u00e9t\u00e9 solennellement formul\u00e9e. Ce ralliement s\u2019inscrit dans une volont\u00e9 de saluer les avanc\u00e9es significatives enregistr\u00e9es depuis le d\u00e9but de la transition, notamment sur le plan \u00e9conomique. Le patronat souligne que ce soutien r\u00e9sulte d&rsquo;une analyse approfondie des acquis obtenus sous cette gouvernance.<\/p>\n<p>\u00ab\u00a0<em>Permettez-moi de citer la mise en place d\u2019un cadre de concertation avec l\u2019administration fiscale, notamment \u00e0 travers la direction g\u00e9n\u00e9rale des imp\u00f4ts et la direction g\u00e9n\u00e9rale de la douane, la cr\u00e9ation d\u2019un cadre national de concertation \u00c9tat-secteur priv\u00e9; la r\u00e9vision en cours du code des investissements, l\u2019adoption de la loi portant sur le contenu local, le renforcement de la stabilit\u00e9 sociale gr\u00e2ce \u00e0 la signature du pacte de stabilit\u00e9 sociale entre l\u2019\u00c9tat, le patronat et le syndicat des travailleurs, la participation de la CGE-GUI au projet strat\u00e9gique Simandou 2040. Ces r\u00e9sultats, parmi d\u2019autres, traduisent le dynamisme du dialogue public-priv\u00e9 et renforcent la confiance entre le gouvernement et le secteur priv\u00e9<\/em>\u00ab\u00a0, a d\u00e9clar\u00e9 Ansoumane Kaba.<\/p>\n<p><img loading=\"lazy\" decoding=\"async\" class=\"alignnone size-full wp-image-2894\" src=\"https:\/\/ledenonciateur224.com\/wp-content\/uploads\/2025\/05\/a-soutien-secteur-a-doumbouya1-768x576-1.jpeg\" alt=\"\" width=\"768\" height=\"576\" srcset=\"https:\/\/ledenonciateur224.com\/wp-content\/uploads\/2025\/05\/a-soutien-secteur-a-doumbouya1-768x576-1.jpeg 768w, https:\/\/ledenonciateur224.com\/wp-content\/uploads\/2025\/05\/a-soutien-secteur-a-doumbouya1-768x576-1-300x225.jpeg 300w, https:\/\/ledenonciateur224.com\/wp-content\/uploads\/2025\/05\/a-soutien-secteur-a-doumbouya1-768x576-1-150x113.jpeg 150w, https:\/\/ledenonciateur224.com\/wp-content\/uploads\/2025\/05\/a-soutien-secteur-a-doumbouya1-768x576-1-696x522.jpeg 696w, https:\/\/ledenonciateur224.com\/wp-content\/uploads\/2025\/05\/a-soutien-secteur-a-doumbouya1-768x576-1-560x420.jpeg 560w, https:\/\/ledenonciateur224.com\/wp-content\/uploads\/2025\/05\/a-soutien-secteur-a-doumbouya1-768x576-1-80x60.jpeg 80w, https:\/\/ledenonciateur224.com\/wp-content\/uploads\/2025\/05\/a-soutien-secteur-a-doumbouya1-768x576-1-265x198.jpeg 265w\" sizes=\"auto, (max-width: 768px) 100vw, 768px\" \/><\/p>\n<p>Dans le m\u00eame sillage, M. Mamadou Bald\u00e9, pr\u00e9sident de la Chambre de commerce, d\u2019industrie et de l\u2019artisanat de Guin\u00e9e, a affirm\u00e9 que le secteur priv\u00e9 est pr\u00eat \u00e0 accompagner le pr\u00e9sident de la transition.<\/p>\n<p>\u00ab\u00a0<em>Au nom de toutes les composantes socioprofessionnelles du secteur priv\u00e9,<\/em><em>\u00a0nous exprimons notre reconnaissance profonde et notre soutien ind\u00e9fectible au chef de l\u2019\u00c9tat, le g\u00e9n\u00e9ral Mamadi Doumbouya. Nous sommes pr\u00eats \u00e0 vous accompagner dans la poursuite de la mat\u00e9rialisation de votre vision au service de la Guin\u00e9e et du bien-\u00eatre des Guin\u00e9ens<\/em>\u00ab\u00a0, a-t-il indiqu\u00e9.<\/p>\n","protected":false},"excerpt":{"rendered":"<p>Dans un geste fort et symbolique, les principaux acteurs du secteur priv\u00e9 guin\u00e9en \u2013 repr\u00e9sent\u00e9s par la Conf\u00e9d\u00e9ration G\u00e9n\u00e9rale des Entreprises de Guin\u00e9e (CGE-GUI), la Chambre de commerce, d\u2019industrie et de l\u2019artisanat, ainsi que la Chambre nationale d\u2019agriculture \u2013 ont exprim\u00e9 ce samedi 10 mai 2025, leur soutien total et assum\u00e9 au pr\u00e9sident de la [&hellip;]<\/p>\n","protected":false},"author":2,"featured_media":2895,"comment_status":"open","ping_status":"open","sticky":false,"template":"","format":"standard","meta":{"_jetpack_memberships_contains_paid_content":false,"footnotes":"","jetpack_publicize_message":"","jetpack_publicize_feature_enabled":true,"jetpack_social_post_already_shared":true,"jetpack_social_options":{"image_generator_settings":{"template":"highway","default_image_id":0,"font":"","enabled":false},"version":2}},"categories":[29,24],"tags":[604,760,761],"class_list":{"0":"post-2893","1":"post","2":"type-post","3":"status-publish","4":"format-standard","5":"has-post-thumbnail","7":"category-economie","8":"category-news","9":"tag-actualite-de-guinee","10":"tag-homme-daffaire","11":"tag-secteur-prive"},"jetpack_publicize_connections":[],"jetpack_featured_media_url":"https:\/\/ledenonciateur224.com\/wp-content\/uploads\/2025\/05\/a-soutien-secteur-a-doumbouya2-768x576-1.jpeg","jetpack_sharing_enabled":true,"_links":{"self":[{"href":"https:\/\/ledenonciateur224.com\/index.php\/wp-json\/wp\/v2\/posts\/2893","targetHints":{"allow":["GET"]}}],"collection":[{"href":"https:\/\/ledenonciateur224.com\/index.php\/wp-json\/wp\/v2\/posts"}],"about":[{"href":"https:\/\/ledenonciateur224.com\/index.php\/wp-json\/wp\/v2\/types\/post"}],"author":[{"embeddable":true,"href":"https:\/\/ledenonciateur224.com\/index.php\/wp-json\/wp\/v2\/users\/2"}],"replies":[{"embeddable":true,"href":"https:\/\/ledenonciateur224.com\/index.php\/wp-json\/wp\/v2\/comments?post=2893"}],"version-history":[{"count":0,"href":"https:\/\/ledenonciateur224.com\/index.php\/wp-json\/wp\/v2\/posts\/2893\/revisions"}],"wp:featuredmedia":[{"embeddable":true,"href":"https:\/\/ledenonciateur224.com\/index.php\/wp-json\/wp\/v2\/media\/2895"}],"wp:attachment":[{"href":"https:\/\/ledenonciateur224.com\/index.php\/wp-json\/wp\/v2\/media?parent=2893"}],"wp:term":[{"taxonomy":"category","embeddable":true,"href":"https:\/\/ledenonciateur224.com\/index.php\/wp-json\/wp\/v2\/categories?post=2893"},{"taxonomy":"post_tag","embeddable":true,"href":"https:\/\/ledenonciateur224.com\/index.php\/wp-json\/wp\/v2\/tags?post=2893"}],"curies":[{"name":"wp","href":"https:\/\/api.w.org\/{rel}","templated":true}]}}