{"id":2907,"date":"2025-05-12T18:21:16","date_gmt":"2025-05-12T18:21:16","guid":{"rendered":"https:\/\/ledenonciateur224.com\/?p=2907"},"modified":"2025-05-12T18:21:16","modified_gmt":"2025-05-12T18:21:16","slug":"forum-international-sur-lavenir-de-la-presse-conakry-accueille-les-grands-decideurs-des-medias-africains","status":"publish","type":"post","link":"https:\/\/ledenonciateur224.com\/index.php\/forum-international-sur-lavenir-de-la-presse-conakry-accueille-les-grands-decideurs-des-medias-africains\/","title":{"rendered":"Forum international sur l\u2019avenir de la presse : Conakry accueille les grands d\u00e9cideurs des m\u00e9dias africains"},"content":{"rendered":"<p>Dans un communiqu\u00e9 transmis \u00e0 notre r\u00e9daction ce lundi, la HAC annonce l\u2019organisation d\u2019un forum de haut niveau d\u00e9di\u00e9 \u00e0 l\u2019avenir de la presse en Guin\u00e9e. Ce rendez-vous, qui se tiendra du 19 au 21 mai 2025 \u00e0 Conakry, rassemblera les figures de proue des m\u00e9dias guin\u00e9ens ainsi que des d\u00e9l\u00e9gations \u00e9trang\u00e8res compos\u00e9es de dirigeants d\u2019organes de r\u00e9gulation. La pr\u00e9sence confirm\u00e9e des pr\u00e9sidents des autorit\u00e9s de r\u00e9gulation du Mali, de la C\u00f4te d\u2019Ivoire, du S\u00e9n\u00e9gal et du Maroc t\u00e9moigne de l\u2019importance r\u00e9gionale accord\u00e9e \u00e0 cette initiative.<\/p>\n<p>Objectif affich\u00e9 : dresser un \u00e9tat des lieux sans complaisance du paysage m\u00e9diatique guin\u00e9en. Cette plateforme d\u2019\u00e9changes ambitionne de r\u00e9v\u00e9ler les failles du secteur, d\u2019identifier les d\u00e9fis structurels et de proposer des solutions concr\u00e8tes pour b\u00e2tir une presse plus forte, libre et responsable.<\/p>\n<p><img loading=\"lazy\" decoding=\"async\" class=\"alignnone size-full wp-image-2908\" src=\"https:\/\/ledenonciateur224.com\/wp-content\/uploads\/2025\/05\/whatsapp-image-2025-05-12-a-105952-f1e57df2.jpg\" alt=\"\" width=\"1080\" height=\"1524\" srcset=\"https:\/\/ledenonciateur224.com\/wp-content\/uploads\/2025\/05\/whatsapp-image-2025-05-12-a-105952-f1e57df2.jpg 1080w, https:\/\/ledenonciateur224.com\/wp-content\/uploads\/2025\/05\/whatsapp-image-2025-05-12-a-105952-f1e57df2-213x300.jpg 213w, https:\/\/ledenonciateur224.com\/wp-content\/uploads\/2025\/05\/whatsapp-image-2025-05-12-a-105952-f1e57df2-726x1024.jpg 726w, https:\/\/ledenonciateur224.com\/wp-content\/uploads\/2025\/05\/whatsapp-image-2025-05-12-a-105952-f1e57df2-768x1084.jpg 768w, https:\/\/ledenonciateur224.com\/wp-content\/uploads\/2025\/05\/whatsapp-image-2025-05-12-a-105952-f1e57df2-150x212.jpg 150w, https:\/\/ledenonciateur224.com\/wp-content\/uploads\/2025\/05\/whatsapp-image-2025-05-12-a-105952-f1e57df2-300x423.jpg 300w, https:\/\/ledenonciateur224.com\/wp-content\/uploads\/2025\/05\/whatsapp-image-2025-05-12-a-105952-f1e57df2-696x982.jpg 696w, https:\/\/ledenonciateur224.com\/wp-content\/uploads\/2025\/05\/whatsapp-image-2025-05-12-a-105952-f1e57df2-1068x1507.jpg 1068w, https:\/\/ledenonciateur224.com\/wp-content\/uploads\/2025\/05\/whatsapp-image-2025-05-12-a-105952-f1e57df2-298x420.jpg 298w\" sizes=\"auto, (max-width: 1080px) 100vw, 1080px\" \/><\/p>\n","protected":false},"excerpt":{"rendered":"<p>Dans un communiqu\u00e9 transmis \u00e0 notre r\u00e9daction ce lundi, la HAC annonce l\u2019organisation d\u2019un forum de haut niveau d\u00e9di\u00e9 \u00e0 l\u2019avenir de la presse en Guin\u00e9e. Ce rendez-vous, qui se tiendra du 19 au 21 mai 2025 \u00e0 Conakry, rassemblera les figures de proue des m\u00e9dias guin\u00e9ens ainsi que des d\u00e9l\u00e9gations \u00e9trang\u00e8res compos\u00e9es de dirigeants [&hellip;]<\/p>\n","protected":false},"author":2,"featured_media":1426,"comment_status":"open","ping_status":"open","sticky":false,"template":"","format":"standard","meta":{"_jetpack_memberships_contains_paid_content":false,"footnotes":"","jetpack_publicize_message":"","jetpack_publicize_feature_enabled":true,"jetpack_social_post_already_shared":true,"jetpack_social_options":{"image_generator_settings":{"template":"highway","default_image_id":0,"font":"","enabled":false},"version":2}},"categories":[25,24],"tags":[767,766,41],"class_list":{"0":"post-2907","1":"post","2":"type-post","3":"status-publish","4":"format-standard","5":"has-post-thumbnail","7":"category-annonce","8":"category-news","9":"tag-hac-guinee","10":"tag-media-guineens","11":"tag-medias-guineens"},"jetpack_publicize_connections":[],"jetpack_featured_media_url":"https:\/\/ledenonciateur224.com\/wp-content\/uploads\/2025\/02\/boubacar-yacine-diallo-president-de-la-hac.jpeg","jetpack_sharing_enabled":true,"_links":{"self":[{"href":"https:\/\/ledenonciateur224.com\/index.php\/wp-json\/wp\/v2\/posts\/2907","targetHints":{"allow":["GET"]}}],"collection":[{"href":"https:\/\/ledenonciateur224.com\/index.php\/wp-json\/wp\/v2\/posts"}],"about":[{"href":"https:\/\/ledenonciateur224.com\/index.php\/wp-json\/wp\/v2\/types\/post"}],"author":[{"embeddable":true,"href":"https:\/\/ledenonciateur224.com\/index.php\/wp-json\/wp\/v2\/users\/2"}],"replies":[{"embeddable":true,"href":"https:\/\/ledenonciateur224.com\/index.php\/wp-json\/wp\/v2\/comments?post=2907"}],"version-history":[{"count":0,"href":"https:\/\/ledenonciateur224.com\/index.php\/wp-json\/wp\/v2\/posts\/2907\/revisions"}],"wp:featuredmedia":[{"embeddable":true,"href":"https:\/\/ledenonciateur224.com\/index.php\/wp-json\/wp\/v2\/media\/1426"}],"wp:attachment":[{"href":"https:\/\/ledenonciateur224.com\/index.php\/wp-json\/wp\/v2\/media?parent=2907"}],"wp:term":[{"taxonomy":"category","embeddable":true,"href":"https:\/\/ledenonciateur224.com\/index.php\/wp-json\/wp\/v2\/categories?post=2907"},{"taxonomy":"post_tag","embeddable":true,"href":"https:\/\/ledenonciateur224.com\/index.php\/wp-json\/wp\/v2\/tags?post=2907"}],"curies":[{"name":"wp","href":"https:\/\/api.w.org\/{rel}","templated":true}]}}