{"id":2917,"date":"2025-05-13T20:41:23","date_gmt":"2025-05-13T20:41:23","guid":{"rendered":"https:\/\/ledenonciateur224.com\/?p=2917"},"modified":"2025-05-13T20:41:23","modified_gmt":"2025-05-13T20:41:23","slug":"entrepreneuriat-feminin-un-salon-pour-celebrer-les-femmes-de-lombre-a-conakry","status":"publish","type":"post","link":"https:\/\/ledenonciateur224.com\/index.php\/entrepreneuriat-feminin-un-salon-pour-celebrer-les-femmes-de-lombre-a-conakry\/","title":{"rendered":"Entrepreneuriat f\u00e9minin : un salon pour c\u00e9l\u00e9brer les femmes de l\u2019ombre \u00e0 Conakry"},"content":{"rendered":"<p>Conakry a accueilli ce mardi le lancement officiel d\u2019un salon d\u00e9di\u00e9 \u00e0 l\u2019entrepreneuriat f\u00e9minin, une initiative port\u00e9e par l\u2019ONG l<em>es Ic\u00f4nes<\/em>. La c\u00e9r\u00e9monie d\u2019ouverture a \u00e9t\u00e9 pr\u00e9sid\u00e9e par la directrice nationale de l\u2019Autonomisation des Femmes, repr\u00e9sentant la ministre, en pr\u00e9sence de nombreuses commer\u00e7antes venues des march\u00e9s de Matoto et de 36.<\/p>\n<p><img loading=\"lazy\" decoding=\"async\" class=\"alignnone size-full wp-image-2918\" src=\"https:\/\/ledenonciateur224.com\/wp-content\/uploads\/2025\/05\/20250513-150520-scaled.jpg\" alt=\"\" width=\"1440\" height=\"2560\" srcset=\"https:\/\/ledenonciateur224.com\/wp-content\/uploads\/2025\/05\/20250513-150520-scaled.jpg 1440w, https:\/\/ledenonciateur224.com\/wp-content\/uploads\/2025\/05\/20250513-150520-169x300.jpg 169w, https:\/\/ledenonciateur224.com\/wp-content\/uploads\/2025\/05\/20250513-150520-576x1024.jpg 576w, https:\/\/ledenonciateur224.com\/wp-content\/uploads\/2025\/05\/20250513-150520-768x1365.jpg 768w, https:\/\/ledenonciateur224.com\/wp-content\/uploads\/2025\/05\/20250513-150520-864x1536.jpg 864w, https:\/\/ledenonciateur224.com\/wp-content\/uploads\/2025\/05\/20250513-150520-1152x2048.jpg 1152w, https:\/\/ledenonciateur224.com\/wp-content\/uploads\/2025\/05\/20250513-150520-150x267.jpg 150w, https:\/\/ledenonciateur224.com\/wp-content\/uploads\/2025\/05\/20250513-150520-300x533.jpg 300w, https:\/\/ledenonciateur224.com\/wp-content\/uploads\/2025\/05\/20250513-150520-696x1237.jpg 696w, https:\/\/ledenonciateur224.com\/wp-content\/uploads\/2025\/05\/20250513-150520-1068x1899.jpg 1068w, https:\/\/ledenonciateur224.com\/wp-content\/uploads\/2025\/05\/20250513-150520-1920x3413.jpg 1920w, https:\/\/ledenonciateur224.com\/wp-content\/uploads\/2025\/05\/20250513-150520-236x420.jpg 236w\" sizes=\"auto, (max-width: 1440px) 100vw, 1440px\" \/><\/p>\n<p>Ce salon se veut un espace de valorisation des femmes actives dans l\u2019\u00e9conomie informelle, notamment celles dont le travail quotidien, souvent ingrat et invisible, constitue pourtant un pilier de l\u2019\u00e9conomie locale.<\/p>\n<p>Mariam Simo Sylla, pr\u00e9sidente de l\u2019ONG\u00a0<em>Les Ic\u00f4nes<\/em>, en a pr\u00e9cis\u00e9 les motivations dans un entretien accord\u00e9 \u00e0 la presse :<\/p>\n<p><img loading=\"lazy\" decoding=\"async\" class=\"alignnone size-full wp-image-2919\" src=\"https:\/\/ledenonciateur224.com\/wp-content\/uploads\/2025\/05\/20250513-152053-scaled.jpg\" alt=\"\" width=\"2560\" height=\"1440\" srcset=\"https:\/\/ledenonciateur224.com\/wp-content\/uploads\/2025\/05\/20250513-152053-scaled.jpg 2560w, https:\/\/ledenonciateur224.com\/wp-content\/uploads\/2025\/05\/20250513-152053-300x169.jpg 300w, https:\/\/ledenonciateur224.com\/wp-content\/uploads\/2025\/05\/20250513-152053-1024x576.jpg 1024w, https:\/\/ledenonciateur224.com\/wp-content\/uploads\/2025\/05\/20250513-152053-768x432.jpg 768w, https:\/\/ledenonciateur224.com\/wp-content\/uploads\/2025\/05\/20250513-152053-1536x864.jpg 1536w, https:\/\/ledenonciateur224.com\/wp-content\/uploads\/2025\/05\/20250513-152053-2048x1152.jpg 2048w, https:\/\/ledenonciateur224.com\/wp-content\/uploads\/2025\/05\/20250513-152053-150x84.jpg 150w, https:\/\/ledenonciateur224.com\/wp-content\/uploads\/2025\/05\/20250513-152053-696x392.jpg 696w, https:\/\/ledenonciateur224.com\/wp-content\/uploads\/2025\/05\/20250513-152053-1068x601.jpg 1068w, https:\/\/ledenonciateur224.com\/wp-content\/uploads\/2025\/05\/20250513-152053-1920x1080.jpg 1920w, https:\/\/ledenonciateur224.com\/wp-content\/uploads\/2025\/05\/20250513-152053-747x420.jpg 747w\" sizes=\"auto, (max-width: 2560px) 100vw, 2560px\" \/><br \/>\n<strong>\u00ab En fait, tout est parti d\u2019un constat. On voyait souvent c\u00e9l\u00e9brer les femmes pr\u00e9sentes sur les r\u00e9seaux sociaux, qu\u2019on qualifie \u00e0 tort de femmes battantes. On a alors men\u00e9 un sondage dans les grands march\u00e9s, comme ceux de 36 et de Matoto, et nous y avons rencontr\u00e9 des femmes qui se l\u00e8vent \u00e0 3h ou 4h du matin pour aller chercher des condiments. Elles vivent dans des conditions tr\u00e8s pr\u00e9caires. C\u2019est pour mettre en lumi\u00e8re ces femmes-l\u00e0 que nous avons lanc\u00e9 ce salon. \u00bb<\/strong><\/p>\n<p>L\u2019ambition du projet d\u00e9passe la simple reconnaissance symbolique. Il s\u2019agit de cr\u00e9er un v\u00e9ritable levier d\u2019autonomisation \u00e9conomique pour ces femmes.<br \/>\n<strong>\u00ab L\u2019objectif recherch\u00e9, c\u2019est de mettre en lumi\u00e8re ces femmes qui \u00e9voluent dans l\u2019ombre, celles qu\u2019on ne c\u00e9l\u00e8bre jamais. Nous voulons leur montrer qu\u2019elles comptent pour nous, qu\u2019elles ont leur place, car elles participent pleinement au d\u00e9veloppement de notre pays. Il est donc essentiel de les honorer. \u00bb<\/strong><\/p>\n<p><img loading=\"lazy\" decoding=\"async\" class=\"alignnone size-full wp-image-2920\" src=\"https:\/\/ledenonciateur224.com\/wp-content\/uploads\/2025\/05\/20250513-150514-scaled.jpg\" alt=\"\" width=\"2560\" height=\"1440\" srcset=\"https:\/\/ledenonciateur224.com\/wp-content\/uploads\/2025\/05\/20250513-150514-scaled.jpg 2560w, https:\/\/ledenonciateur224.com\/wp-content\/uploads\/2025\/05\/20250513-150514-300x169.jpg 300w, https:\/\/ledenonciateur224.com\/wp-content\/uploads\/2025\/05\/20250513-150514-1024x576.jpg 1024w, https:\/\/ledenonciateur224.com\/wp-content\/uploads\/2025\/05\/20250513-150514-768x432.jpg 768w, https:\/\/ledenonciateur224.com\/wp-content\/uploads\/2025\/05\/20250513-150514-1536x864.jpg 1536w, https:\/\/ledenonciateur224.com\/wp-content\/uploads\/2025\/05\/20250513-150514-2048x1152.jpg 2048w, https:\/\/ledenonciateur224.com\/wp-content\/uploads\/2025\/05\/20250513-150514-150x84.jpg 150w, https:\/\/ledenonciateur224.com\/wp-content\/uploads\/2025\/05\/20250513-150514-696x392.jpg 696w, https:\/\/ledenonciateur224.com\/wp-content\/uploads\/2025\/05\/20250513-150514-1068x601.jpg 1068w, https:\/\/ledenonciateur224.com\/wp-content\/uploads\/2025\/05\/20250513-150514-1920x1080.jpg 1920w, https:\/\/ledenonciateur224.com\/wp-content\/uploads\/2025\/05\/20250513-150514-747x420.jpg 747w\" sizes=\"auto, (max-width: 2560px) 100vw, 2560px\" \/><\/p>\n<p>Au programme du salon : des panels de discussion, des expositions, mais aussi des sessions de formation pratique en \u00e9ducation financi\u00e8re, anim\u00e9es notamment par des institutions bancaires.<br \/>\n<strong>\u00ab Il est important de savoir g\u00e9n\u00e9rer de l\u2019argent, mais encore faut-il en ma\u00eetriser la gestion. C\u2019est pourquoi nous avons inclus une formation sur la gestion financi\u00e8re dans les activit\u00e9s du salon. \u00bb<\/strong>\u00a0ajoute Mariam Simo Sylla.<\/p>\n<p>En plus de ces formations, cinq femmes issues du secteur informel ont \u00e9t\u00e9 s\u00e9lectionn\u00e9es pour b\u00e9n\u00e9ficier d\u2019un accompagnement sp\u00e9cifique, dans le but de soutenir et structurer davantage leurs activit\u00e9s.<\/p>\n<p>La c\u00e9r\u00e9monie s\u2019est cl\u00f4tur\u00e9e par une visite des stands, o\u00f9 les invit\u00e9s ont pu d\u00e9couvrir une exposition de fruits et l\u00e9gumes de qualit\u00e9, t\u00e9moignage du savoir-faire et de l\u2019engagement de ces femmes commer\u00e7antes.<\/p>\n<p>&nbsp;<\/p>\n<p>&nbsp;<\/p>\n<p>Aboubacar Moussa Camara<\/p>\n<p>611 70 39 84<\/p>\n","protected":false},"excerpt":{"rendered":"<p>Conakry a accueilli ce mardi le lancement officiel d\u2019un salon d\u00e9di\u00e9 \u00e0 l\u2019entrepreneuriat f\u00e9minin, une initiative port\u00e9e par l\u2019ONG les Ic\u00f4nes. La c\u00e9r\u00e9monie d\u2019ouverture a \u00e9t\u00e9 pr\u00e9sid\u00e9e par la directrice nationale de l\u2019Autonomisation des Femmes, repr\u00e9sentant la ministre, en pr\u00e9sence de nombreuses commer\u00e7antes venues des march\u00e9s de Matoto et de 36. Ce salon se veut [&hellip;]<\/p>\n","protected":false},"author":2,"featured_media":2919,"comment_status":"open","ping_status":"open","sticky":false,"template":"","format":"standard","meta":{"_jetpack_memberships_contains_paid_content":false,"footnotes":"","jetpack_publicize_message":"","jetpack_publicize_feature_enabled":true,"jetpack_social_post_already_shared":true,"jetpack_social_options":{"image_generator_settings":{"template":"highway","default_image_id":0,"font":"","enabled":false},"version":2}},"categories":[29,24],"tags":[604,753],"class_list":{"0":"post-2917","1":"post","2":"type-post","3":"status-publish","4":"format-standard","5":"has-post-thumbnail","7":"category-economie","8":"category-news","9":"tag-actualite-de-guinee","10":"tag-entreprenariat-feminin"},"jetpack_publicize_connections":[],"jetpack_featured_media_url":"https:\/\/ledenonciateur224.com\/wp-content\/uploads\/2025\/05\/20250513-152053-scaled.jpg","jetpack_sharing_enabled":true,"_links":{"self":[{"href":"https:\/\/ledenonciateur224.com\/index.php\/wp-json\/wp\/v2\/posts\/2917","targetHints":{"allow":["GET"]}}],"collection":[{"href":"https:\/\/ledenonciateur224.com\/index.php\/wp-json\/wp\/v2\/posts"}],"about":[{"href":"https:\/\/ledenonciateur224.com\/index.php\/wp-json\/wp\/v2\/types\/post"}],"author":[{"embeddable":true,"href":"https:\/\/ledenonciateur224.com\/index.php\/wp-json\/wp\/v2\/users\/2"}],"replies":[{"embeddable":true,"href":"https:\/\/ledenonciateur224.com\/index.php\/wp-json\/wp\/v2\/comments?post=2917"}],"version-history":[{"count":0,"href":"https:\/\/ledenonciateur224.com\/index.php\/wp-json\/wp\/v2\/posts\/2917\/revisions"}],"wp:featuredmedia":[{"embeddable":true,"href":"https:\/\/ledenonciateur224.com\/index.php\/wp-json\/wp\/v2\/media\/2919"}],"wp:attachment":[{"href":"https:\/\/ledenonciateur224.com\/index.php\/wp-json\/wp\/v2\/media?parent=2917"}],"wp:term":[{"taxonomy":"category","embeddable":true,"href":"https:\/\/ledenonciateur224.com\/index.php\/wp-json\/wp\/v2\/categories?post=2917"},{"taxonomy":"post_tag","embeddable":true,"href":"https:\/\/ledenonciateur224.com\/index.php\/wp-json\/wp\/v2\/tags?post=2917"}],"curies":[{"name":"wp","href":"https:\/\/api.w.org\/{rel}","templated":true}]}}