{"id":2928,"date":"2025-05-14T08:01:06","date_gmt":"2025-05-14T08:01:06","guid":{"rendered":"https:\/\/ledenonciateur224.com\/?p=2928"},"modified":"2025-05-14T08:01:06","modified_gmt":"2025-05-14T08:01:06","slug":"28-septembre-2009-letat-guineen-debloque-1199-milliards-gnf-pour-indemniser-les-victimes","status":"publish","type":"post","link":"https:\/\/ledenonciateur224.com\/index.php\/28-septembre-2009-letat-guineen-debloque-1199-milliards-gnf-pour-indemniser-les-victimes\/","title":{"rendered":"28 septembre 2009 : l\u2019\u00c9tat guin\u00e9en d\u00e9bloque 119,9 milliards GNF pour indemniser les victimes"},"content":{"rendered":"<p>Un tournant historique s\u2019amorce pour les victimes des tragiques \u00e9v\u00e9nements du 28 septembre 2009. Quinze ans apr\u00e8s les faits, le gouvernement guin\u00e9en a annonc\u00e9 ce\u00a0<strong>mardi 13 mai 2025<\/strong>\u00a0le\u00a0<strong>d\u00e9blocage de 119,9 milliards de francs guin\u00e9ens<\/strong>\u00a0pour l\u2019indemnisation des victimes officiellement reconnues.<\/p>\n<p>La mesure a \u00e9t\u00e9 salu\u00e9e comme un acte fort de justice r\u00e9paratrice, marquant un pas concret vers la reconnaissance des souffrances endur\u00e9es et l\u2019engagement de l\u2019\u00c9tat \u00e0 tourner la page de l\u2019impunit\u00e9.<\/p>\n<h3><strong>Quelles victimes sont concern\u00e9es ?<\/strong><\/h3>\n<p>Selon\u00a0<strong>Abdoulaye Barry<\/strong>, pr\u00e9sident de la commission d\u2019indemnisation, les b\u00e9n\u00e9ficiaires ont \u00e9t\u00e9 identifi\u00e9s \u00e0 partir du\u00a0<strong>jugement criminel n\u00b0019 du 31 juillet 2024<\/strong>, rendu par le tribunal de premi\u00e8re instance de Dixinn. Ils sont r\u00e9partis en quatre cat\u00e9gories, en fonction des infractions subies :<\/p>\n<ul>\n<li>Femmes victimes de viol,<\/li>\n<li>Personnes d\u00e9c\u00e9d\u00e9es ou port\u00e9es disparues,<\/li>\n<li>Victimes de coups et blessures,<\/li>\n<li>Victimes de pillages de biens.<\/li>\n<\/ul>\n<p>La commission est charg\u00e9e de la\u00a0<strong>v\u00e9rification nominative<\/strong>, de\u00a0<strong>l\u2019identification physique des victimes<\/strong>, et de l\u2019<strong>application du bar\u00e8me d\u2019indemnisation<\/strong>\u00a0fix\u00e9 selon la gravit\u00e9 des pr\u00e9judices.<\/p>\n<p>Au total,\u00a0<strong>334 victimes<\/strong>\u00a0ont \u00e9t\u00e9 officiellement identifi\u00e9es. Une premi\u00e8re vague a d\u00e9j\u00e0 re\u00e7u ses indemnisations sous forme de ch\u00e8ques ce mardi.<\/p>\n<p>Alors que cette premi\u00e8re \u00e9tape de r\u00e9paration financi\u00e8re commence, les regards se tournent d\u00e9sormais vers la suite du processus : r\u00e9insertion, soutien psychologique, et reconnaissance institutionnelle.<\/p>\n<p>&nbsp;<\/p>\n<p>Ledenonciateur224.com<\/p>\n","protected":false},"excerpt":{"rendered":"<p>Un tournant historique s\u2019amorce pour les victimes des tragiques \u00e9v\u00e9nements du 28 septembre 2009. Quinze ans apr\u00e8s les faits, le gouvernement guin\u00e9en a annonc\u00e9 ce\u00a0mardi 13 mai 2025\u00a0le\u00a0d\u00e9blocage de 119,9 milliards de francs guin\u00e9ens\u00a0pour l\u2019indemnisation des victimes officiellement reconnues. La mesure a \u00e9t\u00e9 salu\u00e9e comme un acte fort de justice r\u00e9paratrice, marquant un pas concret [&hellip;]<\/p>\n","protected":false},"author":2,"featured_media":2929,"comment_status":"open","ping_status":"open","sticky":false,"template":"","format":"standard","meta":{"_jetpack_memberships_contains_paid_content":false,"footnotes":"","jetpack_publicize_message":"","jetpack_publicize_feature_enabled":true,"jetpack_social_post_already_shared":true,"jetpack_social_options":{"image_generator_settings":{"template":"highway","default_image_id":0,"font":"","enabled":false},"version":2}},"categories":[30,24],"tags":[604,561],"class_list":{"0":"post-2928","1":"post","2":"type-post","3":"status-publish","4":"format-standard","5":"has-post-thumbnail","7":"category-faits-divers","8":"category-news","9":"tag-actualite-de-guinee","10":"tag-proces-du-massacre"},"jetpack_publicize_connections":[],"jetpack_featured_media_url":"https:\/\/ledenonciateur224.com\/wp-content\/uploads\/2025\/05\/proces-28-septembre.jpeg","jetpack_sharing_enabled":true,"_links":{"self":[{"href":"https:\/\/ledenonciateur224.com\/index.php\/wp-json\/wp\/v2\/posts\/2928","targetHints":{"allow":["GET"]}}],"collection":[{"href":"https:\/\/ledenonciateur224.com\/index.php\/wp-json\/wp\/v2\/posts"}],"about":[{"href":"https:\/\/ledenonciateur224.com\/index.php\/wp-json\/wp\/v2\/types\/post"}],"author":[{"embeddable":true,"href":"https:\/\/ledenonciateur224.com\/index.php\/wp-json\/wp\/v2\/users\/2"}],"replies":[{"embeddable":true,"href":"https:\/\/ledenonciateur224.com\/index.php\/wp-json\/wp\/v2\/comments?post=2928"}],"version-history":[{"count":0,"href":"https:\/\/ledenonciateur224.com\/index.php\/wp-json\/wp\/v2\/posts\/2928\/revisions"}],"wp:featuredmedia":[{"embeddable":true,"href":"https:\/\/ledenonciateur224.com\/index.php\/wp-json\/wp\/v2\/media\/2929"}],"wp:attachment":[{"href":"https:\/\/ledenonciateur224.com\/index.php\/wp-json\/wp\/v2\/media?parent=2928"}],"wp:term":[{"taxonomy":"category","embeddable":true,"href":"https:\/\/ledenonciateur224.com\/index.php\/wp-json\/wp\/v2\/categories?post=2928"},{"taxonomy":"post_tag","embeddable":true,"href":"https:\/\/ledenonciateur224.com\/index.php\/wp-json\/wp\/v2\/tags?post=2928"}],"curies":[{"name":"wp","href":"https:\/\/api.w.org\/{rel}","templated":true}]}}