{"id":2937,"date":"2025-05-14T13:35:25","date_gmt":"2025-05-14T13:35:25","guid":{"rendered":"https:\/\/ledenonciateur224.com\/?p=2937"},"modified":"2025-05-14T13:35:25","modified_gmt":"2025-05-14T13:35:25","slug":"78-ans-du-pdg-rda-hommage-a-sekou-toure-et-appel-a-lunite-nationale","status":"publish","type":"post","link":"https:\/\/ledenonciateur224.com\/index.php\/78-ans-du-pdg-rda-hommage-a-sekou-toure-et-appel-a-lunite-nationale\/","title":{"rendered":"78 ans du PDG-RDA : Hommage \u00e0 S\u00e9kou Tour\u00e9 et appel \u00e0 l\u2019unit\u00e9 nationale"},"content":{"rendered":"<p>Le Parti D\u00e9mocratique de Guin\u00e9e (PDG-RDA), fond\u00e9 par le premier pr\u00e9sident guin\u00e9en Ahmed S\u00e9kou Tour\u00e9, a c\u00e9l\u00e9br\u00e9 ce mercredi 14 mai 2025 son <strong>78e anniversaire<\/strong>. Une c\u00e9r\u00e9monie solennelle a r\u00e9uni \u00e0 Conakry\u00a0<strong>d&rsquo;anciennes figures du r\u00e9gime<\/strong>, des militants historiques, ainsi que des sympathisants venus rendre hommage aux pionniers de l\u2019ind\u00e9pendance africaine.<\/p>\n<p><img loading=\"lazy\" decoding=\"async\" class=\"alignnone size-full wp-image-2939\" src=\"https:\/\/ledenonciateur224.com\/wp-content\/uploads\/2025\/05\/20250514-132330-scaled.jpg\" alt=\"\" width=\"2560\" height=\"1897\" srcset=\"https:\/\/ledenonciateur224.com\/wp-content\/uploads\/2025\/05\/20250514-132330-scaled.jpg 2560w, https:\/\/ledenonciateur224.com\/wp-content\/uploads\/2025\/05\/20250514-132330-300x222.jpg 300w, https:\/\/ledenonciateur224.com\/wp-content\/uploads\/2025\/05\/20250514-132330-1024x759.jpg 1024w, https:\/\/ledenonciateur224.com\/wp-content\/uploads\/2025\/05\/20250514-132330-768x569.jpg 768w, https:\/\/ledenonciateur224.com\/wp-content\/uploads\/2025\/05\/20250514-132330-1536x1138.jpg 1536w, https:\/\/ledenonciateur224.com\/wp-content\/uploads\/2025\/05\/20250514-132330-2048x1517.jpg 2048w, https:\/\/ledenonciateur224.com\/wp-content\/uploads\/2025\/05\/20250514-132330-150x111.jpg 150w, https:\/\/ledenonciateur224.com\/wp-content\/uploads\/2025\/05\/20250514-132330-485x360.jpg 485w, https:\/\/ledenonciateur224.com\/wp-content\/uploads\/2025\/05\/20250514-132330-696x516.jpg 696w, https:\/\/ledenonciateur224.com\/wp-content\/uploads\/2025\/05\/20250514-132330-1068x791.jpg 1068w, https:\/\/ledenonciateur224.com\/wp-content\/uploads\/2025\/05\/20250514-132330-1920x1422.jpg 1920w, https:\/\/ledenonciateur224.com\/wp-content\/uploads\/2025\/05\/20250514-132330-567x420.jpg 567w, https:\/\/ledenonciateur224.com\/wp-content\/uploads\/2025\/05\/20250514-132330-80x60.jpg 80w\" sizes=\"auto, (max-width: 2560px) 100vw, 2560px\" \/><\/p>\n<p>\u00c0 cette occasion,\u00a0<strong>un hommage appuy\u00e9 a \u00e9t\u00e9 adress\u00e9 non seulement \u00e0 S\u00e9kou Tour\u00e9 et ses compagnons<\/strong>, mais aussi au pr\u00e9sident de la transition, le g\u00e9n\u00e9ral\u00a0<strong>Mamadi Doumbouya<\/strong>, salu\u00e9 pour sa d\u00e9marche jug\u00e9e conforme \u00e0 l&rsquo;esprit des \u00ab devanciers \u00bb.<\/p>\n<p>Parmi les interventions marquantes,\u00a0<strong>Hadja Saran Daraba<\/strong>\u00a0et\u00a0<strong>Madifing Dian\u00e9<\/strong>\u00a0ont revisit\u00e9 les grandes luttes du PDG-RDA pour la lib\u00e9ration du continent africain. Hadja Saran a partag\u00e9 un message fort :\u00ab Le camarade Ahmed S\u00e9kou Tour\u00e9 m\u2019avait confi\u00e9 la mission, \u00e0 travers toutes les femmes de Guin\u00e9e, de pr\u00e9server la paix et la qui\u00e9tude sociale. Le g\u00e9n\u00e9ral Lansana Cont\u00e9 me l\u2019a rappel\u00e9 aussi :<\/p>\n<p><img loading=\"lazy\" decoding=\"async\" class=\"alignnone size-full wp-image-2940\" src=\"https:\/\/ledenonciateur224.com\/wp-content\/uploads\/2025\/05\/20250514-132148-scaled.jpg\" alt=\"\" width=\"2560\" height=\"1920\" srcset=\"https:\/\/ledenonciateur224.com\/wp-content\/uploads\/2025\/05\/20250514-132148-scaled.jpg 2560w, https:\/\/ledenonciateur224.com\/wp-content\/uploads\/2025\/05\/20250514-132148-300x225.jpg 300w, https:\/\/ledenonciateur224.com\/wp-content\/uploads\/2025\/05\/20250514-132148-1024x768.jpg 1024w, https:\/\/ledenonciateur224.com\/wp-content\/uploads\/2025\/05\/20250514-132148-768x576.jpg 768w, https:\/\/ledenonciateur224.com\/wp-content\/uploads\/2025\/05\/20250514-132148-1536x1152.jpg 1536w, https:\/\/ledenonciateur224.com\/wp-content\/uploads\/2025\/05\/20250514-132148-2048x1536.jpg 2048w, https:\/\/ledenonciateur224.com\/wp-content\/uploads\/2025\/05\/20250514-132148-150x113.jpg 150w, https:\/\/ledenonciateur224.com\/wp-content\/uploads\/2025\/05\/20250514-132148-696x522.jpg 696w, https:\/\/ledenonciateur224.com\/wp-content\/uploads\/2025\/05\/20250514-132148-1068x801.jpg 1068w, https:\/\/ledenonciateur224.com\/wp-content\/uploads\/2025\/05\/20250514-132148-1920x1440.jpg 1920w, https:\/\/ledenonciateur224.com\/wp-content\/uploads\/2025\/05\/20250514-132148-560x420.jpg 560w, https:\/\/ledenonciateur224.com\/wp-content\/uploads\/2025\/05\/20250514-132148-80x60.jpg 80w, https:\/\/ledenonciateur224.com\/wp-content\/uploads\/2025\/05\/20250514-132148-265x198.jpg 265w\" sizes=\"auto, (max-width: 2560px) 100vw, 2560px\" \/><\/p>\n<p>\u201cSaran Daraba, c\u2019est vous qui aimez ce pays. Les hommes ne voient que leurs int\u00e9r\u00eats. Prenez soin de la Guin\u00e9e.\u201d \u00bb<\/p>\n<p>Cette c\u00e9l\u00e9bration s&rsquo;est transform\u00e9e en un vibrant\u00a0<strong>appel \u00e0 la m\u00e9moire, \u00e0 la paix et \u00e0 la responsabilit\u00e9 collective pour l\u2019avenir du pays.<\/strong><\/p>\n<p>&nbsp;<\/p>\n<p>Ledenonciateur224.com<\/p>\n","protected":false},"excerpt":{"rendered":"<p>Le Parti D\u00e9mocratique de Guin\u00e9e (PDG-RDA), fond\u00e9 par le premier pr\u00e9sident guin\u00e9en Ahmed S\u00e9kou Tour\u00e9, a c\u00e9l\u00e9br\u00e9 ce mercredi 14 mai 2025 son 78e anniversaire. Une c\u00e9r\u00e9monie solennelle a r\u00e9uni \u00e0 Conakry\u00a0d&rsquo;anciennes figures du r\u00e9gime, des militants historiques, ainsi que des sympathisants venus rendre hommage aux pionniers de l\u2019ind\u00e9pendance africaine. \u00c0 cette occasion,\u00a0un hommage appuy\u00e9 [&hellip;]<\/p>\n","protected":false},"author":2,"featured_media":2938,"comment_status":"open","ping_status":"open","sticky":false,"template":"","format":"standard","meta":{"_jetpack_memberships_contains_paid_content":false,"footnotes":"","jetpack_publicize_message":"","jetpack_publicize_feature_enabled":true,"jetpack_social_post_already_shared":true,"jetpack_social_options":{"image_generator_settings":{"template":"highway","default_image_id":0,"font":"","enabled":false},"version":2}},"categories":[24,27],"tags":[604,773,326],"class_list":{"0":"post-2937","1":"post","2":"type-post","3":"status-publish","4":"format-standard","5":"has-post-thumbnail","7":"category-news","8":"category-politique","9":"tag-actualite-de-guinee","10":"tag-celebration","11":"tag-pdg-rda"},"jetpack_publicize_connections":[],"jetpack_featured_media_url":"https:\/\/ledenonciateur224.com\/wp-content\/uploads\/2025\/05\/20250514-132607-scaled.jpg","jetpack_sharing_enabled":true,"_links":{"self":[{"href":"https:\/\/ledenonciateur224.com\/index.php\/wp-json\/wp\/v2\/posts\/2937","targetHints":{"allow":["GET"]}}],"collection":[{"href":"https:\/\/ledenonciateur224.com\/index.php\/wp-json\/wp\/v2\/posts"}],"about":[{"href":"https:\/\/ledenonciateur224.com\/index.php\/wp-json\/wp\/v2\/types\/post"}],"author":[{"embeddable":true,"href":"https:\/\/ledenonciateur224.com\/index.php\/wp-json\/wp\/v2\/users\/2"}],"replies":[{"embeddable":true,"href":"https:\/\/ledenonciateur224.com\/index.php\/wp-json\/wp\/v2\/comments?post=2937"}],"version-history":[{"count":0,"href":"https:\/\/ledenonciateur224.com\/index.php\/wp-json\/wp\/v2\/posts\/2937\/revisions"}],"wp:featuredmedia":[{"embeddable":true,"href":"https:\/\/ledenonciateur224.com\/index.php\/wp-json\/wp\/v2\/media\/2938"}],"wp:attachment":[{"href":"https:\/\/ledenonciateur224.com\/index.php\/wp-json\/wp\/v2\/media?parent=2937"}],"wp:term":[{"taxonomy":"category","embeddable":true,"href":"https:\/\/ledenonciateur224.com\/index.php\/wp-json\/wp\/v2\/categories?post=2937"},{"taxonomy":"post_tag","embeddable":true,"href":"https:\/\/ledenonciateur224.com\/index.php\/wp-json\/wp\/v2\/tags?post=2937"}],"curies":[{"name":"wp","href":"https:\/\/api.w.org\/{rel}","templated":true}]}}