{"id":2945,"date":"2025-05-14T21:25:40","date_gmt":"2025-05-14T21:25:40","guid":{"rendered":"https:\/\/ledenonciateur224.com\/?p=2945"},"modified":"2025-05-14T21:25:40","modified_gmt":"2025-05-14T21:25:40","slug":"lutte-contre-le-tabac-en-guinee-ibrahima-sory-cisse-interpelle-letat-sur-lurgence-dagir-plaide-pour-des-reformes-fiscales-et-lapplication-des-engagements-interna","status":"publish","type":"post","link":"https:\/\/ledenonciateur224.com\/index.php\/lutte-contre-le-tabac-en-guinee-ibrahima-sory-cisse-interpelle-letat-sur-lurgence-dagir-plaide-pour-des-reformes-fiscales-et-lapplication-des-engagements-interna\/","title":{"rendered":"Lutte contre le tabac en Guin\u00e9e : Ibrahima Sory Ciss\u00e9 interpelle l\u2019\u00c9tat sur l\u2019urgence d\u2019agir, plaide pour des r\u00e9formes fiscales et l\u2019application des engagements internationaux"},"content":{"rendered":"<p>Dans le cadre de la lutte contre la consommation de tabac et de ses d\u00e9riv\u00e9s en R\u00e9publique de Guin\u00e9e, <strong>l\u2019Institut Itin\u00e9rant de Formation et de Pr\u00e9vention Int\u00e9gr\u00e9es contre la Drogue et Autres Conduites Addictives (IIFPIDCA)<\/strong>\u00a0a sign\u00e9 un\u00a0<strong>partenariat strat\u00e9gique<\/strong>\u00a0avec l\u2019ONG\u00a0<strong>G\u00e9n\u00e9ration Sans Tabac<\/strong>, ce mardi 13 mai 2025 \u00e0 Conakry.<\/p>\n<p><img loading=\"lazy\" decoding=\"async\" class=\"alignnone size-full wp-image-2946\" src=\"https:\/\/ledenonciateur224.com\/wp-content\/uploads\/2025\/05\/fb-img-1747257211295.jpg\" alt=\"\" width=\"720\" height=\"405\" srcset=\"https:\/\/ledenonciateur224.com\/wp-content\/uploads\/2025\/05\/fb-img-1747257211295.jpg 720w, https:\/\/ledenonciateur224.com\/wp-content\/uploads\/2025\/05\/fb-img-1747257211295-300x169.jpg 300w, https:\/\/ledenonciateur224.com\/wp-content\/uploads\/2025\/05\/fb-img-1747257211295-150x84.jpg 150w, https:\/\/ledenonciateur224.com\/wp-content\/uploads\/2025\/05\/fb-img-1747257211295-696x392.jpg 696w\" sizes=\"auto, (max-width: 720px) 100vw, 720px\" \/><\/p>\n<p>La c\u00e9r\u00e9monie s\u2019est d\u00e9roul\u00e9e en pr\u00e9sence des responsables des deux structures, qui ont r\u00e9affirm\u00e9 leur engagement \u00e0\u00a0<strong>prot\u00e9ger la jeunesse guin\u00e9enne des fl\u00e9aux que repr\u00e9sentent le tabac, la chicha, l\u2019alcool et la drogue<\/strong>.<\/p>\n<p>Dans son discours,\u00a0<strong>Thierno Bah<\/strong>, directeur g\u00e9n\u00e9ral de l\u2019IIFPIDCA, a rappel\u00e9 la mission confi\u00e9e par le ministre de l\u2019Enseignement sup\u00e9rieur :\u00a0<strong>collaborer avec toutes les structures engag\u00e9es dans la lutte contre les conduites addictives<\/strong>\u00a0afin de renforcer leurs capacit\u00e9s. Il a soulign\u00e9 l\u2019urgence de sensibiliser les jeunes de 15 \u00e0 18 ans, qui repr\u00e9senteront l\u2019\u00e9lite active de\u00a0<strong>Simandou 2040<\/strong>.\u00ab Le tabac est un probl\u00e8me majeur de sant\u00e9 publique. Selon notre \u00e9tude dans le pr\u00e9-universitaire,\u00a0<strong>3,85 % des jeunes fument<\/strong>, et\u00a0<strong>45 % des jeunes filles consomment la chicha<\/strong>\u00a0\u00bb, a-t-il alert\u00e9.<\/p>\n<p>Le partenariat repose sur\u00a0<strong>trois grands axes<\/strong>\u00a0:<\/p>\n<ul>\n<li>Le\u00a0<strong>renforcement des capacit\u00e9s<\/strong>\u00a0des acteurs,<\/li>\n<li>La\u00a0<strong>cr\u00e9ation de plateformes de sensibilisation<\/strong>,<\/li>\n<li>L&rsquo;utilisation des\u00a0<strong>m\u00e9dias et r\u00e9seaux sociaux<\/strong>\u00a0pour promouvoir le changement de comportement.<\/li>\n<\/ul>\n<p>L\u2019IIFPIDCA pr\u00e9voit \u00e9galement une\u00a0<strong>participation active \u00e0 la Journ\u00e9e internationale de lutte contre le tabac<\/strong>\u00a0le 31 mai prochain \u00e0 Coyah, dans la r\u00e9gion de Kindia.<\/p>\n<p><img loading=\"lazy\" decoding=\"async\" class=\"alignnone size-full wp-image-2947\" src=\"https:\/\/ledenonciateur224.com\/wp-content\/uploads\/2025\/05\/tabac.jpg\" alt=\"\" width=\"720\" height=\"405\" srcset=\"https:\/\/ledenonciateur224.com\/wp-content\/uploads\/2025\/05\/tabac.jpg 720w, https:\/\/ledenonciateur224.com\/wp-content\/uploads\/2025\/05\/tabac-300x169.jpg 300w, https:\/\/ledenonciateur224.com\/wp-content\/uploads\/2025\/05\/tabac-150x84.jpg 150w, https:\/\/ledenonciateur224.com\/wp-content\/uploads\/2025\/05\/tabac-696x392.jpg 696w\" sizes=\"auto, (max-width: 720px) 100vw, 720px\" \/><\/p>\n<p>De son c\u00f4t\u00e9,\u00a0<strong>Ibrahima Sory Ciss\u00e9<\/strong>, pr\u00e9sident de G\u00e9n\u00e9ration Sans Tabac, s\u2019est f\u00e9licit\u00e9 de cette collaboration.\u00a0\u00ab\u00a0Nous sommes tr\u00e8s ravis ce 13 mai 2025 de la signature de la convention de partenariat entre l\u2019institut itin\u00e9rant de la lutte contre la drogue et notre ONG, g\u00e9n\u00e9ration sans tabac. Cette signature de convention fait foi dans la lutte contre la drogue, la consommation de la cigarette, la consommation du tabac et d\u00e9riv\u00e9s.\u00a0\u00a0Nous ONG,\u00a0\u00a0g\u00e9n\u00e9ration sans tabac, nous l\u2019avons cr\u00e9\u00e9 pour sauver des vies humaines. Nous l\u2019avons cr\u00e9\u00e9 pour faire la promotion de la sant\u00e9,\u00a0\u00a0parce qu\u2019une population qui n\u2019est pas en bonne sant\u00e9 est appel\u00e9e \u00e0 dispara\u00eetre\u00a0\u00bb.<\/p>\n<p>Il a lanc\u00e9 un\u00a0<strong>appel pressant aux autorit\u00e9s<\/strong>\u00a0pour un meilleur accompagnement des ONG de terrain :\u00ab Une population non prot\u00e9g\u00e9e contre le tabac est une population en danger. Quand la volont\u00e9 politique suit, nous pouvons changer les choses. \u00bb<\/p>\n<p>Il a \u00e9galement d\u00e9nonc\u00e9\u00a0<strong>le non-respect des conventions internationales<\/strong>\u00a0ratifi\u00e9es par la Guin\u00e9e et demand\u00e9 au minist\u00e8re du Commerce\u00a0<strong>d\u2019augmenter les taxes sur le tabac<\/strong>, afin d\u2019en r\u00e9duire la consommation.<\/p>\n<p>&nbsp;<\/p>\n<p>Ledenonciateur224.com<\/p>\n","protected":false},"excerpt":{"rendered":"<p>Dans le cadre de la lutte contre la consommation de tabac et de ses d\u00e9riv\u00e9s en R\u00e9publique de Guin\u00e9e, l\u2019Institut Itin\u00e9rant de Formation et de Pr\u00e9vention Int\u00e9gr\u00e9es contre la Drogue et Autres Conduites Addictives (IIFPIDCA)\u00a0a sign\u00e9 un\u00a0partenariat strat\u00e9gique\u00a0avec l\u2019ONG\u00a0G\u00e9n\u00e9ration Sans Tabac, ce mardi 13 mai 2025 \u00e0 Conakry. La c\u00e9r\u00e9monie s\u2019est d\u00e9roul\u00e9e en pr\u00e9sence des [&hellip;]<\/p>\n","protected":false},"author":2,"featured_media":2948,"comment_status":"open","ping_status":"open","sticky":false,"template":"","format":"standard","meta":{"_jetpack_memberships_contains_paid_content":false,"footnotes":"","jetpack_publicize_message":"","jetpack_publicize_feature_enabled":true,"jetpack_social_post_already_shared":true,"jetpack_social_options":{"image_generator_settings":{"template":"highway","default_image_id":0,"font":"","enabled":false},"version":2}},"categories":[30,24],"tags":[775,769,774],"class_list":{"0":"post-2945","1":"post","2":"type-post","3":"status-publish","4":"format-standard","5":"has-post-thumbnail","7":"category-faits-divers","8":"category-news","9":"tag-generation-sans-tabac","10":"tag-lutte-contre-la-tabac","11":"tag-tabac"},"jetpack_publicize_connections":[],"jetpack_featured_media_url":"https:\/\/ledenonciateur224.com\/wp-content\/uploads\/2025\/05\/fb-img-1747257224092.jpg","jetpack_sharing_enabled":true,"_links":{"self":[{"href":"https:\/\/ledenonciateur224.com\/index.php\/wp-json\/wp\/v2\/posts\/2945","targetHints":{"allow":["GET"]}}],"collection":[{"href":"https:\/\/ledenonciateur224.com\/index.php\/wp-json\/wp\/v2\/posts"}],"about":[{"href":"https:\/\/ledenonciateur224.com\/index.php\/wp-json\/wp\/v2\/types\/post"}],"author":[{"embeddable":true,"href":"https:\/\/ledenonciateur224.com\/index.php\/wp-json\/wp\/v2\/users\/2"}],"replies":[{"embeddable":true,"href":"https:\/\/ledenonciateur224.com\/index.php\/wp-json\/wp\/v2\/comments?post=2945"}],"version-history":[{"count":0,"href":"https:\/\/ledenonciateur224.com\/index.php\/wp-json\/wp\/v2\/posts\/2945\/revisions"}],"wp:featuredmedia":[{"embeddable":true,"href":"https:\/\/ledenonciateur224.com\/index.php\/wp-json\/wp\/v2\/media\/2948"}],"wp:attachment":[{"href":"https:\/\/ledenonciateur224.com\/index.php\/wp-json\/wp\/v2\/media?parent=2945"}],"wp:term":[{"taxonomy":"category","embeddable":true,"href":"https:\/\/ledenonciateur224.com\/index.php\/wp-json\/wp\/v2\/categories?post=2945"},{"taxonomy":"post_tag","embeddable":true,"href":"https:\/\/ledenonciateur224.com\/index.php\/wp-json\/wp\/v2\/tags?post=2945"}],"curies":[{"name":"wp","href":"https:\/\/api.w.org\/{rel}","templated":true}]}}