{"id":3063,"date":"2025-05-22T16:39:45","date_gmt":"2025-05-22T16:39:45","guid":{"rendered":"https:\/\/ledenonciateur224.com\/?p=3063"},"modified":"2025-05-22T16:39:45","modified_gmt":"2025-05-22T16:39:45","slug":"permis-miniers-retires-letat-reprend-la-main-sur-les-richesses-de-la-guinee","status":"publish","type":"post","link":"https:\/\/ledenonciateur224.com\/index.php\/permis-miniers-retires-letat-reprend-la-main-sur-les-richesses-de-la-guinee\/","title":{"rendered":"Permis miniers retir\u00e9s : l&rsquo;\u00c9tat reprend la main sur les richesses de la Guin\u00e9e"},"content":{"rendered":"<div dir=\"auto\"><strong>Conakry, 22 mai 2025, l<\/strong>e gouvernement guin\u00e9en poursuit son vaste chantier de r\u00e9forme du secteur minier. Lors d\u2019une conf\u00e9rence de presse conjointe anim\u00e9e ce jeudi par le ministre Secr\u00e9taire g\u00e9n\u00e9ral de la Pr\u00e9sidence, le g\u00e9n\u00e9ral Amara Camara, et le porte-parole du Gouvernement, des pr\u00e9cisions ont \u00e9t\u00e9 apport\u00e9es sur le retrait r\u00e9cent de plusieurs permis miniers \u00e0 des soci\u00e9t\u00e9s op\u00e9rant dans le pays.<\/div>\n<div dir=\"auto\"><\/div>\n<div dir=\"auto\"><img loading=\"lazy\" decoding=\"async\" class=\"alignnone size-full wp-image-3065\" src=\"https:\/\/ledenonciateur224.com\/wp-content\/uploads\/2025\/05\/499718851-1224867049649805-6697298843040445493-n-768x576-1.jpg\" alt=\"\" width=\"768\" height=\"576\" srcset=\"https:\/\/ledenonciateur224.com\/wp-content\/uploads\/2025\/05\/499718851-1224867049649805-6697298843040445493-n-768x576-1.jpg 768w, https:\/\/ledenonciateur224.com\/wp-content\/uploads\/2025\/05\/499718851-1224867049649805-6697298843040445493-n-768x576-1-300x225.jpg 300w, https:\/\/ledenonciateur224.com\/wp-content\/uploads\/2025\/05\/499718851-1224867049649805-6697298843040445493-n-768x576-1-150x113.jpg 150w, https:\/\/ledenonciateur224.com\/wp-content\/uploads\/2025\/05\/499718851-1224867049649805-6697298843040445493-n-768x576-1-696x522.jpg 696w, https:\/\/ledenonciateur224.com\/wp-content\/uploads\/2025\/05\/499718851-1224867049649805-6697298843040445493-n-768x576-1-560x420.jpg 560w, https:\/\/ledenonciateur224.com\/wp-content\/uploads\/2025\/05\/499718851-1224867049649805-6697298843040445493-n-768x576-1-80x60.jpg 80w, https:\/\/ledenonciateur224.com\/wp-content\/uploads\/2025\/05\/499718851-1224867049649805-6697298843040445493-n-768x576-1-265x198.jpg 265w\" sizes=\"auto, (max-width: 768px) 100vw, 768px\" \/><\/div>\n<div dir=\"auto\">\n<p>Le g\u00e9n\u00e9ral Amara Camara a justifi\u00e9 cette s\u00e9rie de r\u00e9vocations par des manquements graves au Code minier, soulignant la volont\u00e9 du chef de l\u2019\u00c9tat d\u2019assainir en profondeur un secteur jug\u00e9 opaque.\u00ab Les mines \u00e9taient devenues en Guin\u00e9e quelque chose de tr\u00e8s bien connu pour le Guin\u00e9en, mais on ne savait pas clairement quel \u00e9tait l\u2019\u00e9tat de notre cadastre. Un travail de toilettage a \u00e9t\u00e9 effectu\u00e9 depuis quelque temps, et ce sont ces r\u00e9sultats-l\u00e0 que vous commencez \u00e0 voir \u00bb, a d\u00e9clar\u00e9 le ministre.<\/p>\n<p>Il a rappel\u00e9 que\u00a0<strong>deux premiers permis<\/strong>, ceux de\u00a0<strong>K\u00e9bo<\/strong>\u00a0et\u00a0<strong>Guiter<\/strong>, avaient \u00e9t\u00e9 retir\u00e9s pour\u00a0<strong>non-respect du Code minier<\/strong>. Une d\u00e9cision symbolique, car ces permis avaient \u00e9t\u00e9 accord\u00e9s par le\u00a0<strong>CNRD<\/strong>\u00a0(Comit\u00e9 national du rassemblement pour le d\u00e9veloppement)\u00a0<strong>sous l\u2019\u00e8re du g\u00e9n\u00e9ral Mamadi Doumbouya<\/strong>.\u00ab Pour donner l\u2019exemple, le pr\u00e9sident a commenc\u00e9 par retirer les deux premiers permis qu\u2019il avait lui-m\u00eame attribu\u00e9s. Ensuite, le travail d\u2019assainissement a continu\u00e9, touchant 51 permis d\u2019exploitation industrielle et semi-industrielle \u00bb, a-t-il pr\u00e9cis\u00e9.<\/p>\n<p>Le gouvernement ne compte pas s\u2019arr\u00eater l\u00e0. Selon le g\u00e9n\u00e9ral Camara,\u00a0<strong>une centaine de permis de recherche<\/strong>\u00a0ont \u00e9galement \u00e9t\u00e9 annul\u00e9s, et\u00a0<strong>pr\u00e8s de 90 autres<\/strong>\u00a0sont en voie d\u2019\u00eatre retir\u00e9s pour \u00eatre plac\u00e9s dans ce qu\u2019il a appel\u00e9\u00a0<strong>la \u201cr\u00e9serve strat\u00e9gique de l\u2019\u00c9tat\u201d<\/strong>.\u00ab C\u2019est pour permettre \u00e0 l\u2019\u00c9tat de voir plus clair dans ce qui se passe dans la Guin\u00e9e profonde, surtout dans nos terres, car ce sont nos richesses. Il faut que les richesses qui appartiennent \u00e0 la Guin\u00e9e profitent \u00e0 tous les Guin\u00e9ens \u00bb, a-t-il affirm\u00e9.\u00ab En les mettant dans la r\u00e9serve strat\u00e9gique de l\u2019\u00c9tat, un travail sera fait pour que ces permis soient attribu\u00e9s aux meilleurs investisseurs, et que, conform\u00e9ment au Code minier, tous les projets soient d\u00e9velopp\u00e9s dans l\u2019int\u00e9r\u00eat de la Guin\u00e9e et des Guin\u00e9ens. \u00bb<\/p>\n<p>Interrog\u00e9 sur les cons\u00e9quences sociales de ces d\u00e9cisions, notamment la perte d\u2019emplois dans les zones mini\u00e8res, le ministre s\u2019est voulu rassurant, bien que prudent sur les d\u00e9tails.\u00ab Nous sommes pleinement conscients que le retrait de ces permis entra\u00eene la suppression de nombreux emplois, ce qui affecte directement des familles. Cependant, des m\u00e9canismes sont en train d\u2019\u00eatre mis en place afin de r\u00e9orienter les personnes concern\u00e9es \u00bb, a d\u00e9clar\u00e9 le g\u00e9n\u00e9ral Camara.\u00ab \u00c0 ce stade, il est pr\u00e9matur\u00e9 d\u2019en d\u00e9voiler les d\u00e9tails, mais soyez assur\u00e9s que des mesures concr\u00e8tes seront prises. \u00bb<\/p>\n<p>Cette op\u00e9ration, pr\u00e9sent\u00e9e comme une mesure \u00ab courageuse \u00bb, marque un tournant dans la gestion des ressources naturelles en Guin\u00e9e. Elle vise \u00e0\u00a0<strong>renforcer la transparence, am\u00e9liorer la gouvernance mini\u00e8re<\/strong>, et\u00a0<strong>attirer des investissements responsables<\/strong>.<\/p>\n<p>Reste \u00e0 voir comment le secteur priv\u00e9 et les partenaires internationaux r\u00e9agiront \u00e0 ce changement de cap, qui s\u2019inscrit dans la volont\u00e9 affich\u00e9e du r\u00e9gime de\u00a0<strong>rompre avec les pratiques opaques du pass\u00e9<\/strong>.<\/p>\n<p>&nbsp;<\/p>\n<p>Alpha Soumah<\/p>\n<\/div>\n","protected":false},"excerpt":{"rendered":"<p>Conakry, 22 mai 2025, le gouvernement guin\u00e9en poursuit son vaste chantier de r\u00e9forme du secteur minier. Lors d\u2019une conf\u00e9rence de presse conjointe anim\u00e9e ce jeudi par le ministre Secr\u00e9taire g\u00e9n\u00e9ral de la Pr\u00e9sidence, le g\u00e9n\u00e9ral Amara Camara, et le porte-parole du Gouvernement, des pr\u00e9cisions ont \u00e9t\u00e9 apport\u00e9es sur le retrait r\u00e9cent de plusieurs permis miniers [&hellip;]<\/p>\n","protected":false},"author":2,"featured_media":3064,"comment_status":"open","ping_status":"open","sticky":false,"template":"","format":"standard","meta":{"_jetpack_memberships_contains_paid_content":false,"footnotes":"","jetpack_publicize_message":"","jetpack_publicize_feature_enabled":true,"jetpack_social_post_already_shared":true,"jetpack_social_options":{"image_generator_settings":{"template":"highway","default_image_id":0,"font":"","enabled":false},"version":2}},"categories":[29,24],"tags":[798,800,799],"class_list":{"0":"post-3063","1":"post","2":"type-post","3":"status-publish","4":"format-standard","5":"has-post-thumbnail","7":"category-economie","8":"category-news","9":"tag-cadastre-minier","10":"tag-conference","11":"tag-mines-guinee"},"jetpack_publicize_connections":[],"jetpack_featured_media_url":"https:\/\/ledenonciateur224.com\/wp-content\/uploads\/2025\/05\/499258140-1224867052983138-4869739564154864661-n-768x432-1.jpg","jetpack_sharing_enabled":true,"_links":{"self":[{"href":"https:\/\/ledenonciateur224.com\/index.php\/wp-json\/wp\/v2\/posts\/3063","targetHints":{"allow":["GET"]}}],"collection":[{"href":"https:\/\/ledenonciateur224.com\/index.php\/wp-json\/wp\/v2\/posts"}],"about":[{"href":"https:\/\/ledenonciateur224.com\/index.php\/wp-json\/wp\/v2\/types\/post"}],"author":[{"embeddable":true,"href":"https:\/\/ledenonciateur224.com\/index.php\/wp-json\/wp\/v2\/users\/2"}],"replies":[{"embeddable":true,"href":"https:\/\/ledenonciateur224.com\/index.php\/wp-json\/wp\/v2\/comments?post=3063"}],"version-history":[{"count":0,"href":"https:\/\/ledenonciateur224.com\/index.php\/wp-json\/wp\/v2\/posts\/3063\/revisions"}],"wp:featuredmedia":[{"embeddable":true,"href":"https:\/\/ledenonciateur224.com\/index.php\/wp-json\/wp\/v2\/media\/3064"}],"wp:attachment":[{"href":"https:\/\/ledenonciateur224.com\/index.php\/wp-json\/wp\/v2\/media?parent=3063"}],"wp:term":[{"taxonomy":"category","embeddable":true,"href":"https:\/\/ledenonciateur224.com\/index.php\/wp-json\/wp\/v2\/categories?post=3063"},{"taxonomy":"post_tag","embeddable":true,"href":"https:\/\/ledenonciateur224.com\/index.php\/wp-json\/wp\/v2\/tags?post=3063"}],"curies":[{"name":"wp","href":"https:\/\/api.w.org\/{rel}","templated":true}]}}