{"id":3067,"date":"2025-05-22T23:33:01","date_gmt":"2025-05-22T23:33:01","guid":{"rendered":"https:\/\/ledenonciateur224.com\/?p=3067"},"modified":"2025-05-22T23:33:01","modified_gmt":"2025-05-22T23:33:01","slug":"elections-en-guinee-flou-au-sommet-de-letat-sur-la-tenue-du-scrutin-en-2025","status":"publish","type":"post","link":"https:\/\/ledenonciateur224.com\/index.php\/elections-en-guinee-flou-au-sommet-de-letat-sur-la-tenue-du-scrutin-en-2025\/","title":{"rendered":"\u00c9lections en Guin\u00e9e : Flou au sommet de l&rsquo;Etat sur la tenue du scrutin en 2025"},"content":{"rendered":"<p>Quelques semaines seulement apr\u00e8s l\u2019annonce faite \u00e0 Abidjan par le Premier ministre Amadou Oury Bah, qui affirmait que des \u00e9lections se tiendraient d\u2019ici d\u00e9cembre, une nouvelle d\u00e9claration jette le doute sur la concr\u00e9tisation de cet engagement. En effet, le porte-parole de la pr\u00e9sidence guin\u00e9enne, s\u2019exprimant devant la presse, a exprim\u00e9 son incapacit\u00e9 \u00e0 confirmer une quelconque date \u00e9lectorale, r\u00e9v\u00e9lant une divergence notable au sommet de l\u2019\u00c9tat.<\/p>\n<p><em>\u00ab\u00a0Je ne suis pas en mesure de vous donner une date concernant les \u00e9lections. On a un engagement ferme qui a fait l\u2019objet d\u2019un d\u00e9cret. Le r\u00e9f\u00e9rendum, on va le tenir le 21 septembre de cette ann\u00e9e. Quand on a une constitution, sur la base de la constitution, on va organiser des \u00e9lections. Je l\u2019ai dit tant\u00f4t sans d\u00e9tails, que toutes les institutions issues de la nouvelle constitution, vont \u00eatre mises en place. Ce qui devrait \u00eatre fait par \u00e9lection va se faire.\u00a0\u00bb<\/em><\/p>\n<p>Ces propos laissent entendre que l\u2019organisation des scrutins reste conditionn\u00e9e \u00e0 l\u2019adoption d\u2019une nouvelle loi fondamentale. Pourtant, le Premier ministre semblait bien plus affirmatif il y a quelques semaines, \u00e9voquant m\u00eame un couplage de certains scrutins avant la fin de l\u2019ann\u00e9e. Une d\u00e9claration que le porte-parole de la pr\u00e9sidence semble d\u00e9sormais relativiser :<\/p>\n<p><em>\u00ab\u00a0Pour revenir sur une prise de parole du Premier ministre, chef du gouvernement, qui a dit que cette ann\u00e9e, on va coupler telle \u00e9lection et telle autre. En tant que porte-parole de la pr\u00e9sidence, je ne suis pas en mesure de vous donner une date par rapport \u00e0 la tenue des \u00e9lections. Mais nous allons faire de cette ann\u00e9e, conform\u00e9ment \u00e0 la d\u00e9claration du chef de l\u2019\u00c9tat, une ann\u00e9e \u00e9lectorale. Et la premi\u00e8re des choses, c\u2019est d\u2019avoir une constitution. Quand nous aurons une constitution, on va faire des \u00e9lections.\u00a0\u00bb<\/em><\/p>\n<p>Ce d\u00e9salignement entre les deux hauts responsables de l\u2019ex\u00e9cutif relance les interrogations sur le calendrier \u00e9lectoral en Guin\u00e9e. Si l\u2019intention d\u2019aboutir \u00e0 un processus d\u00e9mocratique semble intacte, les modalit\u00e9s et le timing restent flous, voire contradictoires. L\u2019ann\u00e9e 2025 sera-t-elle v\u00e9ritablement \u00e9lectorale, comme promis ? Rien n\u2019est moins s\u00fbr.<\/p>\n<p>&nbsp;<\/p>\n<p>Aboubacar Moussa Camara<\/p>\n<p>611 70 39 84<\/p>\n","protected":false},"excerpt":{"rendered":"<p>Quelques semaines seulement apr\u00e8s l\u2019annonce faite \u00e0 Abidjan par le Premier ministre Amadou Oury Bah, qui affirmait que des \u00e9lections se tiendraient d\u2019ici d\u00e9cembre, une nouvelle d\u00e9claration jette le doute sur la concr\u00e9tisation de cet engagement. En effet, le porte-parole de la pr\u00e9sidence guin\u00e9enne, s\u2019exprimant devant la presse, a exprim\u00e9 son incapacit\u00e9 \u00e0 confirmer une [&hellip;]<\/p>\n","protected":false},"author":2,"featured_media":3068,"comment_status":"open","ping_status":"open","sticky":false,"template":"","format":"standard","meta":{"_jetpack_memberships_contains_paid_content":false,"footnotes":"","jetpack_publicize_message":"","jetpack_publicize_feature_enabled":true,"jetpack_social_post_already_shared":true,"jetpack_social_options":{"image_generator_settings":{"template":"highway","default_image_id":0,"font":"","enabled":false},"version":2}},"categories":[24,27],"tags":[604,507,801],"class_list":{"0":"post-3067","1":"post","2":"type-post","3":"status-publish","4":"format-standard","5":"has-post-thumbnail","7":"category-news","8":"category-politique","9":"tag-actualite-de-guinee","10":"tag-elections-presidentielles","11":"tag-electorale"},"jetpack_publicize_connections":[],"jetpack_featured_media_url":"https:\/\/ledenonciateur224.com\/wp-content\/uploads\/2025\/05\/general-amara-camara.jpg","jetpack_sharing_enabled":true,"_links":{"self":[{"href":"https:\/\/ledenonciateur224.com\/index.php\/wp-json\/wp\/v2\/posts\/3067","targetHints":{"allow":["GET"]}}],"collection":[{"href":"https:\/\/ledenonciateur224.com\/index.php\/wp-json\/wp\/v2\/posts"}],"about":[{"href":"https:\/\/ledenonciateur224.com\/index.php\/wp-json\/wp\/v2\/types\/post"}],"author":[{"embeddable":true,"href":"https:\/\/ledenonciateur224.com\/index.php\/wp-json\/wp\/v2\/users\/2"}],"replies":[{"embeddable":true,"href":"https:\/\/ledenonciateur224.com\/index.php\/wp-json\/wp\/v2\/comments?post=3067"}],"version-history":[{"count":0,"href":"https:\/\/ledenonciateur224.com\/index.php\/wp-json\/wp\/v2\/posts\/3067\/revisions"}],"wp:featuredmedia":[{"embeddable":true,"href":"https:\/\/ledenonciateur224.com\/index.php\/wp-json\/wp\/v2\/media\/3068"}],"wp:attachment":[{"href":"https:\/\/ledenonciateur224.com\/index.php\/wp-json\/wp\/v2\/media?parent=3067"}],"wp:term":[{"taxonomy":"category","embeddable":true,"href":"https:\/\/ledenonciateur224.com\/index.php\/wp-json\/wp\/v2\/categories?post=3067"},{"taxonomy":"post_tag","embeddable":true,"href":"https:\/\/ledenonciateur224.com\/index.php\/wp-json\/wp\/v2\/tags?post=3067"}],"curies":[{"name":"wp","href":"https:\/\/api.w.org\/{rel}","templated":true}]}}