{"id":307,"date":"2024-12-03T09:06:35","date_gmt":"2024-12-03T09:06:35","guid":{"rendered":"https:\/\/ledenonciateur224.com\/?p=307"},"modified":"2024-12-03T11:38:26","modified_gmt":"2024-12-03T11:38:26","slug":"tragedie-de-nzerekore-me-mohamed-traore-reclame-une-enquete-judiciaire","status":"publish","type":"post","link":"https:\/\/ledenonciateur224.com\/index.php\/tragedie-de-nzerekore-me-mohamed-traore-reclame-une-enquete-judiciaire\/","title":{"rendered":"Trag\u00e9die de N&rsquo;Z\u00e9r\u00e9kor\u00e9 : Me Mohamed Traor\u00e9 r\u00e9clame une enqu\u00eate judiciaire\u00a0"},"content":{"rendered":"<div dir=\"auto\"><img loading=\"lazy\" decoding=\"async\" class=\"alignnone size-medium wp-image-308\" src=\"https:\/\/ledenonciateur224.com\/wp-content\/uploads\/2024\/12\/img-20241202-wa0080-300x240.jpg\" alt=\"\" width=\"300\" height=\"240\" srcset=\"https:\/\/ledenonciateur224.com\/wp-content\/uploads\/2024\/12\/img-20241202-wa0080-300x240.jpg 300w, https:\/\/ledenonciateur224.com\/wp-content\/uploads\/2024\/12\/img-20241202-wa0080-1024x819.jpg 1024w, https:\/\/ledenonciateur224.com\/wp-content\/uploads\/2024\/12\/img-20241202-wa0080-768x614.jpg 768w, https:\/\/ledenonciateur224.com\/wp-content\/uploads\/2024\/12\/img-20241202-wa0080-150x120.jpg 150w, https:\/\/ledenonciateur224.com\/wp-content\/uploads\/2024\/12\/img-20241202-wa0080-696x557.jpg 696w, https:\/\/ledenonciateur224.com\/wp-content\/uploads\/2024\/12\/img-20241202-wa0080-1068x854.jpg 1068w, https:\/\/ledenonciateur224.com\/wp-content\/uploads\/2024\/12\/img-20241202-wa0080-525x420.jpg 525w, https:\/\/ledenonciateur224.com\/wp-content\/uploads\/2024\/12\/img-20241202-wa0080.jpg 1080w\" sizes=\"auto, (max-width: 300px) 100vw, 300px\" \/><em><strong>La bousculade meurtri\u00e8re qui a eu lieu au stade de 3 avril de N&rsquo;Z\u00e9r\u00e9kor\u00e9 le 1er d\u00e9cembre dernier causant 56 morts et de nombreux bless\u00e9s selon le gouvernement ne laisse pas indiff\u00e9rent les d\u00e9fenseurs des droits humains. Ma\u00eetre Mohamed Traor\u00e9 Traor\u00e9, conseiller au CNT (Conseil National de la Transition) par ailleurs avocat \u00e0 la cour demande \u00e0 ce qu&rsquo;une enqu\u00eate judiciaire soit ouverte afin de situer les responsabilit\u00e9s.\u00a0<\/strong><\/em><\/div>\n<div dir=\"auto\"><\/div>\n<div dir=\"auto\">\u00ab\u00a0En attendant des informations officielles sur le bilan humain du drame survenu \u00e0 N&rsquo;Z\u00e9r\u00e9kor\u00e9, il est absolument indispensable qu&rsquo;une enqu\u00eate judiciaire soit ouverte pour en conna\u00eetre les circonstances, situer les responsabilit\u00e9s et engager des poursuites judiciaires. On ne devrait pas se contenter de prier pour le repos des \u00e2mes des disparus et de pr\u00e9senter des condol\u00e9ances aux familles \u00e9plor\u00e9es. Et il ne devra pas s&rsquo;agir d&rsquo;une simple annonce mais d&rsquo;une v\u00e9ritable dont les r\u00e9sultats seront rendus publics et qui sera suivie d&rsquo;actions concr\u00e8tes pour \u00e9viter que pareille trag\u00e9die se reproduise\u00a0\u00bb, a post\u00e9 l&rsquo;ancien B\u00e2tonnier sur sa page Facebook avant de faire un rappel sur l&rsquo;\u00e9v\u00e9nement malheureux de la plage de Rogban\u00e9 qui avaient \u00e9galement fait plusieurs cas de morts.<\/div>\n<div dir=\"auto\"><\/div>\n<div dir=\"auto\">\u00ab\u00a0Il y a quelques ann\u00e9es, des personnes avaient \u00e9t\u00e9 arr\u00eat\u00e9es, plac\u00e9es en d\u00e9tention provisoire et jug\u00e9es lorsqu&rsquo;une trentaine d&rsquo;adolesents et de jeunes avaient perdu la vie sur la plage de Rogban\u00e9 \u00e0 l&rsquo;occasion d&rsquo;un \u00e9v\u00e9nement distractif. Mais tout cela supppose une volont\u00e9 sinc\u00e8re de faire la lumi\u00e8re sur ces \u00e9v\u00e9nements tragiques et non de se d\u00e9douaner\u00a0\u00bb, a-t-il indiqu\u00e9.<\/div>\n<div dir=\"auto\"><\/div>\n<div dir=\"auto\">L&rsquo;\u00e9v\u00e9nement de N&rsquo;Z\u00e9r\u00e9kor\u00e9 a eu lieu au cours de la finale du tournoi dit \u00ab\u00a0refondation\u00a0\u00bb dot\u00e9 du troph\u00e9e G\u00e9n\u00e9ral Mamadi Doumbouya.<\/div>\n","protected":false},"excerpt":{"rendered":"<p>La bousculade meurtri\u00e8re qui a eu lieu au stade de 3 avril de N&rsquo;Z\u00e9r\u00e9kor\u00e9 le 1er d\u00e9cembre dernier causant 56 morts et de nombreux bless\u00e9s selon le gouvernement ne laisse pas indiff\u00e9rent les d\u00e9fenseurs des droits humains. Ma\u00eetre Mohamed Traor\u00e9 Traor\u00e9, conseiller au CNT (Conseil National de la Transition) par ailleurs avocat \u00e0 la cour [&hellip;]<\/p>\n","protected":false},"author":2,"featured_media":308,"comment_status":"open","ping_status":"open","sticky":false,"template":"","format":"standard","meta":{"_jetpack_memberships_contains_paid_content":false,"footnotes":"","jetpack_publicize_message":"","jetpack_publicize_feature_enabled":true,"jetpack_social_post_already_shared":false,"jetpack_social_options":{"image_generator_settings":{"template":"highway","default_image_id":0,"font":"","enabled":false},"version":2}},"categories":[30,24],"tags":[],"class_list":{"0":"post-307","1":"post","2":"type-post","3":"status-publish","4":"format-standard","5":"has-post-thumbnail","7":"category-faits-divers","8":"category-news"},"jetpack_publicize_connections":[],"jetpack_featured_media_url":"https:\/\/ledenonciateur224.com\/wp-content\/uploads\/2024\/12\/img-20241202-wa0080.jpg","jetpack_sharing_enabled":true,"_links":{"self":[{"href":"https:\/\/ledenonciateur224.com\/index.php\/wp-json\/wp\/v2\/posts\/307","targetHints":{"allow":["GET"]}}],"collection":[{"href":"https:\/\/ledenonciateur224.com\/index.php\/wp-json\/wp\/v2\/posts"}],"about":[{"href":"https:\/\/ledenonciateur224.com\/index.php\/wp-json\/wp\/v2\/types\/post"}],"author":[{"embeddable":true,"href":"https:\/\/ledenonciateur224.com\/index.php\/wp-json\/wp\/v2\/users\/2"}],"replies":[{"embeddable":true,"href":"https:\/\/ledenonciateur224.com\/index.php\/wp-json\/wp\/v2\/comments?post=307"}],"version-history":[{"count":0,"href":"https:\/\/ledenonciateur224.com\/index.php\/wp-json\/wp\/v2\/posts\/307\/revisions"}],"wp:featuredmedia":[{"embeddable":true,"href":"https:\/\/ledenonciateur224.com\/index.php\/wp-json\/wp\/v2\/media\/308"}],"wp:attachment":[{"href":"https:\/\/ledenonciateur224.com\/index.php\/wp-json\/wp\/v2\/media?parent=307"}],"wp:term":[{"taxonomy":"category","embeddable":true,"href":"https:\/\/ledenonciateur224.com\/index.php\/wp-json\/wp\/v2\/categories?post=307"},{"taxonomy":"post_tag","embeddable":true,"href":"https:\/\/ledenonciateur224.com\/index.php\/wp-json\/wp\/v2\/tags?post=307"}],"curies":[{"name":"wp","href":"https:\/\/api.w.org\/{rel}","templated":true}]}}