{"id":3070,"date":"2025-05-23T08:38:41","date_gmt":"2025-05-23T08:38:41","guid":{"rendered":"https:\/\/ledenonciateur224.com\/?p=3070"},"modified":"2025-05-23T08:38:41","modified_gmt":"2025-05-23T08:38:41","slug":"kania-soly-2025-kindia-au-coeur-dun-rendez-vous-culturel-majeur-entre-tradition-et-innovation","status":"publish","type":"post","link":"https:\/\/ledenonciateur224.com\/index.php\/kania-soly-2025-kindia-au-coeur-dun-rendez-vous-culturel-majeur-entre-tradition-et-innovation\/","title":{"rendered":"Kania Soly 2025 : Kindia au c\u0153ur d\u2019un rendez-vous culturel majeur entre tradition et innovation"},"content":{"rendered":"<p>En pr\u00e9lude \u00e0 la 6\u1d49 \u00e9dition du prestigieux Festival Kania Soly, pr\u00e9vu la veille, le jour et le lendemain de la f\u00eate de Tabaski, les organisateurs ont anim\u00e9 une conf\u00e9rence de presse ce jeudi 22 mai 2025 pour d\u00e9voiler les grandes lignes de l&rsquo;\u00e9v\u00e9nement. Ce festival, devenu un incontournable de la sc\u00e8ne culturelle guin\u00e9enne, se tiendra sur la symbolique Place des Martyrs, \u00e0 Kindia, chef-lieu de la Basse Guin\u00e9e.<\/p>\n<p><img loading=\"lazy\" decoding=\"async\" class=\"alignnone size-full wp-image-3071\" src=\"https:\/\/ledenonciateur224.com\/wp-content\/uploads\/2025\/05\/img-20250523-wa0009.jpg\" alt=\"\" width=\"2064\" height=\"954\" srcset=\"https:\/\/ledenonciateur224.com\/wp-content\/uploads\/2025\/05\/img-20250523-wa0009.jpg 2064w, https:\/\/ledenonciateur224.com\/wp-content\/uploads\/2025\/05\/img-20250523-wa0009-300x139.jpg 300w, https:\/\/ledenonciateur224.com\/wp-content\/uploads\/2025\/05\/img-20250523-wa0009-1024x473.jpg 1024w, https:\/\/ledenonciateur224.com\/wp-content\/uploads\/2025\/05\/img-20250523-wa0009-768x355.jpg 768w, https:\/\/ledenonciateur224.com\/wp-content\/uploads\/2025\/05\/img-20250523-wa0009-1536x710.jpg 1536w, https:\/\/ledenonciateur224.com\/wp-content\/uploads\/2025\/05\/img-20250523-wa0009-2048x947.jpg 2048w, https:\/\/ledenonciateur224.com\/wp-content\/uploads\/2025\/05\/img-20250523-wa0009-150x69.jpg 150w, https:\/\/ledenonciateur224.com\/wp-content\/uploads\/2025\/05\/img-20250523-wa0009-696x322.jpg 696w, https:\/\/ledenonciateur224.com\/wp-content\/uploads\/2025\/05\/img-20250523-wa0009-1068x494.jpg 1068w, https:\/\/ledenonciateur224.com\/wp-content\/uploads\/2025\/05\/img-20250523-wa0009-1920x887.jpg 1920w, https:\/\/ledenonciateur224.com\/wp-content\/uploads\/2025\/05\/img-20250523-wa0009-909x420.jpg 909w\" sizes=\"auto, (max-width: 2064px) 100vw, 2064px\" \/><\/p>\n<p>Pendant\u00a0<strong>72 heures<\/strong>, Kindia vibrera au rythme de la danse traditionnelle\u00a0<strong>Soly<\/strong>, v\u00e9ritable h\u00e9ritage culturel transmis de g\u00e9n\u00e9ration en g\u00e9n\u00e9ration. Cette ann\u00e9e, le festival franchit un nouveau cap avec la\u00a0<strong>participation renforc\u00e9e de la diaspora guin\u00e9enne<\/strong>\u00a0ainsi que la pr\u00e9sence remarquable d\u2019<strong>artistes et d\u2019hommes de culture venus de France<\/strong>, venus pr\u00eater leur image et leur talent \u00e0 ce rendez-vous qui gagne en envergure.<\/p>\n<p><img loading=\"lazy\" decoding=\"async\" class=\"alignnone size-full wp-image-3072\" src=\"https:\/\/ledenonciateur224.com\/wp-content\/uploads\/2025\/05\/img-20250523-wa0016.jpg\" alt=\"\" width=\"2064\" height=\"954\" srcset=\"https:\/\/ledenonciateur224.com\/wp-content\/uploads\/2025\/05\/img-20250523-wa0016.jpg 2064w, https:\/\/ledenonciateur224.com\/wp-content\/uploads\/2025\/05\/img-20250523-wa0016-300x139.jpg 300w, https:\/\/ledenonciateur224.com\/wp-content\/uploads\/2025\/05\/img-20250523-wa0016-1024x473.jpg 1024w, https:\/\/ledenonciateur224.com\/wp-content\/uploads\/2025\/05\/img-20250523-wa0016-768x355.jpg 768w, https:\/\/ledenonciateur224.com\/wp-content\/uploads\/2025\/05\/img-20250523-wa0016-1536x710.jpg 1536w, https:\/\/ledenonciateur224.com\/wp-content\/uploads\/2025\/05\/img-20250523-wa0016-2048x947.jpg 2048w, https:\/\/ledenonciateur224.com\/wp-content\/uploads\/2025\/05\/img-20250523-wa0016-150x69.jpg 150w, https:\/\/ledenonciateur224.com\/wp-content\/uploads\/2025\/05\/img-20250523-wa0016-696x322.jpg 696w, https:\/\/ledenonciateur224.com\/wp-content\/uploads\/2025\/05\/img-20250523-wa0016-1068x494.jpg 1068w, https:\/\/ledenonciateur224.com\/wp-content\/uploads\/2025\/05\/img-20250523-wa0016-1920x887.jpg 1920w, https:\/\/ledenonciateur224.com\/wp-content\/uploads\/2025\/05\/img-20250523-wa0016-909x420.jpg 909w\" sizes=\"auto, (max-width: 2064px) 100vw, 2064px\" \/><\/p>\n<p>Dans son discours d\u2019ouverture,\u00a0<strong>Makhissa Diakit\u00e9<\/strong>, repr\u00e9sentant la pr\u00e9sidente de l\u2019<strong>Association Kania Dy\u00e9<\/strong>\u00a0et pr\u00e9sidente du comit\u00e9 d\u2019organisation, a soulign\u00e9 l\u2019importance et la vision du festival :<br \/>\n<strong>\u00ab Le festival Kania Soly est un rassemblement de sens, de valeurs et de cr\u00e9ativit\u00e9. Il est une plateforme d\u2019expression pour les talents locaux mais aussi un levier de coh\u00e9sion sociale et un espace de rayonnement culturel r\u00e9gional et international. \u00c0 travers l\u2019\u00e9dition de 2025, nous affirmons haut et fort notre ambition de faire de Kindia un carrefour d\u2019innovation culturelle, mais aussi un espace d\u2019inclusion et un moteur de d\u00e9veloppement territorial. \u00bb<\/strong><\/p>\n<p><img loading=\"lazy\" decoding=\"async\" class=\"alignnone size-full wp-image-3073\" src=\"https:\/\/ledenonciateur224.com\/wp-content\/uploads\/2025\/05\/img-20250523-wa0012.jpg\" alt=\"\" width=\"2064\" height=\"954\" srcset=\"https:\/\/ledenonciateur224.com\/wp-content\/uploads\/2025\/05\/img-20250523-wa0012.jpg 2064w, https:\/\/ledenonciateur224.com\/wp-content\/uploads\/2025\/05\/img-20250523-wa0012-300x139.jpg 300w, https:\/\/ledenonciateur224.com\/wp-content\/uploads\/2025\/05\/img-20250523-wa0012-1024x473.jpg 1024w, https:\/\/ledenonciateur224.com\/wp-content\/uploads\/2025\/05\/img-20250523-wa0012-768x355.jpg 768w, https:\/\/ledenonciateur224.com\/wp-content\/uploads\/2025\/05\/img-20250523-wa0012-1536x710.jpg 1536w, https:\/\/ledenonciateur224.com\/wp-content\/uploads\/2025\/05\/img-20250523-wa0012-2048x947.jpg 2048w, https:\/\/ledenonciateur224.com\/wp-content\/uploads\/2025\/05\/img-20250523-wa0012-150x69.jpg 150w, https:\/\/ledenonciateur224.com\/wp-content\/uploads\/2025\/05\/img-20250523-wa0012-696x322.jpg 696w, https:\/\/ledenonciateur224.com\/wp-content\/uploads\/2025\/05\/img-20250523-wa0012-1068x494.jpg 1068w, https:\/\/ledenonciateur224.com\/wp-content\/uploads\/2025\/05\/img-20250523-wa0012-1920x887.jpg 1920w, https:\/\/ledenonciateur224.com\/wp-content\/uploads\/2025\/05\/img-20250523-wa0012-909x420.jpg 909w\" sizes=\"auto, (max-width: 2064px) 100vw, 2064px\" \/><\/p>\n<p>Pr\u00e9sent \u00e0 cette rencontre,\u00a0<strong>Malick K\u00e9b\u00e9<\/strong>, Directeur g\u00e9n\u00e9ral du\u00a0<strong>FODAC<\/strong>, a mis en lumi\u00e8re la port\u00e9e socio-\u00e9conomique de cet \u00e9v\u00e9nement, au-del\u00e0 de son caract\u00e8re festif :<br \/>\n<strong>\u00ab Kania Soly est un patrimoine national. Nous sommes heureux aujourd\u2019hui que nos expressions culturelles prennent forme. Cet \u00e9v\u00e9nement ne valorise pas uniquement la danse, mais aussi nos pagnes traditionnels, les kend\u00e9li, et l\u2019ensemble de notre artisanat local. \u00bb<\/strong><\/p>\n<p><img loading=\"lazy\" decoding=\"async\" class=\"alignnone size-full wp-image-3074\" src=\"https:\/\/ledenonciateur224.com\/wp-content\/uploads\/2025\/05\/img-20250523-wa0007.jpg\" alt=\"\" width=\"2064\" height=\"954\" srcset=\"https:\/\/ledenonciateur224.com\/wp-content\/uploads\/2025\/05\/img-20250523-wa0007.jpg 2064w, https:\/\/ledenonciateur224.com\/wp-content\/uploads\/2025\/05\/img-20250523-wa0007-300x139.jpg 300w, https:\/\/ledenonciateur224.com\/wp-content\/uploads\/2025\/05\/img-20250523-wa0007-1024x473.jpg 1024w, https:\/\/ledenonciateur224.com\/wp-content\/uploads\/2025\/05\/img-20250523-wa0007-768x355.jpg 768w, https:\/\/ledenonciateur224.com\/wp-content\/uploads\/2025\/05\/img-20250523-wa0007-1536x710.jpg 1536w, https:\/\/ledenonciateur224.com\/wp-content\/uploads\/2025\/05\/img-20250523-wa0007-2048x947.jpg 2048w, https:\/\/ledenonciateur224.com\/wp-content\/uploads\/2025\/05\/img-20250523-wa0007-150x69.jpg 150w, https:\/\/ledenonciateur224.com\/wp-content\/uploads\/2025\/05\/img-20250523-wa0007-696x322.jpg 696w, https:\/\/ledenonciateur224.com\/wp-content\/uploads\/2025\/05\/img-20250523-wa0007-1068x494.jpg 1068w, https:\/\/ledenonciateur224.com\/wp-content\/uploads\/2025\/05\/img-20250523-wa0007-1920x887.jpg 1920w, https:\/\/ledenonciateur224.com\/wp-content\/uploads\/2025\/05\/img-20250523-wa0007-909x420.jpg 909w\" sizes=\"auto, (max-width: 2064px) 100vw, 2064px\" \/><\/p>\n<p>De son c\u00f4t\u00e9, la\u00a0<strong>Directrice G\u00e9n\u00e9rale de l\u2019ONT<\/strong>,\u00a0<strong>Kad\u00e9 Camara<\/strong>, repr\u00e9sentant le\u00a0<strong>ministre de la Culture, du Tourisme et de l\u2019Artisanat<\/strong>,\u00a0<strong>Moussa Mo\u00efse Sylla<\/strong>, a salu\u00e9 la r\u00e9ussite des \u00e9ditions pr\u00e9c\u00e9dentes et a affirm\u00e9 le soutien constant du minist\u00e8re \u00e0 cette nouvelle \u00e9dition :<br \/>\n<strong>\u00ab Le minist\u00e8re de la Culture du Tourisme et de l\u2019Artisanat reste fermement engag\u00e9 \u00e0 accompagner Kania Soly. Ce festival constitue une vitrine exceptionnelle pour la richesse culturelle de la r\u00e9gion de Kindia. \u00bb<\/strong><\/p>\n<p><img loading=\"lazy\" decoding=\"async\" class=\"alignnone size-full wp-image-3075\" src=\"https:\/\/ledenonciateur224.com\/wp-content\/uploads\/2025\/05\/img-20250523-wa0013.jpg\" alt=\"\" width=\"2064\" height=\"954\" srcset=\"https:\/\/ledenonciateur224.com\/wp-content\/uploads\/2025\/05\/img-20250523-wa0013.jpg 2064w, https:\/\/ledenonciateur224.com\/wp-content\/uploads\/2025\/05\/img-20250523-wa0013-300x139.jpg 300w, https:\/\/ledenonciateur224.com\/wp-content\/uploads\/2025\/05\/img-20250523-wa0013-1024x473.jpg 1024w, https:\/\/ledenonciateur224.com\/wp-content\/uploads\/2025\/05\/img-20250523-wa0013-768x355.jpg 768w, https:\/\/ledenonciateur224.com\/wp-content\/uploads\/2025\/05\/img-20250523-wa0013-1536x710.jpg 1536w, https:\/\/ledenonciateur224.com\/wp-content\/uploads\/2025\/05\/img-20250523-wa0013-2048x947.jpg 2048w, https:\/\/ledenonciateur224.com\/wp-content\/uploads\/2025\/05\/img-20250523-wa0013-150x69.jpg 150w, https:\/\/ledenonciateur224.com\/wp-content\/uploads\/2025\/05\/img-20250523-wa0013-696x322.jpg 696w, https:\/\/ledenonciateur224.com\/wp-content\/uploads\/2025\/05\/img-20250523-wa0013-1068x494.jpg 1068w, https:\/\/ledenonciateur224.com\/wp-content\/uploads\/2025\/05\/img-20250523-wa0013-1920x887.jpg 1920w, https:\/\/ledenonciateur224.com\/wp-content\/uploads\/2025\/05\/img-20250523-wa0013-909x420.jpg 909w\" sizes=\"auto, (max-width: 2064px) 100vw, 2064px\" \/><\/p>\n<p>En plus des prestations artistiques, l\u2019\u00e9dition 2025 de Kania Soly sera une\u00a0<strong>opportunit\u00e9 strat\u00e9gique pour promouvoir les objets d\u2019art, les produits artisanaux et les sites touristiques de la r\u00e9gion de Kindia<\/strong>.<\/p>\n<p>Pour assurer le succ\u00e8s de cette grande c\u00e9l\u00e9bration de l\u2019identit\u00e9 guin\u00e9enne, les organisateurs lancent un appel \u00e0 la mobilisation g\u00e9n\u00e9rale :\u00a0<strong>\u00ab Le festival appartient \u00e0 tous. Sa r\u00e9ussite d\u00e9pend de l\u2019implication de chacun pour lui donner la grandeur qu\u2019il m\u00e9rite. \u00bb, d\u00e9clar\u00e9 le commissaire g\u00e9n\u00e9ral Honorable Sorel Keita\u00a0<\/strong><\/p>\n<p><img loading=\"lazy\" decoding=\"async\" class=\"alignnone size-full wp-image-3076\" src=\"https:\/\/ledenonciateur224.com\/wp-content\/uploads\/2025\/05\/img-20250523-wa0017.jpg\" alt=\"\" width=\"2064\" height=\"954\" srcset=\"https:\/\/ledenonciateur224.com\/wp-content\/uploads\/2025\/05\/img-20250523-wa0017.jpg 2064w, https:\/\/ledenonciateur224.com\/wp-content\/uploads\/2025\/05\/img-20250523-wa0017-300x139.jpg 300w, https:\/\/ledenonciateur224.com\/wp-content\/uploads\/2025\/05\/img-20250523-wa0017-1024x473.jpg 1024w, https:\/\/ledenonciateur224.com\/wp-content\/uploads\/2025\/05\/img-20250523-wa0017-768x355.jpg 768w, https:\/\/ledenonciateur224.com\/wp-content\/uploads\/2025\/05\/img-20250523-wa0017-1536x710.jpg 1536w, https:\/\/ledenonciateur224.com\/wp-content\/uploads\/2025\/05\/img-20250523-wa0017-2048x947.jpg 2048w, https:\/\/ledenonciateur224.com\/wp-content\/uploads\/2025\/05\/img-20250523-wa0017-150x69.jpg 150w, https:\/\/ledenonciateur224.com\/wp-content\/uploads\/2025\/05\/img-20250523-wa0017-696x322.jpg 696w, https:\/\/ledenonciateur224.com\/wp-content\/uploads\/2025\/05\/img-20250523-wa0017-1068x494.jpg 1068w, https:\/\/ledenonciateur224.com\/wp-content\/uploads\/2025\/05\/img-20250523-wa0017-1920x887.jpg 1920w, https:\/\/ledenonciateur224.com\/wp-content\/uploads\/2025\/05\/img-20250523-wa0017-909x420.jpg 909w\" sizes=\"auto, (max-width: 2064px) 100vw, 2064px\" \/><\/p>\n<p><img loading=\"lazy\" decoding=\"async\" class=\"alignnone size-full wp-image-3077\" src=\"https:\/\/ledenonciateur224.com\/wp-content\/uploads\/2025\/05\/img-20250523-wa0008.jpg\" alt=\"\" width=\"2064\" height=\"954\" srcset=\"https:\/\/ledenonciateur224.com\/wp-content\/uploads\/2025\/05\/img-20250523-wa0008.jpg 2064w, https:\/\/ledenonciateur224.com\/wp-content\/uploads\/2025\/05\/img-20250523-wa0008-300x139.jpg 300w, https:\/\/ledenonciateur224.com\/wp-content\/uploads\/2025\/05\/img-20250523-wa0008-1024x473.jpg 1024w, https:\/\/ledenonciateur224.com\/wp-content\/uploads\/2025\/05\/img-20250523-wa0008-768x355.jpg 768w, https:\/\/ledenonciateur224.com\/wp-content\/uploads\/2025\/05\/img-20250523-wa0008-1536x710.jpg 1536w, https:\/\/ledenonciateur224.com\/wp-content\/uploads\/2025\/05\/img-20250523-wa0008-2048x947.jpg 2048w, https:\/\/ledenonciateur224.com\/wp-content\/uploads\/2025\/05\/img-20250523-wa0008-150x69.jpg 150w, https:\/\/ledenonciateur224.com\/wp-content\/uploads\/2025\/05\/img-20250523-wa0008-696x322.jpg 696w, https:\/\/ledenonciateur224.com\/wp-content\/uploads\/2025\/05\/img-20250523-wa0008-1068x494.jpg 1068w, https:\/\/ledenonciateur224.com\/wp-content\/uploads\/2025\/05\/img-20250523-wa0008-1920x887.jpg 1920w, https:\/\/ledenonciateur224.com\/wp-content\/uploads\/2025\/05\/img-20250523-wa0008-909x420.jpg 909w\" sizes=\"auto, (max-width: 2064px) 100vw, 2064px\" \/><\/p>\n<p><strong>Aboubacar Moussa Camara\u00a0<\/strong><\/p>\n","protected":false},"excerpt":{"rendered":"<p>En pr\u00e9lude \u00e0 la 6\u1d49 \u00e9dition du prestigieux Festival Kania Soly, pr\u00e9vu la veille, le jour et le lendemain de la f\u00eate de Tabaski, les organisateurs ont anim\u00e9 une conf\u00e9rence de presse ce jeudi 22 mai 2025 pour d\u00e9voiler les grandes lignes de l&rsquo;\u00e9v\u00e9nement. Ce festival, devenu un incontournable de la sc\u00e8ne culturelle guin\u00e9enne, se [&hellip;]<\/p>\n","protected":false},"author":2,"featured_media":3078,"comment_status":"open","ping_status":"open","sticky":false,"template":"","format":"standard","meta":{"_jetpack_memberships_contains_paid_content":false,"footnotes":"","jetpack_publicize_message":"","jetpack_publicize_feature_enabled":true,"jetpack_social_post_already_shared":true,"jetpack_social_options":{"image_generator_settings":{"template":"highway","default_image_id":0,"font":"","enabled":false},"version":2}},"categories":[28,24],"tags":[802,663,510],"class_list":{"0":"post-3070","1":"post","2":"type-post","3":"status-publish","4":"format-standard","5":"has-post-thumbnail","7":"category-culture","8":"category-news","9":"tag-culturel-guineenne","10":"tag-kania-dye","11":"tag-kania-soli"},"jetpack_publicize_connections":[],"jetpack_featured_media_url":"https:\/\/ledenonciateur224.com\/wp-content\/uploads\/2025\/05\/img-20250523-wa0015.jpg","jetpack_sharing_enabled":true,"_links":{"self":[{"href":"https:\/\/ledenonciateur224.com\/index.php\/wp-json\/wp\/v2\/posts\/3070","targetHints":{"allow":["GET"]}}],"collection":[{"href":"https:\/\/ledenonciateur224.com\/index.php\/wp-json\/wp\/v2\/posts"}],"about":[{"href":"https:\/\/ledenonciateur224.com\/index.php\/wp-json\/wp\/v2\/types\/post"}],"author":[{"embeddable":true,"href":"https:\/\/ledenonciateur224.com\/index.php\/wp-json\/wp\/v2\/users\/2"}],"replies":[{"embeddable":true,"href":"https:\/\/ledenonciateur224.com\/index.php\/wp-json\/wp\/v2\/comments?post=3070"}],"version-history":[{"count":0,"href":"https:\/\/ledenonciateur224.com\/index.php\/wp-json\/wp\/v2\/posts\/3070\/revisions"}],"wp:featuredmedia":[{"embeddable":true,"href":"https:\/\/ledenonciateur224.com\/index.php\/wp-json\/wp\/v2\/media\/3078"}],"wp:attachment":[{"href":"https:\/\/ledenonciateur224.com\/index.php\/wp-json\/wp\/v2\/media?parent=3070"}],"wp:term":[{"taxonomy":"category","embeddable":true,"href":"https:\/\/ledenonciateur224.com\/index.php\/wp-json\/wp\/v2\/categories?post=3070"},{"taxonomy":"post_tag","embeddable":true,"href":"https:\/\/ledenonciateur224.com\/index.php\/wp-json\/wp\/v2\/tags?post=3070"}],"curies":[{"name":"wp","href":"https:\/\/api.w.org\/{rel}","templated":true}]}}