{"id":3081,"date":"2025-05-23T19:49:19","date_gmt":"2025-05-23T19:49:19","guid":{"rendered":"https:\/\/ledenonciateur224.com\/?p=3081"},"modified":"2025-05-23T19:49:19","modified_gmt":"2025-05-23T19:49:19","slug":"crise-a-lufdg-la-justice-ordonne-la-reintegration-dousmane-gaoual-diallo-un-camouflet-pour-la-direction-du-parti","status":"publish","type":"post","link":"https:\/\/ledenonciateur224.com\/index.php\/crise-a-lufdg-la-justice-ordonne-la-reintegration-dousmane-gaoual-diallo-un-camouflet-pour-la-direction-du-parti\/","title":{"rendered":"Crise \u00e0 l\u2019UFDG : La justice ordonne la r\u00e9int\u00e9gration d\u2019Ousmane Gaoual Diallo, un camouflet pour la direction du parti"},"content":{"rendered":"<p>Dans un verdict aux cons\u00e9quences politiques majeures, le tribunal de premi\u00e8re instance de Dixinn a tranch\u00e9 en faveur d\u2019Ousmane Gaoual Diallo, actuel ministre des Transports et porte-parole du gouvernement, dans le litige qui l\u2019opposait \u00e0 la direction nationale de l\u2019Union des Forces D\u00e9mocratiques de Guin\u00e9e (UFDG).<\/p>\n<p>La d\u00e9cision judiciaire, rendue ce vendredi 23 mai 2025, confirme celle du 19 juillet 2024, en ordonnant la\u00a0<strong>r\u00e9int\u00e9gration imm\u00e9diate<\/strong>\u00a0de M. Diallo, exclu du parti depuis le 1er juin 2022. Le tribunal a jug\u00e9 que l\u2019UFDG avait viol\u00e9 ses propres statuts et r\u00e8glement int\u00e9rieur en proc\u00e9dant \u00e0 son exclusion.<\/p>\n<p>Ce jugement affaiblit s\u00e9rieusement la position de Cellou Dalein Diallo, leader du parti, et met en lumi\u00e8re les tensions internes qui minent l\u2019unit\u00e9 de la principale formation d\u2019opposition en Guin\u00e9e.<\/p>\n<p>Malgr\u00e9 ce revers, le tribunal autorise toutefois l\u2019UFDG \u00e0 poursuivre ses activit\u00e9s, y compris la tenue de son congr\u00e8s, ouvrant ainsi la voie \u00e0 une recomposition ou un possible apaisement interne \u2014 si les acteurs en pr\u00e9sence choisissent la voie du dialogue.<\/p>\n<p>&nbsp;<\/p>\n<p>Ledenonciateur224.com<\/p>\n","protected":false},"excerpt":{"rendered":"<p>Dans un verdict aux cons\u00e9quences politiques majeures, le tribunal de premi\u00e8re instance de Dixinn a tranch\u00e9 en faveur d\u2019Ousmane Gaoual Diallo, actuel ministre des Transports et porte-parole du gouvernement, dans le litige qui l\u2019opposait \u00e0 la direction nationale de l\u2019Union des Forces D\u00e9mocratiques de Guin\u00e9e (UFDG). La d\u00e9cision judiciaire, rendue ce vendredi 23 mai 2025, [&hellip;]<\/p>\n","protected":false},"author":2,"featured_media":3082,"comment_status":"open","ping_status":"open","sticky":false,"template":"","format":"standard","meta":{"_jetpack_memberships_contains_paid_content":false,"footnotes":"","jetpack_publicize_message":"","jetpack_publicize_feature_enabled":true,"jetpack_social_post_already_shared":true,"jetpack_social_options":{"image_generator_settings":{"template":"highway","default_image_id":0,"font":"","enabled":false},"version":2}},"categories":[24,27],"tags":[702,143],"class_list":{"0":"post-3081","1":"post","2":"type-post","3":"status-publish","4":"format-standard","5":"has-post-thumbnail","7":"category-news","8":"category-politique","9":"tag-ufdg-cellou","10":"tag-ousmane-gaoual-diallo"},"jetpack_publicize_connections":[],"jetpack_featured_media_url":"https:\/\/ledenonciateur224.com\/wp-content\/uploads\/2025\/05\/cellou-dalein-ousmane-gaoual-1.jpeg","jetpack_sharing_enabled":true,"_links":{"self":[{"href":"https:\/\/ledenonciateur224.com\/index.php\/wp-json\/wp\/v2\/posts\/3081","targetHints":{"allow":["GET"]}}],"collection":[{"href":"https:\/\/ledenonciateur224.com\/index.php\/wp-json\/wp\/v2\/posts"}],"about":[{"href":"https:\/\/ledenonciateur224.com\/index.php\/wp-json\/wp\/v2\/types\/post"}],"author":[{"embeddable":true,"href":"https:\/\/ledenonciateur224.com\/index.php\/wp-json\/wp\/v2\/users\/2"}],"replies":[{"embeddable":true,"href":"https:\/\/ledenonciateur224.com\/index.php\/wp-json\/wp\/v2\/comments?post=3081"}],"version-history":[{"count":0,"href":"https:\/\/ledenonciateur224.com\/index.php\/wp-json\/wp\/v2\/posts\/3081\/revisions"}],"wp:featuredmedia":[{"embeddable":true,"href":"https:\/\/ledenonciateur224.com\/index.php\/wp-json\/wp\/v2\/media\/3082"}],"wp:attachment":[{"href":"https:\/\/ledenonciateur224.com\/index.php\/wp-json\/wp\/v2\/media?parent=3081"}],"wp:term":[{"taxonomy":"category","embeddable":true,"href":"https:\/\/ledenonciateur224.com\/index.php\/wp-json\/wp\/v2\/categories?post=3081"},{"taxonomy":"post_tag","embeddable":true,"href":"https:\/\/ledenonciateur224.com\/index.php\/wp-json\/wp\/v2\/tags?post=3081"}],"curies":[{"name":"wp","href":"https:\/\/api.w.org\/{rel}","templated":true}]}}