{"id":3144,"date":"2025-05-27T12:26:51","date_gmt":"2025-05-27T12:26:51","guid":{"rendered":"https:\/\/ledenonciateur224.com\/?p=3144"},"modified":"2025-05-27T12:26:51","modified_gmt":"2025-05-27T12:26:51","slug":"victoire-sociale-a-la-bcrg-accord-historique-entre-direction-et-syndicat-la-greve-evitee-de-justesse","status":"publish","type":"post","link":"https:\/\/ledenonciateur224.com\/index.php\/victoire-sociale-a-la-bcrg-accord-historique-entre-direction-et-syndicat-la-greve-evitee-de-justesse\/","title":{"rendered":"Victoire sociale \u00e0 la BCRG : Accord historique entre direction et syndicat, la gr\u00e8ve \u00e9vit\u00e9e de justesse"},"content":{"rendered":"<p>Fum\u00e9e blanche \u00e0 la Banque Centrale de la R\u00e9publique de Guin\u00e9e (BCRG) ! Apr\u00e8s plusieurs jours de tensions et de n\u00e9gociations serr\u00e9es, un accord a finalement \u00e9t\u00e9 sign\u00e9 entre la direction g\u00e9n\u00e9rale de la premi\u00e8re institution financi\u00e8re du pays et sa d\u00e9l\u00e9gation syndicale. Cette entente met un terme aux menaces de gr\u00e8ve qui pesaient sur l\u2019\u00e9tablissement.<\/p>\n<p>Selon des sources concordantes, ce compromis a \u00e9t\u00e9 rendu possible gr\u00e2ce \u00e0 la m\u00e9diation d\u00e9cisive de Mory Cond\u00e9, ministre de l\u2019Urbanisme, de l\u2019Habitat et de l\u2019Am\u00e9nagement du Territoire, \u00e9galement charg\u00e9 de la r\u00e9cup\u00e9ration des domaines spoli\u00e9s de l\u2019\u00c9tat. Il a \u00e9t\u00e9 \u00e9paul\u00e9 par Abdoulaye Sow, Secr\u00e9taire G\u00e9n\u00e9ral de la F\u00e9d\u00e9ration Syndicale Autonome des Banques, Assurances et Institutions de Microfinance de Guin\u00e9e (FESABAG).<\/p>\n<p><strong>Les principaux points de l\u2019accord sign\u00e9 sont les suivants :<\/strong><\/p>\n<ol>\n<li><strong>\u00c9vacuation sanitaire<\/strong>\u00a0: Application stricte de la note de service\u00a0<em>N\u00b0535\/DGASJ\/DRH\/SMS\/18<\/em>\u00a0qui encadre les conditions et proc\u00e9dures d\u2019\u00e9vacuation m\u00e9dicale du personnel.<\/li>\n<li><strong>Droit \u00e0 la formation<\/strong>\u00a0: Respect du droit \u00e0 la formation continue, en Guin\u00e9e comme \u00e0 l\u2019\u00e9tranger, conform\u00e9ment au Code du Travail et \u00e0 la charte interne de la formation.<\/li>\n<li><strong>D\u00e9plafonnement des carri\u00e8res<\/strong>\u00a0: Lev\u00e9e imm\u00e9diate des plafonds pour les cadres et agents concern\u00e9s, avec la cr\u00e9ation d\u2019une commission charg\u00e9e de l\u2019\u00e9valuation et de la r\u00e9gularisation des rappels dus.<\/li>\n<li><strong>Harmonisation des primes<\/strong>\u00a0: Alignement de toutes les primes sur la valeur du point indiciaire, tel que stipul\u00e9 dans le protocole d\u2019accord bipartite du 19 juillet 2017, avec application r\u00e9troactive \u00e0 compter du 1er janvier 2023. Toutes les primes seront d\u00e9sormais calcul\u00e9es sur la base du salaire brut.<\/li>\n<\/ol>\n<p>Une\u00a0<strong>assembl\u00e9e g\u00e9n\u00e9rale du personnel<\/strong>\u00a0est pr\u00e9vue ce mardi 27 mai.<\/p>\n<p>&nbsp;<\/p>\n<p>&nbsp;<\/p>\n<p>Ledenonciateur224.com<\/p>\n","protected":false},"excerpt":{"rendered":"<p>Fum\u00e9e blanche \u00e0 la Banque Centrale de la R\u00e9publique de Guin\u00e9e (BCRG) ! Apr\u00e8s plusieurs jours de tensions et de n\u00e9gociations serr\u00e9es, un accord a finalement \u00e9t\u00e9 sign\u00e9 entre la direction g\u00e9n\u00e9rale de la premi\u00e8re institution financi\u00e8re du pays et sa d\u00e9l\u00e9gation syndicale. Cette entente met un terme aux menaces de gr\u00e8ve qui pesaient sur [&hellip;]<\/p>\n","protected":false},"author":2,"featured_media":3145,"comment_status":"open","ping_status":"open","sticky":false,"template":"","format":"standard","meta":{"_jetpack_memberships_contains_paid_content":false,"footnotes":"","jetpack_publicize_message":"","jetpack_publicize_feature_enabled":true,"jetpack_social_post_already_shared":true,"jetpack_social_options":{"image_generator_settings":{"template":"highway","default_image_id":0,"font":"","enabled":false},"version":2}},"categories":[29,24],"tags":[650,814],"class_list":{"0":"post-3144","1":"post","2":"type-post","3":"status-publish","4":"format-standard","5":"has-post-thumbnail","7":"category-economie","8":"category-news","9":"tag-banque-centrale","10":"tag-greve-en-guinee"},"jetpack_publicize_connections":[],"jetpack_featured_media_url":"https:\/\/ledenonciateur224.com\/wp-content\/uploads\/2025\/05\/karamo-kabaok.jpg","jetpack_sharing_enabled":true,"_links":{"self":[{"href":"https:\/\/ledenonciateur224.com\/index.php\/wp-json\/wp\/v2\/posts\/3144","targetHints":{"allow":["GET"]}}],"collection":[{"href":"https:\/\/ledenonciateur224.com\/index.php\/wp-json\/wp\/v2\/posts"}],"about":[{"href":"https:\/\/ledenonciateur224.com\/index.php\/wp-json\/wp\/v2\/types\/post"}],"author":[{"embeddable":true,"href":"https:\/\/ledenonciateur224.com\/index.php\/wp-json\/wp\/v2\/users\/2"}],"replies":[{"embeddable":true,"href":"https:\/\/ledenonciateur224.com\/index.php\/wp-json\/wp\/v2\/comments?post=3144"}],"version-history":[{"count":0,"href":"https:\/\/ledenonciateur224.com\/index.php\/wp-json\/wp\/v2\/posts\/3144\/revisions"}],"wp:featuredmedia":[{"embeddable":true,"href":"https:\/\/ledenonciateur224.com\/index.php\/wp-json\/wp\/v2\/media\/3145"}],"wp:attachment":[{"href":"https:\/\/ledenonciateur224.com\/index.php\/wp-json\/wp\/v2\/media?parent=3144"}],"wp:term":[{"taxonomy":"category","embeddable":true,"href":"https:\/\/ledenonciateur224.com\/index.php\/wp-json\/wp\/v2\/categories?post=3144"},{"taxonomy":"post_tag","embeddable":true,"href":"https:\/\/ledenonciateur224.com\/index.php\/wp-json\/wp\/v2\/tags?post=3144"}],"curies":[{"name":"wp","href":"https:\/\/api.w.org\/{rel}","templated":true}]}}