{"id":3156,"date":"2025-05-28T07:03:17","date_gmt":"2025-05-28T07:03:17","guid":{"rendered":"https:\/\/ledenonciateur224.com\/?p=3156"},"modified":"2025-05-28T07:03:17","modified_gmt":"2025-05-28T07:03:17","slug":"changement-a-la-tete-de-la-bcrg-souadou-balde-remplacee","status":"publish","type":"post","link":"https:\/\/ledenonciateur224.com\/index.php\/changement-a-la-tete-de-la-bcrg-souadou-balde-remplacee\/","title":{"rendered":"Changement \u00e0 la t\u00eate de la BCRG : Souadou Bald\u00e9 remplac\u00e9e"},"content":{"rendered":"<p>La deuxi\u00e8me vice-gouverneure de la Banque Centrale de la R\u00e9publique de Guin\u00e9e (BCRG), Madame Souadou Bald\u00e9, a \u00e9t\u00e9 relev\u00e9e de ses fonctions. Un d\u00e9cret pr\u00e9sidentiel, rendu public ce mardi 27 mai 2025, acte sa r\u00e9vocation.<\/p>\n<p>Le G\u00e9n\u00e9ral Mamadi Doumbouya a d\u00e9sign\u00e9 pour lui succ\u00e9der M. Almamy 2 Sylla, jusqu\u2019ici directeur des op\u00e9rations de change au sein de la m\u00eame institution. Il devient ainsi le nouveau deuxi\u00e8me vice-gouverneur de la BCRG.<\/p>\n<p>&nbsp;<\/p>\n<p>Ledenonciateur224.com<\/p>\n","protected":false},"excerpt":{"rendered":"<p>La deuxi\u00e8me vice-gouverneure de la Banque Centrale de la R\u00e9publique de Guin\u00e9e (BCRG), Madame Souadou Bald\u00e9, a \u00e9t\u00e9 relev\u00e9e de ses fonctions. Un d\u00e9cret pr\u00e9sidentiel, rendu public ce mardi 27 mai 2025, acte sa r\u00e9vocation. Le G\u00e9n\u00e9ral Mamadi Doumbouya a d\u00e9sign\u00e9 pour lui succ\u00e9der M. Almamy 2 Sylla, jusqu\u2019ici directeur des op\u00e9rations de change au [&hellip;]<\/p>\n","protected":false},"author":2,"featured_media":3157,"comment_status":"open","ping_status":"open","sticky":false,"template":"","format":"standard","meta":{"_jetpack_memberships_contains_paid_content":false,"footnotes":"","jetpack_publicize_message":"","jetpack_publicize_feature_enabled":true,"jetpack_social_post_already_shared":true,"jetpack_social_options":{"image_generator_settings":{"template":"highway","default_image_id":0,"font":"","enabled":false},"version":2}},"categories":[29,24],"tags":[579],"class_list":{"0":"post-3156","1":"post","2":"type-post","3":"status-publish","4":"format-standard","5":"has-post-thumbnail","7":"category-economie","8":"category-news","9":"tag-decrets-du-chef-de-letat"},"jetpack_publicize_connections":[],"jetpack_featured_media_url":"https:\/\/ledenonciateur224.com\/wp-content\/uploads\/2025\/05\/fb-img-1748382187086.jpg","jetpack_sharing_enabled":true,"_links":{"self":[{"href":"https:\/\/ledenonciateur224.com\/index.php\/wp-json\/wp\/v2\/posts\/3156","targetHints":{"allow":["GET"]}}],"collection":[{"href":"https:\/\/ledenonciateur224.com\/index.php\/wp-json\/wp\/v2\/posts"}],"about":[{"href":"https:\/\/ledenonciateur224.com\/index.php\/wp-json\/wp\/v2\/types\/post"}],"author":[{"embeddable":true,"href":"https:\/\/ledenonciateur224.com\/index.php\/wp-json\/wp\/v2\/users\/2"}],"replies":[{"embeddable":true,"href":"https:\/\/ledenonciateur224.com\/index.php\/wp-json\/wp\/v2\/comments?post=3156"}],"version-history":[{"count":0,"href":"https:\/\/ledenonciateur224.com\/index.php\/wp-json\/wp\/v2\/posts\/3156\/revisions"}],"wp:featuredmedia":[{"embeddable":true,"href":"https:\/\/ledenonciateur224.com\/index.php\/wp-json\/wp\/v2\/media\/3157"}],"wp:attachment":[{"href":"https:\/\/ledenonciateur224.com\/index.php\/wp-json\/wp\/v2\/media?parent=3156"}],"wp:term":[{"taxonomy":"category","embeddable":true,"href":"https:\/\/ledenonciateur224.com\/index.php\/wp-json\/wp\/v2\/categories?post=3156"},{"taxonomy":"post_tag","embeddable":true,"href":"https:\/\/ledenonciateur224.com\/index.php\/wp-json\/wp\/v2\/tags?post=3156"}],"curies":[{"name":"wp","href":"https:\/\/api.w.org\/{rel}","templated":true}]}}