{"id":3161,"date":"2025-05-28T07:16:53","date_gmt":"2025-05-28T07:16:53","guid":{"rendered":"https:\/\/ledenonciateur224.com\/?p=3161"},"modified":"2025-05-28T07:16:53","modified_gmt":"2025-05-28T07:16:53","slug":"guinee-la-campagne-denrolement-biometrique-prolongee-jusquau-20-juin","status":"publish","type":"post","link":"https:\/\/ledenonciateur224.com\/index.php\/guinee-la-campagne-denrolement-biometrique-prolongee-jusquau-20-juin\/","title":{"rendered":"Guin\u00e9e : la campagne d\u2019enr\u00f4lement biom\u00e9trique prolong\u00e9e jusqu\u2019au 20 juin"},"content":{"rendered":"<p>Le Gouvernement guin\u00e9en a d\u00e9cid\u00e9 de prolonger de vingt jours la campagne d\u2019enr\u00f4lement biom\u00e9trique en cours sur l\u2019ensemble du territoire national. L\u2019annonce a \u00e9t\u00e9 faite ce mardi 27 mai par le ministre de l\u2019Administration du Territoire et de la D\u00e9centralisation, le G\u00e9n\u00e9ral Ibrahima Kalil Cond\u00e9.<\/p>\n<p>Initialement pr\u00e9vue pour se terminer fin mai, cette op\u00e9ration lanc\u00e9e le 15 avril 2025 dans le cadre du\u00a0<strong>Programme National de Recensement Administratif \u00e0 Vocation d\u2019\u00c9tat Civil (PN-RAVEC)<\/strong>\u00a0prendra d\u00e9sormais fin le\u00a0<strong>samedi 20 juin 2025 \u00e0 18h<\/strong>, a pr\u00e9cis\u00e9 le ministre.<\/p>\n<p>Cette prolongation vise, selon le ministre, \u00e0 permettre \u00e0 tous les citoyens r\u00e9sidant en Guin\u00e9e ainsi qu\u2019\u00e0 ceux de la diaspora, remplissant les conditions requises, de prendre part \u00e0 cette op\u00e9ration cruciale pour l\u2019\u00e9tablissement d\u2019un registre d\u2019\u00e9tat civil fiable.\u00ab\u00a0<em>La population est vivement encourag\u00e9e \u00e0 saisir cette occasion pour accomplir ce devoir civique<\/em>\u00a0\u00bb, a exhort\u00e9 le G\u00e9n\u00e9ral Ibrahima Kalil Cond\u00e9.<\/p>\n<p>S\u2019agissant des Guin\u00e9ens \u00e9tablis \u00e0 l\u2019\u00e9tranger, le ministre a indiqu\u00e9 que l\u2019op\u00e9ration d\u2019enr\u00f4lement dans les ambassades et consulats d\u00e9butera\u00a0<strong>le 1er juin 2025<\/strong>. Cette phase internationale durera \u00e9galement\u00a0<strong>vingt jours<\/strong>, dans le but d\u2019assurer une couverture aussi large que possible.<\/p>\n<p>Le PN-RAVEC, projet d\u2019envergure nationale, est cens\u00e9 permettre \u00e0 la Guin\u00e9e de se doter d\u2019un fichier biom\u00e9trique fiable, servant \u00e0 la fois \u00e0 l\u2019\u00e9tat civil, \u00e0 la planification des politiques publiques et \u00e0 l\u2019organisation des scrutins futurs.<\/p>\n<p>&nbsp;<\/p>\n<p>Aboubacar Moussa Camara<\/p>\n","protected":false},"excerpt":{"rendered":"<p>Le Gouvernement guin\u00e9en a d\u00e9cid\u00e9 de prolonger de vingt jours la campagne d\u2019enr\u00f4lement biom\u00e9trique en cours sur l\u2019ensemble du territoire national. L\u2019annonce a \u00e9t\u00e9 faite ce mardi 27 mai par le ministre de l\u2019Administration du Territoire et de la D\u00e9centralisation, le G\u00e9n\u00e9ral Ibrahima Kalil Cond\u00e9. Initialement pr\u00e9vue pour se terminer fin mai, cette op\u00e9ration lanc\u00e9e [&hellip;]<\/p>\n","protected":false},"author":2,"featured_media":3162,"comment_status":"open","ping_status":"open","sticky":false,"template":"","format":"standard","meta":{"_jetpack_memberships_contains_paid_content":false,"footnotes":"","jetpack_publicize_message":"","jetpack_publicize_feature_enabled":true,"jetpack_social_post_already_shared":true,"jetpack_social_options":{"image_generator_settings":{"template":"highway","default_image_id":0,"font":"","enabled":false},"version":2}},"categories":[30,24],"tags":[587],"class_list":{"0":"post-3161","1":"post","2":"type-post","3":"status-publish","4":"format-standard","5":"has-post-thumbnail","7":"category-faits-divers","8":"category-news","9":"tag-recensement-biometrique"},"jetpack_publicize_connections":[],"jetpack_featured_media_url":"https:\/\/ledenonciateur224.com\/wp-content\/uploads\/2025\/05\/492002770-1098179255677657-5724193228955616908-n.jpg","jetpack_sharing_enabled":true,"_links":{"self":[{"href":"https:\/\/ledenonciateur224.com\/index.php\/wp-json\/wp\/v2\/posts\/3161","targetHints":{"allow":["GET"]}}],"collection":[{"href":"https:\/\/ledenonciateur224.com\/index.php\/wp-json\/wp\/v2\/posts"}],"about":[{"href":"https:\/\/ledenonciateur224.com\/index.php\/wp-json\/wp\/v2\/types\/post"}],"author":[{"embeddable":true,"href":"https:\/\/ledenonciateur224.com\/index.php\/wp-json\/wp\/v2\/users\/2"}],"replies":[{"embeddable":true,"href":"https:\/\/ledenonciateur224.com\/index.php\/wp-json\/wp\/v2\/comments?post=3161"}],"version-history":[{"count":0,"href":"https:\/\/ledenonciateur224.com\/index.php\/wp-json\/wp\/v2\/posts\/3161\/revisions"}],"wp:featuredmedia":[{"embeddable":true,"href":"https:\/\/ledenonciateur224.com\/index.php\/wp-json\/wp\/v2\/media\/3162"}],"wp:attachment":[{"href":"https:\/\/ledenonciateur224.com\/index.php\/wp-json\/wp\/v2\/media?parent=3161"}],"wp:term":[{"taxonomy":"category","embeddable":true,"href":"https:\/\/ledenonciateur224.com\/index.php\/wp-json\/wp\/v2\/categories?post=3161"},{"taxonomy":"post_tag","embeddable":true,"href":"https:\/\/ledenonciateur224.com\/index.php\/wp-json\/wp\/v2\/tags?post=3161"}],"curies":[{"name":"wp","href":"https:\/\/api.w.org\/{rel}","templated":true}]}}