{"id":3205,"date":"2025-05-29T09:03:13","date_gmt":"2025-05-29T09:03:13","guid":{"rendered":"https:\/\/ledenonciateur224.com\/?p=3205"},"modified":"2025-05-29T09:03:13","modified_gmt":"2025-05-29T09:03:13","slug":"ufdg-cap-sur-le-6-juillet-pour-un-congres-decisif-malgre-les-turbulences-judiciaires","status":"publish","type":"post","link":"https:\/\/ledenonciateur224.com\/index.php\/ufdg-cap-sur-le-6-juillet-pour-un-congres-decisif-malgre-les-turbulences-judiciaires\/","title":{"rendered":"UFDG : Cap sur le 6 juillet pour un congr\u00e8s d\u00e9cisif malgr\u00e9 les turbulences judiciaires"},"content":{"rendered":"<p>C\u2019\u00e9tait dans les tuyaux, c\u2019est d\u00e9sormais officiel ! L\u2019Union des Forces D\u00e9mocratiques de Guin\u00e9e (UFDG), principal parti d\u2019opposition dirig\u00e9 par Cellou Dalein Diallo depuis son exil, tiendra son <strong>congr\u00e8s extraordinaire le 6 juillet 2025<\/strong>. L\u2019annonce a \u00e9t\u00e9 faite ce mercredi 28 mai, \u00e0 travers une lettre officielle adress\u00e9e au Minist\u00e8re de l\u2019Administration du Territoire et de la D\u00e9centralisation.<\/p>\n<p>Dans cette correspondance sign\u00e9e par Dr Fod\u00e9 Oussou Fofana, vice-pr\u00e9sident du parti, l\u2019UFDG pr\u00e9cise s\u2019appuyer sur une d\u00e9cision r\u00e9cente du Tribunal de Premi\u00e8re Instance de Dixinn :<em>\u00ab Conform\u00e9ment \u00e0 la d\u00e9cision rendue par le Tribunal de Premi\u00e8re Instance de Dixinn en date du 23 mai, j\u2019ai l\u2019honneur de vous informer que l\u2019UFDG envisage d\u2019organiser son congr\u00e8s extraordinaire le 6 juillet 2025 \u00bb<\/em>, \u00e9crit-il.<\/p>\n<p>Ce congr\u00e8s, initialement pr\u00e9vu les 19 et 20 avril, avait \u00e9t\u00e9 suspendu par une\u00a0<strong>d\u00e9cision judiciaire provisoire<\/strong>\u00a0dans le cadre d\u2019un contentieux opposant le parti \u00e0 Ousmane Gaoual Diallo, ancien cadre de l\u2019UFDG aujourd\u2019hui en rupture ouverte avec la direction actuelle.<\/p>\n<p>Avec ce congr\u00e8s d\u00e9sormais fix\u00e9, l\u2019UFDG entre dans une\u00a0<strong>nouvelle phase strat\u00e9gique<\/strong>, \u00e0 un moment crucial o\u00f9 les enjeux politiques et judiciaires s&rsquo;entrem\u00ealent. Reste \u00e0 savoir si cette r\u00e9union permettra de clarifier les lignes internes du parti.<\/p>\n<p><img loading=\"lazy\" decoding=\"async\" class=\"alignnone size-full wp-image-3206\" src=\"https:\/\/ledenonciateur224.com\/wp-content\/uploads\/2025\/05\/img-5535-1.webp\" alt=\"\" width=\"763\" height=\"1080\" srcset=\"https:\/\/ledenonciateur224.com\/wp-content\/uploads\/2025\/05\/img-5535-1.webp 763w, https:\/\/ledenonciateur224.com\/wp-content\/uploads\/2025\/05\/img-5535-1-212x300.webp 212w, https:\/\/ledenonciateur224.com\/wp-content\/uploads\/2025\/05\/img-5535-1-723x1024.webp 723w, https:\/\/ledenonciateur224.com\/wp-content\/uploads\/2025\/05\/img-5535-1-150x212.webp 150w, https:\/\/ledenonciateur224.com\/wp-content\/uploads\/2025\/05\/img-5535-1-300x425.webp 300w, https:\/\/ledenonciateur224.com\/wp-content\/uploads\/2025\/05\/img-5535-1-696x985.webp 696w, https:\/\/ledenonciateur224.com\/wp-content\/uploads\/2025\/05\/img-5535-1-297x420.webp 297w\" sizes=\"auto, (max-width: 763px) 100vw, 763px\" \/> <img loading=\"lazy\" decoding=\"async\" class=\"alignnone size-full wp-image-3207\" src=\"https:\/\/ledenonciateur224.com\/wp-content\/uploads\/2025\/05\/img-5534-1.webp\" alt=\"\" width=\"752\" height=\"1079\" srcset=\"https:\/\/ledenonciateur224.com\/wp-content\/uploads\/2025\/05\/img-5534-1.webp 752w, https:\/\/ledenonciateur224.com\/wp-content\/uploads\/2025\/05\/img-5534-1-209x300.webp 209w, https:\/\/ledenonciateur224.com\/wp-content\/uploads\/2025\/05\/img-5534-1-714x1024.webp 714w, https:\/\/ledenonciateur224.com\/wp-content\/uploads\/2025\/05\/img-5534-1-150x215.webp 150w, https:\/\/ledenonciateur224.com\/wp-content\/uploads\/2025\/05\/img-5534-1-300x430.webp 300w, https:\/\/ledenonciateur224.com\/wp-content\/uploads\/2025\/05\/img-5534-1-696x999.webp 696w, https:\/\/ledenonciateur224.com\/wp-content\/uploads\/2025\/05\/img-5534-1-293x420.webp 293w\" sizes=\"auto, (max-width: 752px) 100vw, 752px\" \/><\/p>\n","protected":false},"excerpt":{"rendered":"<p>C\u2019\u00e9tait dans les tuyaux, c\u2019est d\u00e9sormais officiel ! L\u2019Union des Forces D\u00e9mocratiques de Guin\u00e9e (UFDG), principal parti d\u2019opposition dirig\u00e9 par Cellou Dalein Diallo depuis son exil, tiendra son congr\u00e8s extraordinaire le 6 juillet 2025. L\u2019annonce a \u00e9t\u00e9 faite ce mercredi 28 mai, \u00e0 travers une lettre officielle adress\u00e9e au Minist\u00e8re de l\u2019Administration du Territoire et [&hellip;]<\/p>\n","protected":false},"author":2,"featured_media":3203,"comment_status":"open","ping_status":"open","sticky":false,"template":"","format":"standard","meta":{"_jetpack_memberships_contains_paid_content":false,"footnotes":"","jetpack_publicize_message":"","jetpack_publicize_feature_enabled":true,"jetpack_social_post_already_shared":true,"jetpack_social_options":{"image_generator_settings":{"template":"highway","default_image_id":0,"font":"","enabled":false},"version":2}},"categories":[24,27],"tags":[589,679],"class_list":{"0":"post-3205","1":"post","2":"type-post","3":"status-publish","4":"format-standard","5":"has-post-thumbnail","7":"category-news","8":"category-politique","9":"tag-cellou-dalein","10":"tag-ufdg-guinee"},"jetpack_publicize_connections":[],"jetpack_featured_media_url":"https:\/\/ledenonciateur224.com\/wp-content\/uploads\/2025\/05\/114264047-celcel-1200x675-1-750x430-1.jpg","jetpack_sharing_enabled":true,"_links":{"self":[{"href":"https:\/\/ledenonciateur224.com\/index.php\/wp-json\/wp\/v2\/posts\/3205","targetHints":{"allow":["GET"]}}],"collection":[{"href":"https:\/\/ledenonciateur224.com\/index.php\/wp-json\/wp\/v2\/posts"}],"about":[{"href":"https:\/\/ledenonciateur224.com\/index.php\/wp-json\/wp\/v2\/types\/post"}],"author":[{"embeddable":true,"href":"https:\/\/ledenonciateur224.com\/index.php\/wp-json\/wp\/v2\/users\/2"}],"replies":[{"embeddable":true,"href":"https:\/\/ledenonciateur224.com\/index.php\/wp-json\/wp\/v2\/comments?post=3205"}],"version-history":[{"count":0,"href":"https:\/\/ledenonciateur224.com\/index.php\/wp-json\/wp\/v2\/posts\/3205\/revisions"}],"wp:featuredmedia":[{"embeddable":true,"href":"https:\/\/ledenonciateur224.com\/index.php\/wp-json\/wp\/v2\/media\/3203"}],"wp:attachment":[{"href":"https:\/\/ledenonciateur224.com\/index.php\/wp-json\/wp\/v2\/media?parent=3205"}],"wp:term":[{"taxonomy":"category","embeddable":true,"href":"https:\/\/ledenonciateur224.com\/index.php\/wp-json\/wp\/v2\/categories?post=3205"},{"taxonomy":"post_tag","embeddable":true,"href":"https:\/\/ledenonciateur224.com\/index.php\/wp-json\/wp\/v2\/tags?post=3205"}],"curies":[{"name":"wp","href":"https:\/\/api.w.org\/{rel}","templated":true}]}}