{"id":3209,"date":"2025-05-29T09:52:14","date_gmt":"2025-05-29T09:52:14","guid":{"rendered":"https:\/\/ledenonciateur224.com\/?p=3209"},"modified":"2025-05-29T09:52:14","modified_gmt":"2025-05-29T09:52:14","slug":"aliou-bah-condamne-a-2-ans-de-prison-un-appel-au-calme-lance-depuis-sa-cellule","status":"publish","type":"post","link":"https:\/\/ledenonciateur224.com\/index.php\/aliou-bah-condamne-a-2-ans-de-prison-un-appel-au-calme-lance-depuis-sa-cellule\/","title":{"rendered":"Aliou Bah condamn\u00e9 \u00e0 2 ans de prison : un appel au calme lanc\u00e9 depuis sa cellule"},"content":{"rendered":"<p>Le verdict est tomb\u00e9 ce mercredi 28 mai 2025. La Cour d\u2019Appel de Conakry a confirm\u00e9 la condamnation d\u2019Aliou Bah, leader du Mouvement D\u00e9mocratique Lib\u00e9ral (MoDeL), \u00e0\u00a0<strong>deux ans d\u2019emprisonnement<\/strong>. Un choc pour ses partisans, qui s\u2019\u00e9taient massivement mobilis\u00e9s d\u00e8s les premi\u00e8res heures de la matin\u00e9e pour lui t\u00e9moigner leur soutien.<\/p>\n<p>Malgr\u00e9 cette lourde sentence, l\u2019opposant n\u2019a pas tard\u00e9 \u00e0 r\u00e9agir, optant pour l\u2019apaisement plut\u00f4t que l\u2019indignation. \u00c0 travers son avocate, ma\u00eetre Houleymatou Bah, il a adress\u00e9 un message fort \u00e0 ses militants :\u00a0<strong>calme et dignit\u00e9<\/strong>\u00a0face \u00e0 l\u2019\u00e9preuve.\u00ab\u00a0<em>Notre client Mamadou Aliou Bah nous charge de vous dire merci pour tout le soutien et pour votre pr\u00e9sence en ces temps difficiles pour lui. A l\u2019endroit du parti, il demande que chacun se calme. C\u2019est une d\u00e9cision de justice, ce n\u2019est pas la fin du monde. Et de toutes les mani\u00e8res, chacun rendra compte de quelque mani\u00e8re que ce soit ici-bas ou devant le juge supr\u00eame<\/em>\u00a0\u00bb, a confi\u00e9 ma\u00eetre Houleymatou Bah, transmettant le message de son client.<\/p>\n<p>Un message empreint de s\u00e9r\u00e9nit\u00e9 et de r\u00e9silience, qui contraste avec la tension palpable aux abords du tribunal. En appelant ses partisans \u00e0 ne pas c\u00e9der \u00e0 la col\u00e8re ou \u00e0 la provocation, Aliou Bah semble vouloir inscrire sa d\u00e9marche dans une logique de lutte pacifique et de respect des institutions \u2014 m\u00eame lorsque celles-ci paraissent injustes \u00e0 ses yeux.<\/p>\n<p>Le MoDeL, d\u00e9sormais priv\u00e9 de son principal visage, entre dans une phase d\u00e9licate. Reste \u00e0 savoir si la ligne de conduite du leader sera suivie \u00e0 la lettre, dans un climat politique d\u00e9j\u00e0 charg\u00e9 en Guin\u00e9e.<\/p>\n<p>&nbsp;<\/p>\n<p>A M C<\/p>\n","protected":false},"excerpt":{"rendered":"<p>Le verdict est tomb\u00e9 ce mercredi 28 mai 2025. La Cour d\u2019Appel de Conakry a confirm\u00e9 la condamnation d\u2019Aliou Bah, leader du Mouvement D\u00e9mocratique Lib\u00e9ral (MoDeL), \u00e0\u00a0deux ans d\u2019emprisonnement. Un choc pour ses partisans, qui s\u2019\u00e9taient massivement mobilis\u00e9s d\u00e8s les premi\u00e8res heures de la matin\u00e9e pour lui t\u00e9moigner leur soutien. Malgr\u00e9 cette lourde sentence, l\u2019opposant [&hellip;]<\/p>\n","protected":false},"author":2,"featured_media":3210,"comment_status":"open","ping_status":"open","sticky":false,"template":"","format":"standard","meta":{"_jetpack_memberships_contains_paid_content":false,"footnotes":"","jetpack_publicize_message":"","jetpack_publicize_feature_enabled":true,"jetpack_social_post_already_shared":true,"jetpack_social_options":{"image_generator_settings":{"template":"highway","default_image_id":0,"font":"","enabled":false},"version":2}},"categories":[30,24],"tags":[654,535,820],"class_list":{"0":"post-3209","1":"post","2":"type-post","3":"status-publish","4":"format-standard","5":"has-post-thumbnail","7":"category-faits-divers","8":"category-news","9":"tag-actualite-guinee","10":"tag-cour-dappel","11":"tag-proces-aliou-bah"},"jetpack_publicize_connections":[],"jetpack_featured_media_url":"https:\/\/ledenonciateur224.com\/wp-content\/uploads\/2025\/05\/aliou-bah-model-cour-dappel.jpg","jetpack_sharing_enabled":true,"_links":{"self":[{"href":"https:\/\/ledenonciateur224.com\/index.php\/wp-json\/wp\/v2\/posts\/3209","targetHints":{"allow":["GET"]}}],"collection":[{"href":"https:\/\/ledenonciateur224.com\/index.php\/wp-json\/wp\/v2\/posts"}],"about":[{"href":"https:\/\/ledenonciateur224.com\/index.php\/wp-json\/wp\/v2\/types\/post"}],"author":[{"embeddable":true,"href":"https:\/\/ledenonciateur224.com\/index.php\/wp-json\/wp\/v2\/users\/2"}],"replies":[{"embeddable":true,"href":"https:\/\/ledenonciateur224.com\/index.php\/wp-json\/wp\/v2\/comments?post=3209"}],"version-history":[{"count":0,"href":"https:\/\/ledenonciateur224.com\/index.php\/wp-json\/wp\/v2\/posts\/3209\/revisions"}],"wp:featuredmedia":[{"embeddable":true,"href":"https:\/\/ledenonciateur224.com\/index.php\/wp-json\/wp\/v2\/media\/3210"}],"wp:attachment":[{"href":"https:\/\/ledenonciateur224.com\/index.php\/wp-json\/wp\/v2\/media?parent=3209"}],"wp:term":[{"taxonomy":"category","embeddable":true,"href":"https:\/\/ledenonciateur224.com\/index.php\/wp-json\/wp\/v2\/categories?post=3209"},{"taxonomy":"post_tag","embeddable":true,"href":"https:\/\/ledenonciateur224.com\/index.php\/wp-json\/wp\/v2\/tags?post=3209"}],"curies":[{"name":"wp","href":"https:\/\/api.w.org\/{rel}","templated":true}]}}