{"id":3216,"date":"2025-05-29T20:09:46","date_gmt":"2025-05-29T20:09:46","guid":{"rendered":"https:\/\/ledenonciateur224.com\/?p=3216"},"modified":"2025-05-29T20:09:46","modified_gmt":"2025-05-29T20:09:46","slug":"pelerinage-2025-le-general-mamadi-doumbouya-intervient-en-faveur-des-pelerins-bloques-a-conakry","status":"publish","type":"post","link":"https:\/\/ledenonciateur224.com\/index.php\/pelerinage-2025-le-general-mamadi-doumbouya-intervient-en-faveur-des-pelerins-bloques-a-conakry\/","title":{"rendered":"P\u00e8lerinage 2025 : Le G\u00e9n\u00e9ral Mamadi Doumbouya intervient en faveur des p\u00e8lerins bloqu\u00e9s \u00e0 Conakry"},"content":{"rendered":"<p>Bonne nouvelle pour de nombreux fid\u00e8les guin\u00e9ens en attente de partir pour le Hajj. Face \u00e0 la d\u00e9tresse de plusieurs p\u00e8lerins victimes d\u2019arnaques ou sans visa, le pr\u00e9sident de la transition, le G\u00e9n\u00e9ral Mamadi Doumbouya, a donn\u00e9 des instructions fermes pour tenter de r\u00e9soudre la situation.<\/p>\n<p>Selon M. Sagno, chef de cabinet du Secr\u00e9tariat g\u00e9n\u00e9ral des affaires religieuses, le pr\u00e9sident a exprim\u00e9 une volont\u00e9 claire d\u2019inclure tous les candidats au p\u00e8lerinage rest\u00e9s \u00e0 Conakry :\u00ab Le chef de l&rsquo;\u00c9tat \u00e9tant le p\u00e8re de la nation, a instruit au secr\u00e9tariat g\u00e9n\u00e9ral des affaires religieuses de faire tous les moyens possibles de faire voyager tout le reste des candidats au p\u00e8lerinage, qu&rsquo;ils soient victimes d&rsquo;arnaques ou pas. \u00bb<\/p>\n<p>Cependant, la Guin\u00e9e a d\u00e9pass\u00e9 son quota de 10 000 p\u00e8lerins accord\u00e9 par l\u2019Arabie Saoudite, ce qui complique les d\u00e9marches. Malgr\u00e9 cette contrainte, les autorit\u00e9s religieuses guin\u00e9ennes sont mobilis\u00e9es pour faire partir un maximum de fid\u00e8les d\u2019ici dimanche.\u00ab Au niveau du secr\u00e9tariat g\u00e9n\u00e9ral des affaires religieuses, nous sommes \u00e0 pied d&rsquo;\u0153uvre pour faire le maximum jusqu&rsquo;au dimanche. \u00bb<\/p>\n<p>Le dernier convoi officiel est pr\u00e9vu pour ce vendredi, mais des efforts suppl\u00e9mentaires sont envisag\u00e9s pour honorer la volont\u00e9 pr\u00e9sidentielle.\u00ab Nous allons continuer \u00e0 nous battre pour que le souhait du pr\u00e9sident de la R\u00e9publique soit respect\u00e9, parce que c&rsquo;est l&rsquo;Arabie Saoudite qui donne le visa. \u00bb<\/p>\n<p>Pour ceux qui n\u2019auront pas la possibilit\u00e9 de partir cette ann\u00e9e, un message d\u2019espoir est lanc\u00e9 :\u00ab Ceux qui n&rsquo;auront pas la chance d&rsquo;y aller cette ann\u00e9e, qu&rsquo;ils gardent la patience. L&rsquo;ann\u00e9e derni\u00e8re, il y avait 82 p\u00e8lerins qui n&rsquo;ont pas pu aller, cette ann\u00e9e, ils \u00e9taient les premiers \u00e0 avoir la place. \u00bb<\/p>\n<p>&nbsp;<\/p>\n<p>Ledenonciateur224.com<\/p>\n","protected":false},"excerpt":{"rendered":"<p>Bonne nouvelle pour de nombreux fid\u00e8les guin\u00e9ens en attente de partir pour le Hajj. Face \u00e0 la d\u00e9tresse de plusieurs p\u00e8lerins victimes d\u2019arnaques ou sans visa, le pr\u00e9sident de la transition, le G\u00e9n\u00e9ral Mamadi Doumbouya, a donn\u00e9 des instructions fermes pour tenter de r\u00e9soudre la situation. Selon M. Sagno, chef de cabinet du Secr\u00e9tariat g\u00e9n\u00e9ral [&hellip;]<\/p>\n","protected":false},"author":2,"featured_media":3217,"comment_status":"open","ping_status":"open","sticky":false,"template":"","format":"standard","meta":{"_jetpack_memberships_contains_paid_content":false,"footnotes":"","jetpack_publicize_message":"","jetpack_publicize_feature_enabled":true,"jetpack_social_post_already_shared":true,"jetpack_social_options":{"image_generator_settings":{"template":"highway","default_image_id":0,"font":"","enabled":false},"version":2}},"categories":[30,24],"tags":[762,162],"class_list":{"0":"post-3216","1":"post","2":"type-post","3":"status-publish","4":"format-standard","5":"has-post-thumbnail","7":"category-faits-divers","8":"category-news","9":"tag-pelerins-guineens","10":"tag-chef-de-letat"},"jetpack_publicize_connections":[],"jetpack_featured_media_url":"https:\/\/ledenonciateur224.com\/wp-content\/uploads\/2025\/05\/20250529-200827-scaled.jpg","jetpack_sharing_enabled":true,"_links":{"self":[{"href":"https:\/\/ledenonciateur224.com\/index.php\/wp-json\/wp\/v2\/posts\/3216","targetHints":{"allow":["GET"]}}],"collection":[{"href":"https:\/\/ledenonciateur224.com\/index.php\/wp-json\/wp\/v2\/posts"}],"about":[{"href":"https:\/\/ledenonciateur224.com\/index.php\/wp-json\/wp\/v2\/types\/post"}],"author":[{"embeddable":true,"href":"https:\/\/ledenonciateur224.com\/index.php\/wp-json\/wp\/v2\/users\/2"}],"replies":[{"embeddable":true,"href":"https:\/\/ledenonciateur224.com\/index.php\/wp-json\/wp\/v2\/comments?post=3216"}],"version-history":[{"count":0,"href":"https:\/\/ledenonciateur224.com\/index.php\/wp-json\/wp\/v2\/posts\/3216\/revisions"}],"wp:featuredmedia":[{"embeddable":true,"href":"https:\/\/ledenonciateur224.com\/index.php\/wp-json\/wp\/v2\/media\/3217"}],"wp:attachment":[{"href":"https:\/\/ledenonciateur224.com\/index.php\/wp-json\/wp\/v2\/media?parent=3216"}],"wp:term":[{"taxonomy":"category","embeddable":true,"href":"https:\/\/ledenonciateur224.com\/index.php\/wp-json\/wp\/v2\/categories?post=3216"},{"taxonomy":"post_tag","embeddable":true,"href":"https:\/\/ledenonciateur224.com\/index.php\/wp-json\/wp\/v2\/tags?post=3216"}],"curies":[{"name":"wp","href":"https:\/\/api.w.org\/{rel}","templated":true}]}}