{"id":3219,"date":"2025-05-29T22:02:55","date_gmt":"2025-05-29T22:02:55","guid":{"rendered":"https:\/\/ledenonciateur224.com\/?p=3219"},"modified":"2025-05-29T22:02:55","modified_gmt":"2025-05-29T22:02:55","slug":"deux-femmes-nommees-a-la-tete-du-patrimoine-bati-public-en-guinee","status":"publish","type":"post","link":"https:\/\/ledenonciateur224.com\/index.php\/deux-femmes-nommees-a-la-tete-du-patrimoine-bati-public-en-guinee\/","title":{"rendered":"Deux femmes nomm\u00e9es \u00e0 la t\u00eate du Patrimoine b\u00e2ti public en Guin\u00e9e"},"content":{"rendered":"<p>Par d\u00e9cret pr\u00e9sidentiel lu ce jeudi soir \u00e0 la t\u00e9l\u00e9vision nationale, le pr\u00e9sident de la transition, le G\u00e9n\u00e9ral Mamadi Doumbouya, a proc\u00e9d\u00e9 \u00e0 la nomination de Mme Souadou Bald\u00e9 en tant que Directrice G\u00e9n\u00e9rale du Patrimoine b\u00e2ti public. Elle sera second\u00e9e par Mme Nafisatou Ciss\u00e9, nomm\u00e9e Directrice G\u00e9n\u00e9rale Adjointe.<\/p>\n<p>Contr\u00f4leur financier de formation, Mme Bald\u00e9 prend la t\u00eate de cette entit\u00e9 strat\u00e9gique de l\u2019\u00c9tat, responsable de la gestion, de l\u2019entretien et de la valorisation des biens immobiliers de l\u2019administration publique. Elle succ\u00e8de \u00e0 Mohamed Doussou Traor\u00e9 \u00e0 un moment cl\u00e9, alors que les autorit\u00e9s de la transition mettent l\u2019accent sur la rationalisation des ressources publiques et la transparence dans la gestion des biens de l\u2019\u00c9tat.<\/p>\n<p>&nbsp;<\/p>\n<p>A M C<\/p>\n","protected":false},"excerpt":{"rendered":"<p>Par d\u00e9cret pr\u00e9sidentiel lu ce jeudi soir \u00e0 la t\u00e9l\u00e9vision nationale, le pr\u00e9sident de la transition, le G\u00e9n\u00e9ral Mamadi Doumbouya, a proc\u00e9d\u00e9 \u00e0 la nomination de Mme Souadou Bald\u00e9 en tant que Directrice G\u00e9n\u00e9rale du Patrimoine b\u00e2ti public. Elle sera second\u00e9e par Mme Nafisatou Ciss\u00e9, nomm\u00e9e Directrice G\u00e9n\u00e9rale Adjointe. Contr\u00f4leur financier de formation, Mme Bald\u00e9 [&hellip;]<\/p>\n","protected":false},"author":2,"featured_media":2844,"comment_status":"open","ping_status":"open","sticky":false,"template":"","format":"standard","meta":{"_jetpack_memberships_contains_paid_content":false,"footnotes":"","jetpack_publicize_message":"","jetpack_publicize_feature_enabled":true,"jetpack_social_post_already_shared":true,"jetpack_social_options":{"image_generator_settings":{"template":"highway","default_image_id":0,"font":"","enabled":false},"version":2}},"categories":[29,24],"tags":[822],"class_list":{"0":"post-3219","1":"post","2":"type-post","3":"status-publish","4":"format-standard","5":"has-post-thumbnail","7":"category-economie","8":"category-news","9":"tag-decret-du-chef-de-letat"},"jetpack_publicize_connections":[],"jetpack_featured_media_url":"https:\/\/ledenonciateur224.com\/wp-content\/uploads\/2025\/05\/mamadi-doumaouyad-e1697791624664.jpeg","jetpack_sharing_enabled":true,"_links":{"self":[{"href":"https:\/\/ledenonciateur224.com\/index.php\/wp-json\/wp\/v2\/posts\/3219","targetHints":{"allow":["GET"]}}],"collection":[{"href":"https:\/\/ledenonciateur224.com\/index.php\/wp-json\/wp\/v2\/posts"}],"about":[{"href":"https:\/\/ledenonciateur224.com\/index.php\/wp-json\/wp\/v2\/types\/post"}],"author":[{"embeddable":true,"href":"https:\/\/ledenonciateur224.com\/index.php\/wp-json\/wp\/v2\/users\/2"}],"replies":[{"embeddable":true,"href":"https:\/\/ledenonciateur224.com\/index.php\/wp-json\/wp\/v2\/comments?post=3219"}],"version-history":[{"count":0,"href":"https:\/\/ledenonciateur224.com\/index.php\/wp-json\/wp\/v2\/posts\/3219\/revisions"}],"wp:featuredmedia":[{"embeddable":true,"href":"https:\/\/ledenonciateur224.com\/index.php\/wp-json\/wp\/v2\/media\/2844"}],"wp:attachment":[{"href":"https:\/\/ledenonciateur224.com\/index.php\/wp-json\/wp\/v2\/media?parent=3219"}],"wp:term":[{"taxonomy":"category","embeddable":true,"href":"https:\/\/ledenonciateur224.com\/index.php\/wp-json\/wp\/v2\/categories?post=3219"},{"taxonomy":"post_tag","embeddable":true,"href":"https:\/\/ledenonciateur224.com\/index.php\/wp-json\/wp\/v2\/tags?post=3219"}],"curies":[{"name":"wp","href":"https:\/\/api.w.org\/{rel}","templated":true}]}}