{"id":3221,"date":"2025-05-30T16:32:34","date_gmt":"2025-05-30T16:32:34","guid":{"rendered":"https:\/\/ledenonciateur224.com\/?p=3221"},"modified":"2025-05-30T16:43:24","modified_gmt":"2025-05-30T16:43:24","slug":"sidya-toure-plebiscite-lufr-se-restructure-malgre-les-tensions-politiques","status":"publish","type":"post","link":"https:\/\/ledenonciateur224.com\/index.php\/sidya-toure-plebiscite-lufr-se-restructure-malgre-les-tensions-politiques\/","title":{"rendered":"Sidya Tour\u00e9 Pl\u00e9biscit\u00e9 : L\u2019UFR se restructure malgr\u00e9 les tensions politiques"},"content":{"rendered":"<p>L\u2019Union des Forces R\u00e9publicaines (UFR) a tenu, ce vendredi 30 mai 2025, un congr\u00e8s \u00e9lectif extraordinaire \u00e0 son si\u00e8ge \u00e0 Matam. Un \u00e9v\u00e9nement capital qui marque un tournant pour ce parti en qu\u00eate de stabilit\u00e9, apr\u00e8s sa suspension par les autorit\u00e9s guin\u00e9ennes.<\/p>\n<p><img loading=\"lazy\" decoding=\"async\" class=\"alignnone size-full wp-image-3224\" src=\"https:\/\/ledenonciateur224.com\/wp-content\/uploads\/2025\/05\/fb-img-1748623338978.jpg\" alt=\"\" width=\"720\" height=\"722\" srcset=\"https:\/\/ledenonciateur224.com\/wp-content\/uploads\/2025\/05\/fb-img-1748623338978.jpg 720w, https:\/\/ledenonciateur224.com\/wp-content\/uploads\/2025\/05\/fb-img-1748623338978-300x301.jpg 300w, https:\/\/ledenonciateur224.com\/wp-content\/uploads\/2025\/05\/fb-img-1748623338978-150x150.jpg 150w, https:\/\/ledenonciateur224.com\/wp-content\/uploads\/2025\/05\/fb-img-1748623338978-696x698.jpg 696w, https:\/\/ledenonciateur224.com\/wp-content\/uploads\/2025\/05\/fb-img-1748623338978-419x420.jpg 419w\" sizes=\"auto, (max-width: 720px) 100vw, 720px\" \/><\/p>\n<p>Malgr\u00e9 un climat politique tendu et l\u2019absence remarqu\u00e9e des repr\u00e9sentants du minist\u00e8re de l\u2019Administration du Territoire ainsi que des autorit\u00e9s locales, les travaux ont mobilis\u00e9 l\u2019ensemble des structures du parti, venues de Guin\u00e9e et de la diaspora.<\/p>\n<p>Le moment fort de ce congr\u00e8s a \u00e9t\u00e9 la r\u00e9\u00e9lection, \u00e0 une \u00e9crasante majorit\u00e9, de Sidya Tour\u00e9 \u00e0 la t\u00eate du parti. Sur 292 votants, 274 lui ont renouvel\u00e9 leur confiance, soit 94,48 % des suffrages exprim\u00e9s. Son adversaire, Abdoulaye Baillo Diallo, n\u2019a obtenu que 16 voix. Mabinty Daouda Cont\u00e9, porte-parole de la commission \u00e9lectorale, a officiellement proclam\u00e9 Sidya Tour\u00e9 pr\u00e9sident pour un nouveau mandat de 5 ans.<\/p>\n<p>Ce renouvellement des instances, malgr\u00e9 le contexte de suspension, semble illustrer une volont\u00e9 claire des militants de consolider les fondations de l\u2019UFR autour de son leader historique. Le parti se repositionne ainsi en interne, en attendant de clarifier sa situation vis-\u00e0-vis des autorit\u00e9s nationales.<\/p>\n<p>&nbsp;<\/p>\n<p>Ledenonciateur224.com<\/p>\n","protected":false},"excerpt":{"rendered":"<p>L\u2019Union des Forces R\u00e9publicaines (UFR) a tenu, ce vendredi 30 mai 2025, un congr\u00e8s \u00e9lectif extraordinaire \u00e0 son si\u00e8ge \u00e0 Matam. Un \u00e9v\u00e9nement capital qui marque un tournant pour ce parti en qu\u00eate de stabilit\u00e9, apr\u00e8s sa suspension par les autorit\u00e9s guin\u00e9ennes. Malgr\u00e9 un climat politique tendu et l\u2019absence remarqu\u00e9e des repr\u00e9sentants du minist\u00e8re de [&hellip;]<\/p>\n","protected":false},"author":2,"featured_media":1926,"comment_status":"open","ping_status":"open","sticky":false,"template":"","format":"standard","meta":{"_jetpack_memberships_contains_paid_content":false,"footnotes":"","jetpack_publicize_message":"","jetpack_publicize_feature_enabled":true,"jetpack_social_post_already_shared":true,"jetpack_social_options":{"image_generator_settings":{"template":"highway","default_image_id":0,"font":"","enabled":false},"version":2}},"categories":[24,27],"tags":[170,98],"class_list":{"0":"post-3221","1":"post","2":"type-post","3":"status-publish","4":"format-standard","5":"has-post-thumbnail","7":"category-news","8":"category-politique","9":"tag-sidya-toure","10":"tag-ufr"},"jetpack_publicize_connections":[],"jetpack_featured_media_url":"https:\/\/ledenonciateur224.com\/wp-content\/uploads\/2025\/03\/sidya-toure-1.jpg","jetpack_sharing_enabled":true,"_links":{"self":[{"href":"https:\/\/ledenonciateur224.com\/index.php\/wp-json\/wp\/v2\/posts\/3221","targetHints":{"allow":["GET"]}}],"collection":[{"href":"https:\/\/ledenonciateur224.com\/index.php\/wp-json\/wp\/v2\/posts"}],"about":[{"href":"https:\/\/ledenonciateur224.com\/index.php\/wp-json\/wp\/v2\/types\/post"}],"author":[{"embeddable":true,"href":"https:\/\/ledenonciateur224.com\/index.php\/wp-json\/wp\/v2\/users\/2"}],"replies":[{"embeddable":true,"href":"https:\/\/ledenonciateur224.com\/index.php\/wp-json\/wp\/v2\/comments?post=3221"}],"version-history":[{"count":0,"href":"https:\/\/ledenonciateur224.com\/index.php\/wp-json\/wp\/v2\/posts\/3221\/revisions"}],"wp:featuredmedia":[{"embeddable":true,"href":"https:\/\/ledenonciateur224.com\/index.php\/wp-json\/wp\/v2\/media\/1926"}],"wp:attachment":[{"href":"https:\/\/ledenonciateur224.com\/index.php\/wp-json\/wp\/v2\/media?parent=3221"}],"wp:term":[{"taxonomy":"category","embeddable":true,"href":"https:\/\/ledenonciateur224.com\/index.php\/wp-json\/wp\/v2\/categories?post=3221"},{"taxonomy":"post_tag","embeddable":true,"href":"https:\/\/ledenonciateur224.com\/index.php\/wp-json\/wp\/v2\/tags?post=3221"}],"curies":[{"name":"wp","href":"https:\/\/api.w.org\/{rel}","templated":true}]}}