{"id":3226,"date":"2025-05-31T00:01:09","date_gmt":"2025-05-31T00:01:09","guid":{"rendered":"https:\/\/ledenonciateur224.com\/?p=3226"},"modified":"2025-05-31T00:01:09","modified_gmt":"2025-05-31T00:01:09","slug":"la-guinee-au-coeur-de-lelan-panafricain-inauguration-du-siege-du-forum-des-jeunes-africains-pour-lunion-africaine","status":"publish","type":"post","link":"https:\/\/ledenonciateur224.com\/index.php\/la-guinee-au-coeur-de-lelan-panafricain-inauguration-du-siege-du-forum-des-jeunes-africains-pour-lunion-africaine\/","title":{"rendered":"La Guin\u00e9e au c\u0153ur de l\u2019\u00e9lan panafricain : Inauguration du si\u00e8ge du Forum des Jeunes Africains pour l\u2019Union Africaine"},"content":{"rendered":"<p>Apr\u00e8s la C\u00f4te d&rsquo;Ivoire et le Gabon, la Guin\u00e9e vient \u00e0 son tour d&rsquo;inscrire son nom dans l&rsquo;histoire d&rsquo;une jeunesse africaine en marche vers l\u2019unit\u00e9 continentale. Ce vendredi 30 mai 2025, \u00e0 Conakry, les membres du\u00a0<em>Forum des Jeunes Africains pour la Promotion de l\u2019Union Africaine<\/em>\u00a0(FJAPUA) ont inaugur\u00e9 leur\u00a0<strong>si\u00e8ge principal<\/strong>, marquant une \u00e9tape d\u00e9cisive dans la structuration de ce mouvement.<\/p>\n<p><img loading=\"lazy\" decoding=\"async\" class=\"alignnone size-full wp-image-3227\" src=\"https:\/\/ledenonciateur224.com\/wp-content\/uploads\/2025\/05\/20250530-113349-scaled.jpg\" alt=\"\" width=\"2560\" height=\"1440\" srcset=\"https:\/\/ledenonciateur224.com\/wp-content\/uploads\/2025\/05\/20250530-113349-scaled.jpg 2560w, https:\/\/ledenonciateur224.com\/wp-content\/uploads\/2025\/05\/20250530-113349-300x169.jpg 300w, https:\/\/ledenonciateur224.com\/wp-content\/uploads\/2025\/05\/20250530-113349-1024x576.jpg 1024w, https:\/\/ledenonciateur224.com\/wp-content\/uploads\/2025\/05\/20250530-113349-768x432.jpg 768w, https:\/\/ledenonciateur224.com\/wp-content\/uploads\/2025\/05\/20250530-113349-1536x864.jpg 1536w, https:\/\/ledenonciateur224.com\/wp-content\/uploads\/2025\/05\/20250530-113349-2048x1152.jpg 2048w, https:\/\/ledenonciateur224.com\/wp-content\/uploads\/2025\/05\/20250530-113349-150x84.jpg 150w, https:\/\/ledenonciateur224.com\/wp-content\/uploads\/2025\/05\/20250530-113349-696x392.jpg 696w, https:\/\/ledenonciateur224.com\/wp-content\/uploads\/2025\/05\/20250530-113349-1068x601.jpg 1068w, https:\/\/ledenonciateur224.com\/wp-content\/uploads\/2025\/05\/20250530-113349-1920x1080.jpg 1920w, https:\/\/ledenonciateur224.com\/wp-content\/uploads\/2025\/05\/20250530-113349-747x420.jpg 747w\" sizes=\"auto, (max-width: 2560px) 100vw, 2560px\" \/><\/p>\n<p>La c\u00e9r\u00e9monie s\u2019est d\u00e9roul\u00e9e dans le quartier dynamique de Kip\u00e9, dans la commune de Ratoma, en pr\u00e9sence de nombreux jeunes leaders africains, port\u00e9s par une ambition commune : faire entendre la voix d\u2019une jeunesse consciente et actrice de son avenir.<\/p>\n<p>Le pr\u00e9sident du forum, Mohamed Ch\u00e9rif, a exprim\u00e9 son \u00e9motion et sa fiert\u00e9 en ces termes :\u00ab C&rsquo;est vraiment un sentiment de joie, une grande reconnaissance vis-\u00e0-vis de la jeunesse africaine. Et c&rsquo;est vraiment une grande \u00e9motion pour moi d&rsquo;\u00eatre aujourd&rsquo;hui \u00e0 ce poste qui est vraiment une fiert\u00e9 non seulement pour la Guin\u00e9e, mais une fiert\u00e9 aussi pour l&rsquo;Afrique car c&rsquo;est un combat qui a \u00e9t\u00e9 men\u00e9 pendant longtemps. \u00bb<\/p>\n<p><img loading=\"lazy\" decoding=\"async\" class=\"alignnone size-full wp-image-3228\" src=\"https:\/\/ledenonciateur224.com\/wp-content\/uploads\/2025\/05\/20250530-113359-scaled.jpg\" alt=\"\" width=\"2560\" height=\"1440\" srcset=\"https:\/\/ledenonciateur224.com\/wp-content\/uploads\/2025\/05\/20250530-113359-scaled.jpg 2560w, https:\/\/ledenonciateur224.com\/wp-content\/uploads\/2025\/05\/20250530-113359-300x169.jpg 300w, https:\/\/ledenonciateur224.com\/wp-content\/uploads\/2025\/05\/20250530-113359-1024x576.jpg 1024w, https:\/\/ledenonciateur224.com\/wp-content\/uploads\/2025\/05\/20250530-113359-768x432.jpg 768w, https:\/\/ledenonciateur224.com\/wp-content\/uploads\/2025\/05\/20250530-113359-1536x864.jpg 1536w, https:\/\/ledenonciateur224.com\/wp-content\/uploads\/2025\/05\/20250530-113359-2048x1152.jpg 2048w, https:\/\/ledenonciateur224.com\/wp-content\/uploads\/2025\/05\/20250530-113359-150x84.jpg 150w, https:\/\/ledenonciateur224.com\/wp-content\/uploads\/2025\/05\/20250530-113359-696x392.jpg 696w, https:\/\/ledenonciateur224.com\/wp-content\/uploads\/2025\/05\/20250530-113359-1068x601.jpg 1068w, https:\/\/ledenonciateur224.com\/wp-content\/uploads\/2025\/05\/20250530-113359-1920x1080.jpg 1920w, https:\/\/ledenonciateur224.com\/wp-content\/uploads\/2025\/05\/20250530-113359-747x420.jpg 747w\" sizes=\"auto, (max-width: 2560px) 100vw, 2560px\" \/><\/p>\n<p>Fid\u00e8le \u00e0 la vision du forum, il a insist\u00e9 sur l\u2019importance de renforcer la connexion entre les jeunesses africaines pour construire ensemble l\u2019Afrique de demain :\u00ab Je pense que le temps est venu pour que notre R\u00e9publique, la R\u00e9publique de Guin\u00e9e, puisse porter le flambeau et \u00eatre au-devant de la sc\u00e8ne de la jeunesse africaine. [&#8230;] Mon premier combat sera de faire en sorte que la jeunesse africaine, principalement guin\u00e9enne, puisse s&rsquo;interconnecter et partager des projets ensemble. \u00bb<\/p>\n<p>Il a \u00e9galement soulign\u00e9 la port\u00e9e historique de cette installation en Guin\u00e9e, en rappelant les racines profondes du mouvement :\u00ab C&rsquo;est une organisation qui est n\u00e9e depuis les ann\u00e9es 2001. Elle a tourn\u00e9 dans plusieurs pays africains, en commen\u00e7ant par la C\u00f4te d\u2019Ivoire, puis le Gabon, et aujourd\u2019hui c\u2019est au tour de la R\u00e9publique de Guin\u00e9e. \u00bb<\/p>\n<p>&nbsp;<\/p>\n<p>Mohamed Ch\u00e9rif a rappel\u00e9 le r\u00f4le strat\u00e9gique du forum dans la r\u00e9flexion collective :\u00ab C&rsquo;est un cadre de r\u00e9flexion pour la jeunesse africaine. Elle n\u00e9cessite que toute la jeunesse guin\u00e9enne et les pays repr\u00e9sent\u00e9s puissent se retrouver et d\u00e9battre sur les questions li\u00e9es \u00e0 la jeunesse africaine. \u00bb<\/p>\n<p><img loading=\"lazy\" decoding=\"async\" class=\"alignnone size-full wp-image-3229\" src=\"https:\/\/ledenonciateur224.com\/wp-content\/uploads\/2025\/05\/20250530-114327-scaled.jpg\" alt=\"\" width=\"2560\" height=\"1440\" srcset=\"https:\/\/ledenonciateur224.com\/wp-content\/uploads\/2025\/05\/20250530-114327-scaled.jpg 2560w, https:\/\/ledenonciateur224.com\/wp-content\/uploads\/2025\/05\/20250530-114327-300x169.jpg 300w, https:\/\/ledenonciateur224.com\/wp-content\/uploads\/2025\/05\/20250530-114327-1024x576.jpg 1024w, https:\/\/ledenonciateur224.com\/wp-content\/uploads\/2025\/05\/20250530-114327-768x432.jpg 768w, https:\/\/ledenonciateur224.com\/wp-content\/uploads\/2025\/05\/20250530-114327-1536x864.jpg 1536w, https:\/\/ledenonciateur224.com\/wp-content\/uploads\/2025\/05\/20250530-114327-2048x1152.jpg 2048w, https:\/\/ledenonciateur224.com\/wp-content\/uploads\/2025\/05\/20250530-114327-150x84.jpg 150w, https:\/\/ledenonciateur224.com\/wp-content\/uploads\/2025\/05\/20250530-114327-696x392.jpg 696w, https:\/\/ledenonciateur224.com\/wp-content\/uploads\/2025\/05\/20250530-114327-1068x601.jpg 1068w, https:\/\/ledenonciateur224.com\/wp-content\/uploads\/2025\/05\/20250530-114327-1920x1080.jpg 1920w, https:\/\/ledenonciateur224.com\/wp-content\/uploads\/2025\/05\/20250530-114327-747x420.jpg 747w\" sizes=\"auto, (max-width: 2560px) 100vw, 2560px\" \/><\/p>\n<p>Kamil Fabrice, membre fondateur du forum et repr\u00e9sentant du Gabon, a insist\u00e9 sur la n\u00e9cessit\u00e9 d\u2019un nouveau regard de l\u2019Union Africaine sur sa jeunesse :\u00ab L\u2019ambition, c\u2019est que l\u2019id\u00e9e de l\u2019Union Africaine puisse int\u00e9grer les consciences des jeunes. [&#8230;] Il faut que cette politique puisse s\u2019adapter aux aspirations de cette jeunesse qui est de plus en plus constante dans sa recherche de r\u00e9ussite. \u00bb<\/p>\n<p><img loading=\"lazy\" decoding=\"async\" class=\"alignnone size-full wp-image-3230\" src=\"https:\/\/ledenonciateur224.com\/wp-content\/uploads\/2025\/05\/20250530-165059-scaled.jpg\" alt=\"\" width=\"2560\" height=\"1440\" srcset=\"https:\/\/ledenonciateur224.com\/wp-content\/uploads\/2025\/05\/20250530-165059-scaled.jpg 2560w, https:\/\/ledenonciateur224.com\/wp-content\/uploads\/2025\/05\/20250530-165059-300x169.jpg 300w, https:\/\/ledenonciateur224.com\/wp-content\/uploads\/2025\/05\/20250530-165059-1024x576.jpg 1024w, https:\/\/ledenonciateur224.com\/wp-content\/uploads\/2025\/05\/20250530-165059-768x432.jpg 768w, https:\/\/ledenonciateur224.com\/wp-content\/uploads\/2025\/05\/20250530-165059-1536x864.jpg 1536w, https:\/\/ledenonciateur224.com\/wp-content\/uploads\/2025\/05\/20250530-165059-2048x1152.jpg 2048w, https:\/\/ledenonciateur224.com\/wp-content\/uploads\/2025\/05\/20250530-165059-150x84.jpg 150w, https:\/\/ledenonciateur224.com\/wp-content\/uploads\/2025\/05\/20250530-165059-696x392.jpg 696w, https:\/\/ledenonciateur224.com\/wp-content\/uploads\/2025\/05\/20250530-165059-1068x601.jpg 1068w, https:\/\/ledenonciateur224.com\/wp-content\/uploads\/2025\/05\/20250530-165059-1920x1080.jpg 1920w, https:\/\/ledenonciateur224.com\/wp-content\/uploads\/2025\/05\/20250530-165059-747x420.jpg 747w\" sizes=\"auto, (max-width: 2560px) 100vw, 2560px\" \/><\/p>\n<p>Dans la soir\u00e9e, une\u00a0<strong>conf\u00e9rence-d\u00e9bat<\/strong>\u00a0a r\u00e9uni \u00e0 l\u2019universit\u00e9 de Nongo plusieurs intervenants venus de divers pays africains : Mohamed Ch\u00e9rif (Guin\u00e9e), Kamil Fabrice Kamina Karigui (Gabon), Koul\u00e9on Kagnomy (C\u00f4te d\u2019Ivoire) et Mamadou Sanoussy Diallo (Guin\u00e9e), autour de la th\u00e9matique :\u00a0<em>La participation de la jeunesse aux d\u00e9bats africains<\/em>.<\/p>\n<p>Dr Diallo Mamadou Sounoussi, enseignant-chercheur en sociologie \u00e0 l&rsquo;universit\u00e9 G\u00e9n\u00e9ral Lansana Cont\u00e9 de Somfonia, a apport\u00e9 un \u00e9clairage acad\u00e9mique sur la question :\u00ab La population africaine est jeune. Ce caract\u00e8re jeune de la population est un enjeu majeur pour le d\u00e9veloppement du continent. [&#8230;] La formation, l&rsquo;information, la sensibilisation et surtout la participation des jeunes dans les processus d\u00e9cisionnels sont des d\u00e9fis fondamentaux. \u00bb<\/p>\n<p><img loading=\"lazy\" decoding=\"async\" class=\"alignnone size-full wp-image-3231\" src=\"https:\/\/ledenonciateur224.com\/wp-content\/uploads\/2025\/05\/20250530-190031-scaled.jpg\" alt=\"\" width=\"2560\" height=\"1440\" srcset=\"https:\/\/ledenonciateur224.com\/wp-content\/uploads\/2025\/05\/20250530-190031-scaled.jpg 2560w, https:\/\/ledenonciateur224.com\/wp-content\/uploads\/2025\/05\/20250530-190031-300x169.jpg 300w, https:\/\/ledenonciateur224.com\/wp-content\/uploads\/2025\/05\/20250530-190031-1024x576.jpg 1024w, https:\/\/ledenonciateur224.com\/wp-content\/uploads\/2025\/05\/20250530-190031-768x432.jpg 768w, https:\/\/ledenonciateur224.com\/wp-content\/uploads\/2025\/05\/20250530-190031-1536x864.jpg 1536w, https:\/\/ledenonciateur224.com\/wp-content\/uploads\/2025\/05\/20250530-190031-2048x1152.jpg 2048w, https:\/\/ledenonciateur224.com\/wp-content\/uploads\/2025\/05\/20250530-190031-150x84.jpg 150w, https:\/\/ledenonciateur224.com\/wp-content\/uploads\/2025\/05\/20250530-190031-696x392.jpg 696w, https:\/\/ledenonciateur224.com\/wp-content\/uploads\/2025\/05\/20250530-190031-1068x601.jpg 1068w, https:\/\/ledenonciateur224.com\/wp-content\/uploads\/2025\/05\/20250530-190031-1920x1080.jpg 1920w, https:\/\/ledenonciateur224.com\/wp-content\/uploads\/2025\/05\/20250530-190031-747x420.jpg 747w\" sizes=\"auto, (max-width: 2560px) 100vw, 2560px\" \/><\/p>\n<p>L\u2019inauguration du si\u00e8ge du FJAPUA en Guin\u00e9e symbolise une nouvelle \u00e8re pour la jeunesse africaine : plus engag\u00e9e, plus structur\u00e9e, et r\u00e9solument tourn\u00e9e vers l\u2019unit\u00e9 continentale. Alors que les d\u00e9fis restent nombreux, ce forum offre une tribune essentielle \u00e0 ceux qui, demain, b\u00e2tiront l\u2019Afrique.<\/p>\n<p><img loading=\"lazy\" decoding=\"async\" class=\"alignnone size-full wp-image-3233\" src=\"https:\/\/ledenonciateur224.com\/wp-content\/uploads\/2025\/05\/20250530-164956-scaled.jpg\" alt=\"\" width=\"2560\" height=\"1440\" srcset=\"https:\/\/ledenonciateur224.com\/wp-content\/uploads\/2025\/05\/20250530-164956-scaled.jpg 2560w, https:\/\/ledenonciateur224.com\/wp-content\/uploads\/2025\/05\/20250530-164956-300x169.jpg 300w, https:\/\/ledenonciateur224.com\/wp-content\/uploads\/2025\/05\/20250530-164956-1024x576.jpg 1024w, https:\/\/ledenonciateur224.com\/wp-content\/uploads\/2025\/05\/20250530-164956-768x432.jpg 768w, https:\/\/ledenonciateur224.com\/wp-content\/uploads\/2025\/05\/20250530-164956-1536x864.jpg 1536w, https:\/\/ledenonciateur224.com\/wp-content\/uploads\/2025\/05\/20250530-164956-2048x1152.jpg 2048w, https:\/\/ledenonciateur224.com\/wp-content\/uploads\/2025\/05\/20250530-164956-150x84.jpg 150w, https:\/\/ledenonciateur224.com\/wp-content\/uploads\/2025\/05\/20250530-164956-696x392.jpg 696w, https:\/\/ledenonciateur224.com\/wp-content\/uploads\/2025\/05\/20250530-164956-1068x601.jpg 1068w, https:\/\/ledenonciateur224.com\/wp-content\/uploads\/2025\/05\/20250530-164956-1920x1080.jpg 1920w, https:\/\/ledenonciateur224.com\/wp-content\/uploads\/2025\/05\/20250530-164956-747x420.jpg 747w\" sizes=\"auto, (max-width: 2560px) 100vw, 2560px\" \/><\/p>\n<p>&nbsp;<\/p>\n<p>Aboubacar Moussa Camara<\/p>\n<p>611 70 39 84<\/p>\n","protected":false},"excerpt":{"rendered":"<p>Apr\u00e8s la C\u00f4te d&rsquo;Ivoire et le Gabon, la Guin\u00e9e vient \u00e0 son tour d&rsquo;inscrire son nom dans l&rsquo;histoire d&rsquo;une jeunesse africaine en marche vers l\u2019unit\u00e9 continentale. Ce vendredi 30 mai 2025, \u00e0 Conakry, les membres du\u00a0Forum des Jeunes Africains pour la Promotion de l\u2019Union Africaine\u00a0(FJAPUA) ont inaugur\u00e9 leur\u00a0si\u00e8ge principal, marquant une \u00e9tape d\u00e9cisive dans la [&hellip;]<\/p>\n","protected":false},"author":2,"featured_media":3232,"comment_status":"open","ping_status":"open","sticky":false,"template":"","format":"standard","meta":{"_jetpack_memberships_contains_paid_content":false,"footnotes":"","jetpack_publicize_message":"","jetpack_publicize_feature_enabled":true,"jetpack_social_post_already_shared":true,"jetpack_social_options":{"image_generator_settings":{"template":"highway","default_image_id":0,"font":"","enabled":false},"version":2}},"categories":[30,24],"tags":[604,824,823],"class_list":{"0":"post-3226","1":"post","2":"type-post","3":"status-publish","4":"format-standard","5":"has-post-thumbnail","7":"category-faits-divers","8":"category-news","9":"tag-actualite-de-guinee","10":"tag-forum-des-jeunes","11":"tag-jeunesse-africaine"},"jetpack_publicize_connections":[],"jetpack_featured_media_url":"https:\/\/ledenonciateur224.com\/wp-content\/uploads\/2025\/05\/img-20250530-wa0084.jpg","jetpack_sharing_enabled":true,"_links":{"self":[{"href":"https:\/\/ledenonciateur224.com\/index.php\/wp-json\/wp\/v2\/posts\/3226","targetHints":{"allow":["GET"]}}],"collection":[{"href":"https:\/\/ledenonciateur224.com\/index.php\/wp-json\/wp\/v2\/posts"}],"about":[{"href":"https:\/\/ledenonciateur224.com\/index.php\/wp-json\/wp\/v2\/types\/post"}],"author":[{"embeddable":true,"href":"https:\/\/ledenonciateur224.com\/index.php\/wp-json\/wp\/v2\/users\/2"}],"replies":[{"embeddable":true,"href":"https:\/\/ledenonciateur224.com\/index.php\/wp-json\/wp\/v2\/comments?post=3226"}],"version-history":[{"count":0,"href":"https:\/\/ledenonciateur224.com\/index.php\/wp-json\/wp\/v2\/posts\/3226\/revisions"}],"wp:featuredmedia":[{"embeddable":true,"href":"https:\/\/ledenonciateur224.com\/index.php\/wp-json\/wp\/v2\/media\/3232"}],"wp:attachment":[{"href":"https:\/\/ledenonciateur224.com\/index.php\/wp-json\/wp\/v2\/media?parent=3226"}],"wp:term":[{"taxonomy":"category","embeddable":true,"href":"https:\/\/ledenonciateur224.com\/index.php\/wp-json\/wp\/v2\/categories?post=3226"},{"taxonomy":"post_tag","embeddable":true,"href":"https:\/\/ledenonciateur224.com\/index.php\/wp-json\/wp\/v2\/tags?post=3226"}],"curies":[{"name":"wp","href":"https:\/\/api.w.org\/{rel}","templated":true}]}}