{"id":3236,"date":"2025-05-31T00:16:26","date_gmt":"2025-05-31T00:16:26","guid":{"rendered":"https:\/\/ledenonciateur224.com\/?p=3236"},"modified":"2025-05-31T00:16:26","modified_gmt":"2025-05-31T00:16:26","slug":"generation-sans-tabac-monte-au-front-lappel-a-laction-pour-sauver-les-jeunes-guineens","status":"publish","type":"post","link":"https:\/\/ledenonciateur224.com\/index.php\/generation-sans-tabac-monte-au-front-lappel-a-laction-pour-sauver-les-jeunes-guineens\/","title":{"rendered":"G\u00e9n\u00e9ration Sans Tabac monte au front : l\u2019appel \u00e0 l\u2019action pour sauver les jeunes Guin\u00e9ens"},"content":{"rendered":"<div dir=\"auto\">\n<p>Le 31 mai de chaque ann\u00e9e, l\u2019humanit\u00e9 c\u00e9l\u00e8bre la Journ\u00e9e mondiale de lutte contre le tabagisme. Cette initiative, lanc\u00e9e par l\u2019Organisation mondiale de la sant\u00e9 (OMS) en 1987, vise \u00e0 attirer l\u2019attention de tous sur l\u2019\u00e9pid\u00e9mie de tabagisme. Elle permet \u00e9galement de sensibiliser le grand public aux m\u00e9faits du tabac.<\/p>\n<\/div>\n<p>En Guin\u00e9e, c\u2019est l\u2019association\u00a0<strong>G\u00e9n\u00e9ration Sans Tabac<\/strong>, dirig\u00e9e par le tr\u00e8s dynamique\u00a0<strong>Ibrahima Sory Ciss\u00e9<\/strong>, qui se distingue sur le terrain de la sensibilisation des populations et des gouvernants aux risques li\u00e9s au tabagisme, avec l\u2019implication active des m\u00e9dias et des autorit\u00e9s. Quelques acquis ont certes \u00e9t\u00e9 obtenus ces derni\u00e8res ann\u00e9es, mais cela reste insuffisant. Pour bon nombre d\u2019observateurs, les d\u00e9cideurs politiques devraient faire en sorte que cette lutte contre le tabagisme devienne une priorit\u00e9 nationale, une r\u00e9alit\u00e9 tangible en Guin\u00e9e.<\/p>\n<p>Il ne fait aucun doute que le pr\u00e9sident de\u00a0<strong>G\u00e9n\u00e9ration Sans Tabac \u2013 Guin\u00e9e<\/strong>, ainsi que l\u2019ensemble des membres de l\u2019association, continueront inlassablement de mener le noble combat contre le tabagisme dans le pays.<\/p>\n<p>Le 13 mai dernier, une\u00a0<strong>convention de partenariat<\/strong>\u00a0a \u00e9t\u00e9 sign\u00e9e entre\u00a0<strong>l\u2019Institut Itin\u00e9rant de Pr\u00e9vention Int\u00e9gr\u00e9e contre la Drogue et autres Conduites Addictives (IIFPIDCA)<\/strong>\u00a0et l\u2019ONG G\u00e9n\u00e9ration Sans Tabac. Une alliance qui ambitionne de contrer la mont\u00e9e pr\u00e9occupante de la consommation de tabac et de drogues chez les jeunes.<\/p>\n<p>Les r\u00e9sultats d\u2019une enqu\u00eate r\u00e9alis\u00e9e par cet institut au niveau de l\u2019enseignement pr\u00e9-universitaire sont pr\u00e9occupants :\u00a0<strong>3,85 % des jeunes consomment du tabac<\/strong>, et\u00a0<strong>45 % des jeunes filles fr\u00e9quentant les milieux festifs consomment de la chicha<\/strong>, avec tous les risques que cela comporte.<\/p>\n<p>Dans son intervention, Ibrahima Sory Ciss\u00e9, pr\u00e9sident de l\u2019ONG G\u00e9n\u00e9ration Sans Tabac, a rappel\u00e9 que la Guin\u00e9e a ratifi\u00e9 plusieurs conventions internationales sur la lutte contre le tabac, mais que\u00a0<strong>rien n\u2019est appliqu\u00e9 sur le terrain<\/strong>\u00a0:\u00ab La consommation reste libre dans les lieux publics, la contrebande prosp\u00e8re, et les prix des cigarettes sont d\u00e9risoires \u00bb, a-t-il fait savoir.<\/p>\n<p>Parlant de la politique fiscale du tabac, il a propos\u00e9 une mesure concr\u00e8te au minist\u00e8re en charge du Commerce :\u00ab Si le paquet de cigarettes passait \u00e0 25 000 ou 35 000 francs guin\u00e9ens, la consommation baisserait automatiquement. C\u2019est une mesure simple qui a fait ses preuves ailleurs. \u00bb<\/p>\n<p>En lieu et place des discours, ce sont donc\u00a0<strong>des actes concrets<\/strong>\u00a0qui doivent \u00eatre pos\u00e9s pour\u00a0<strong>sauver des vies<\/strong>. Comme le dit si bien l\u2019adage : \u00ab Mieux vaut pr\u00e9venir que gu\u00e9rir \u00bb.<\/p>\n<p>Et l\u2019on peut compter sur la bonne volont\u00e9 et le\u00a0<strong>leadership du G\u00e9n\u00e9ral d\u2019Arm\u00e9e Mamadi Doumbouya<\/strong>, Pr\u00e9sident de la R\u00e9publique, Chef de l\u2019\u00c9tat, Chef supr\u00eame des Arm\u00e9es, ainsi que sur son gouvernement, pour poser des actions fortes allant dans le sens de la\u00a0<strong>pr\u00e9servation de la sant\u00e9 publique<\/strong>. La lutte contre le tabagisme doit en faire pleinement partie.<\/p>\n<p>&nbsp;<\/p>\n<p>Ledenonciateur224.com<\/p>\n","protected":false},"excerpt":{"rendered":"<p>Le 31 mai de chaque ann\u00e9e, l\u2019humanit\u00e9 c\u00e9l\u00e8bre la Journ\u00e9e mondiale de lutte contre le tabagisme. Cette initiative, lanc\u00e9e par l\u2019Organisation mondiale de la sant\u00e9 (OMS) en 1987, vise \u00e0 attirer l\u2019attention de tous sur l\u2019\u00e9pid\u00e9mie de tabagisme. Elle permet \u00e9galement de sensibiliser le grand public aux m\u00e9faits du tabac. En Guin\u00e9e, c\u2019est l\u2019association\u00a0G\u00e9n\u00e9ration Sans [&hellip;]<\/p>\n","protected":false},"author":2,"featured_media":3237,"comment_status":"open","ping_status":"open","sticky":false,"template":"","format":"standard","meta":{"_jetpack_memberships_contains_paid_content":false,"footnotes":"","jetpack_publicize_message":"","jetpack_publicize_feature_enabled":true,"jetpack_social_post_already_shared":true,"jetpack_social_options":{"image_generator_settings":{"template":"highway","default_image_id":0,"font":"","enabled":false},"version":2}},"categories":[30,24],"tags":[604,774,825],"class_list":{"0":"post-3236","1":"post","2":"type-post","3":"status-publish","4":"format-standard","5":"has-post-thumbnail","7":"category-faits-divers","8":"category-news","9":"tag-actualite-de-guinee","10":"tag-tabac","11":"tag-tabagisme"},"jetpack_publicize_connections":[],"jetpack_featured_media_url":"https:\/\/ledenonciateur224.com\/wp-content\/uploads\/2025\/05\/fb-img-1735937544425.jpg","jetpack_sharing_enabled":true,"_links":{"self":[{"href":"https:\/\/ledenonciateur224.com\/index.php\/wp-json\/wp\/v2\/posts\/3236","targetHints":{"allow":["GET"]}}],"collection":[{"href":"https:\/\/ledenonciateur224.com\/index.php\/wp-json\/wp\/v2\/posts"}],"about":[{"href":"https:\/\/ledenonciateur224.com\/index.php\/wp-json\/wp\/v2\/types\/post"}],"author":[{"embeddable":true,"href":"https:\/\/ledenonciateur224.com\/index.php\/wp-json\/wp\/v2\/users\/2"}],"replies":[{"embeddable":true,"href":"https:\/\/ledenonciateur224.com\/index.php\/wp-json\/wp\/v2\/comments?post=3236"}],"version-history":[{"count":0,"href":"https:\/\/ledenonciateur224.com\/index.php\/wp-json\/wp\/v2\/posts\/3236\/revisions"}],"wp:featuredmedia":[{"embeddable":true,"href":"https:\/\/ledenonciateur224.com\/index.php\/wp-json\/wp\/v2\/media\/3237"}],"wp:attachment":[{"href":"https:\/\/ledenonciateur224.com\/index.php\/wp-json\/wp\/v2\/media?parent=3236"}],"wp:term":[{"taxonomy":"category","embeddable":true,"href":"https:\/\/ledenonciateur224.com\/index.php\/wp-json\/wp\/v2\/categories?post=3236"},{"taxonomy":"post_tag","embeddable":true,"href":"https:\/\/ledenonciateur224.com\/index.php\/wp-json\/wp\/v2\/tags?post=3236"}],"curies":[{"name":"wp","href":"https:\/\/api.w.org\/{rel}","templated":true}]}}