{"id":3249,"date":"2025-06-01T15:04:41","date_gmt":"2025-06-01T15:04:41","guid":{"rendered":"https:\/\/ledenonciateur224.com\/?p=3249"},"modified":"2025-06-01T15:04:41","modified_gmt":"2025-06-01T15:04:41","slug":"renouveau-andre-flamy-signe-son-grand-retour-sur-scene","status":"publish","type":"post","link":"https:\/\/ledenonciateur224.com\/index.php\/renouveau-andre-flamy-signe-son-grand-retour-sur-scene\/","title":{"rendered":"\u00ab\u00a0Renouveau\u00a0\u00bb : Andr\u00e9 Flamy signe son grand retour sur sc\u00e8ne !"},"content":{"rendered":"<p>L\u2019artiste aux mots aff\u00fbt\u00e9s, <strong>Andr\u00e9 Flamy<\/strong>, revient sous les projecteurs avec son nouvel album\u00a0<strong>intitul\u00e9 \u00ab\u00a0Renouveau\u00a0\u00bb<\/strong>, qu\u2019il pr\u00e9sentera en avant-premi\u00e8re\u00a0<strong>le 13 juin prochain dans un r\u00e9ceptif h\u00f4telier de Conakry<\/strong>. Ce projet marque\u00a0<strong>le grand retour dans le game<\/strong>\u00a0de celui qu&rsquo;on surnomme\u00a0<em>le ma\u00eetre des mots<\/em>.<\/p>\n<p>\u00ab\u00a0Renouveau\u00a0\u00bb se veut\u00a0<strong>un cocktail musical \u00e9clectique<\/strong>, m\u00ealant\u00a0<strong>slam profond et chansons dansantes<\/strong>, avec des textes abordant des th\u00e9matiques universelles telles que\u00a0<strong>l\u2019amour, la motivation, et la r\u00e9silience<\/strong>.<\/p>\n<p>L\u2019album comprendra\u00a0<strong>20 titres<\/strong>, d\u00e9voil\u00e9s en\u00a0<strong>deux \u00e9tapes<\/strong>, avec plusieurs\u00a0<strong>collaborations de renom<\/strong>, notamment avec\u00a0<strong>Aly Sanso, Exploss, Izmo et Kabanako<\/strong>, apportant une touche encore plus riche \u00e0 l\u2019ensemble.<\/p>\n<p>Le concert du 13 juin ne sera qu\u2019un avant-go\u00fbt : Andr\u00e9 Flamy pr\u00e9voit\u00a0<strong>un second \u00e9v\u00e9nement d\u2019envergure en d\u00e9cembre<\/strong>, lors du lancement du\u00a0<strong>Africa Love Fest<\/strong>, un festival culturel qu\u2019il souhaite inscrire dans le paysage artistique africain.<\/p>\n<p>&nbsp;<\/p>\n<div style=\"width: 696px;\" class=\"wp-video\"><video class=\"wp-video-shortcode\" id=\"video-3249-1\" width=\"696\" height=\"391\" preload=\"metadata\" controls=\"controls\"><source type=\"video\/mp4\" src=\"https:\/\/ledenonciateur224.com\/wp-content\/uploads\/2025\/06\/vid-20250601-wa0046.mp4?_=1\" \/><a href=\"https:\/\/ledenonciateur224.com\/wp-content\/uploads\/2025\/06\/vid-20250601-wa0046.mp4\">https:\/\/ledenonciateur224.com\/wp-content\/uploads\/2025\/06\/vid-20250601-wa0046.mp4<\/a><\/video><\/div>\n<p>Avec \u00ab\u00a0Renouveau\u00a0\u00bb, Andr\u00e9 Flamy ne se contente pas de revenir \u2014\u00a0<strong>il red\u00e9finit les codes<\/strong>. \u00c0 ne pas manquer.<\/p>\n<p>&nbsp;<\/p>\n<p>Ledenonciateur224.com<\/p>\n","protected":false},"excerpt":{"rendered":"<p>L\u2019artiste aux mots aff\u00fbt\u00e9s, Andr\u00e9 Flamy, revient sous les projecteurs avec son nouvel album\u00a0intitul\u00e9 \u00ab\u00a0Renouveau\u00a0\u00bb, qu\u2019il pr\u00e9sentera en avant-premi\u00e8re\u00a0le 13 juin prochain dans un r\u00e9ceptif h\u00f4telier de Conakry. Ce projet marque\u00a0le grand retour dans le game\u00a0de celui qu&rsquo;on surnomme\u00a0le ma\u00eetre des mots. \u00ab\u00a0Renouveau\u00a0\u00bb se veut\u00a0un cocktail musical \u00e9clectique, m\u00ealant\u00a0slam profond et chansons dansantes, avec des [&hellip;]<\/p>\n","protected":false},"author":2,"featured_media":3251,"comment_status":"open","ping_status":"open","sticky":false,"template":"","format":"standard","meta":{"_jetpack_memberships_contains_paid_content":false,"footnotes":"","jetpack_publicize_message":"","jetpack_publicize_feature_enabled":true,"jetpack_social_post_already_shared":true,"jetpack_social_options":{"image_generator_settings":{"template":"highway","default_image_id":0,"font":"","enabled":false},"version":2}},"categories":[28,24],"tags":[604,828,802],"class_list":{"0":"post-3249","1":"post","2":"type-post","3":"status-publish","4":"format-standard","5":"has-post-thumbnail","7":"category-culture","8":"category-news","9":"tag-actualite-de-guinee","10":"tag-andre-flamy","11":"tag-culturel-guineenne"},"jetpack_publicize_connections":[],"jetpack_featured_media_url":"https:\/\/ledenonciateur224.com\/wp-content\/uploads\/2025\/06\/img-20250601-wa0023.jpg","jetpack_sharing_enabled":true,"_links":{"self":[{"href":"https:\/\/ledenonciateur224.com\/index.php\/wp-json\/wp\/v2\/posts\/3249","targetHints":{"allow":["GET"]}}],"collection":[{"href":"https:\/\/ledenonciateur224.com\/index.php\/wp-json\/wp\/v2\/posts"}],"about":[{"href":"https:\/\/ledenonciateur224.com\/index.php\/wp-json\/wp\/v2\/types\/post"}],"author":[{"embeddable":true,"href":"https:\/\/ledenonciateur224.com\/index.php\/wp-json\/wp\/v2\/users\/2"}],"replies":[{"embeddable":true,"href":"https:\/\/ledenonciateur224.com\/index.php\/wp-json\/wp\/v2\/comments?post=3249"}],"version-history":[{"count":0,"href":"https:\/\/ledenonciateur224.com\/index.php\/wp-json\/wp\/v2\/posts\/3249\/revisions"}],"wp:featuredmedia":[{"embeddable":true,"href":"https:\/\/ledenonciateur224.com\/index.php\/wp-json\/wp\/v2\/media\/3251"}],"wp:attachment":[{"href":"https:\/\/ledenonciateur224.com\/index.php\/wp-json\/wp\/v2\/media?parent=3249"}],"wp:term":[{"taxonomy":"category","embeddable":true,"href":"https:\/\/ledenonciateur224.com\/index.php\/wp-json\/wp\/v2\/categories?post=3249"},{"taxonomy":"post_tag","embeddable":true,"href":"https:\/\/ledenonciateur224.com\/index.php\/wp-json\/wp\/v2\/tags?post=3249"}],"curies":[{"name":"wp","href":"https:\/\/api.w.org\/{rel}","templated":true}]}}