{"id":3253,"date":"2025-06-01T17:37:56","date_gmt":"2025-06-01T17:37:56","guid":{"rendered":"https:\/\/ledenonciateur224.com\/?p=3253"},"modified":"2025-06-01T17:37:56","modified_gmt":"2025-06-01T17:37:56","slug":"ousmane-sonko-en-visite-officielle-en-guinee-pour-renforcer-la-cooperation-bilaterale","status":"publish","type":"post","link":"https:\/\/ledenonciateur224.com\/index.php\/ousmane-sonko-en-visite-officielle-en-guinee-pour-renforcer-la-cooperation-bilaterale\/","title":{"rendered":"Ousmane Sonko en visite officielle en Guin\u00e9e pour renforcer la coop\u00e9ration bilat\u00e9rale"},"content":{"rendered":"<p>Le Premier ministre de la R\u00e9publique du S\u00e9n\u00e9gal,\u00a0<strong>Monsieur Ousmane Sonko<\/strong>, a entam\u00e9 ce dimanche 1er juin, 5une visite officielle en R\u00e9publique de Guin\u00e9e, marquant une nouvelle \u00e9tape dans le\u00a0<strong>renforcement des relations historiques et strat\u00e9giques<\/strong>\u00a0entre les deux nations ouest-africaines.<\/p>\n<p>Accueilli \u00e0 son arriv\u00e9e \u00e0 l&rsquo;a\u00e9roport international\u00a0<strong>Ahmed S\u00e9kou Tour\u00e9<\/strong>\u00a0de Conakry par son homologue guin\u00e9en,\u00a0<strong>Monsieur Amadou Oury Bah<\/strong>, M. Sonko a \u00e9t\u00e9 re\u00e7u dans le cadre d\u2019une\u00a0<strong>c\u00e9r\u00e9monie d\u2019accueil officielle et solennelle<\/strong>, en pr\u00e9sence de plusieurs membres du gouvernement guin\u00e9en et de hautes autorit\u00e9s nationales.<\/p>\n<p>Cette visite s\u2019inscrit dans une dynamique de\u00a0<strong>coop\u00e9ration renforc\u00e9e dans des domaines cl\u00e9s<\/strong>, notamment l\u2019\u00e9conomie, la s\u00e9curit\u00e9, l\u2019\u00e9ducation, les infrastructures, l\u2019\u00e9nergie et la culture. Elle vise \u00e0\u00a0<strong>consolider les liens s\u00e9culaires<\/strong>\u00a0entre les deux peuples fr\u00e8res, unis par une histoire, une g\u00e9ographie et des aspirations communes.<\/p>\n<p>Des rencontres bilat\u00e9rales de haut niveau sont pr\u00e9vues au cours du s\u00e9jour du chef du gouvernement s\u00e9n\u00e9galais, avec pour objectif de\u00a0<strong>poser les bases de nouveaux partenariats et projets conjoints<\/strong>, au service du d\u00e9veloppement durable et de l\u2019int\u00e9gration r\u00e9gionale.<\/p>\n<p>&nbsp;<\/p>\n<p>Ledenonciateur224.com<\/p>\n","protected":false},"excerpt":{"rendered":"<p>Le Premier ministre de la R\u00e9publique du S\u00e9n\u00e9gal,\u00a0Monsieur Ousmane Sonko, a entam\u00e9 ce dimanche 1er juin, 5une visite officielle en R\u00e9publique de Guin\u00e9e, marquant une nouvelle \u00e9tape dans le\u00a0renforcement des relations historiques et strat\u00e9giques\u00a0entre les deux nations ouest-africaines. Accueilli \u00e0 son arriv\u00e9e \u00e0 l&rsquo;a\u00e9roport international\u00a0Ahmed S\u00e9kou Tour\u00e9\u00a0de Conakry par son homologue guin\u00e9en,\u00a0Monsieur Amadou Oury Bah, [&hellip;]<\/p>\n","protected":false},"author":2,"featured_media":3254,"comment_status":"open","ping_status":"open","sticky":false,"template":"","format":"standard","meta":{"_jetpack_memberships_contains_paid_content":false,"footnotes":"","jetpack_publicize_message":"","jetpack_publicize_feature_enabled":true,"jetpack_social_post_already_shared":true,"jetpack_social_options":{"image_generator_settings":{"template":"highway","default_image_id":0,"font":"","enabled":false},"version":2}},"categories":[38,24],"tags":[654,830,829],"class_list":{"0":"post-3253","1":"post","2":"type-post","3":"status-publish","4":"format-standard","5":"has-post-thumbnail","7":"category-international","8":"category-news","9":"tag-actualite-guinee","10":"tag-senegal","11":"tag-visite-du-premier-ministre"},"jetpack_publicize_connections":[],"jetpack_featured_media_url":"https:\/\/ledenonciateur224.com\/wp-content\/uploads\/2025\/06\/fb-img-1748796822068-1080x570-1.jpg","jetpack_sharing_enabled":true,"_links":{"self":[{"href":"https:\/\/ledenonciateur224.com\/index.php\/wp-json\/wp\/v2\/posts\/3253","targetHints":{"allow":["GET"]}}],"collection":[{"href":"https:\/\/ledenonciateur224.com\/index.php\/wp-json\/wp\/v2\/posts"}],"about":[{"href":"https:\/\/ledenonciateur224.com\/index.php\/wp-json\/wp\/v2\/types\/post"}],"author":[{"embeddable":true,"href":"https:\/\/ledenonciateur224.com\/index.php\/wp-json\/wp\/v2\/users\/2"}],"replies":[{"embeddable":true,"href":"https:\/\/ledenonciateur224.com\/index.php\/wp-json\/wp\/v2\/comments?post=3253"}],"version-history":[{"count":0,"href":"https:\/\/ledenonciateur224.com\/index.php\/wp-json\/wp\/v2\/posts\/3253\/revisions"}],"wp:featuredmedia":[{"embeddable":true,"href":"https:\/\/ledenonciateur224.com\/index.php\/wp-json\/wp\/v2\/media\/3254"}],"wp:attachment":[{"href":"https:\/\/ledenonciateur224.com\/index.php\/wp-json\/wp\/v2\/media?parent=3253"}],"wp:term":[{"taxonomy":"category","embeddable":true,"href":"https:\/\/ledenonciateur224.com\/index.php\/wp-json\/wp\/v2\/categories?post=3253"},{"taxonomy":"post_tag","embeddable":true,"href":"https:\/\/ledenonciateur224.com\/index.php\/wp-json\/wp\/v2\/tags?post=3253"}],"curies":[{"name":"wp","href":"https:\/\/api.w.org\/{rel}","templated":true}]}}