{"id":3261,"date":"2025-06-02T15:29:06","date_gmt":"2025-06-02T15:29:06","guid":{"rendered":"https:\/\/ledenonciateur224.com\/?p=3261"},"modified":"2025-06-02T15:30:05","modified_gmt":"2025-06-02T15:30:05","slug":"protection-de-lenfance-charlotte-daffe-donne-le-coup-denvoi-du-mois-de-lenfant","status":"publish","type":"post","link":"https:\/\/ledenonciateur224.com\/index.php\/protection-de-lenfance-charlotte-daffe-donne-le-coup-denvoi-du-mois-de-lenfant\/","title":{"rendered":"Protection de l\u2019Enfance : Charlotte Daff\u00e9 donne le coup d\u2019envoi du mois de l\u2019Enfant"},"content":{"rendered":"<p>La R\u00e9publique de Guin\u00e9e c\u00e9l\u00e8bre cette ann\u00e9e la 33e \u00e9dition du Mois de l\u2019Enfant. Fid\u00e8le \u00e0 son engagement, le Gouvernement guin\u00e9en r\u00e9affirme sa volont\u00e9 de renforcer les dispositifs l\u00e9gaux et institutionnels en mati\u00e8re de pr\u00e9vention et de prise en charge des violations des droits de l\u2019enfant.<\/p>\n<p>Le th\u00e8me retenu pour l\u2019\u00e9dition 2025 s\u2019inscrit dans la continuit\u00e9 de la Journ\u00e9e de l\u2019Enfant Africain :\u00a0<strong>\u00ab Planification et budg\u00e9tisation des droits de l\u2019enfant : progr\u00e8s depuis 2010 \u00bb<\/strong>.<\/p>\n<p>C\u2019est dans cette dynamique que, ce lundi 2 juin 2025, le minist\u00e8re de la Promotion f\u00e9minine, de l\u2019Enfance et des Personnes vuln\u00e9rables a lanc\u00e9 les travaux marquant le d\u00e9but du Mois de l\u2019Enfant \u00e0 Sonfonia, autour du th\u00e8me susmentionn\u00e9.<\/p>\n<p>Dans son allocution de bienvenue, la pr\u00e9sidente de la d\u00e9l\u00e9gation sp\u00e9ciale de Sonfonia, Mme Madina Danssoko, a salu\u00e9 le choix port\u00e9 sur sa commune pour abriter cette c\u00e9r\u00e9monie d\u2019ouverture.<\/p>\n<p><img loading=\"lazy\" decoding=\"async\" class=\"alignnone size-full wp-image-3262\" src=\"https:\/\/ledenonciateur224.com\/wp-content\/uploads\/2025\/06\/img-20250602-wa0049.jpg\" alt=\"\" width=\"1020\" height=\"459\" srcset=\"https:\/\/ledenonciateur224.com\/wp-content\/uploads\/2025\/06\/img-20250602-wa0049.jpg 1020w, https:\/\/ledenonciateur224.com\/wp-content\/uploads\/2025\/06\/img-20250602-wa0049-300x135.jpg 300w, https:\/\/ledenonciateur224.com\/wp-content\/uploads\/2025\/06\/img-20250602-wa0049-768x346.jpg 768w, https:\/\/ledenonciateur224.com\/wp-content\/uploads\/2025\/06\/img-20250602-wa0049-150x68.jpg 150w, https:\/\/ledenonciateur224.com\/wp-content\/uploads\/2025\/06\/img-20250602-wa0049-696x313.jpg 696w, https:\/\/ledenonciateur224.com\/wp-content\/uploads\/2025\/06\/img-20250602-wa0049-933x420.jpg 933w\" sizes=\"auto, (max-width: 1020px) 100vw, 1020px\" \/><\/p>\n<p>\u00ab Conform\u00e9ment \u00e0 la volont\u00e9 de r\u00e9alisation des droits des enfants en lien avec les directives continentales, la commune de Sonfonia s\u2019inscrit dans une dynamique de cr\u00e9ation d\u2019un environnement communautaire pragmatique, favorable \u00e0 la prise en compte des besoins des enfants. Cette approche s\u2019aligne avec le programme de renforcement de la gouvernance locale, dont l\u2019objectif est d\u2019int\u00e9grer les droits de l\u2019enfant dans la budg\u00e9tisation des collectivit\u00e9s locales. C\u2019est une opportunit\u00e9 inestimable, chers partenaires, parents et responsables \u00e0 tous les niveaux, pour initier des actions significatives en faveur de l\u2019avenir de nos enfants \u00bb, a-t-elle d\u00e9clar\u00e9.<\/p>\n<p>Elle a conclu son intervention en assurant la ministre de l\u2019engagement ferme de la commune de Sonfonia :\u00ab Je peux vous assurer que Sonfonia est pleinement d\u00e9termin\u00e9e \u00e0 cr\u00e9er les conditions optimales pour que toutes les politiques, quel que soit le domaine, r\u00e9pondent de mani\u00e8re coh\u00e9rente aux imp\u00e9ratifs li\u00e9s au bien-\u00eatre des enfants guin\u00e9ens. \u00bb<\/p>\n<p>La pr\u00e9sidente du Parlement des Enfants de Guin\u00e9e, Mariame Diallo, a quant \u00e0 elle plaid\u00e9 pour un investissement accru en faveur des enfants :<\/p>\n<p><img loading=\"lazy\" decoding=\"async\" class=\"alignnone size-full wp-image-3263\" src=\"https:\/\/ledenonciateur224.com\/wp-content\/uploads\/2025\/06\/img-20250602-wa0046.jpg\" alt=\"\" width=\"1020\" height=\"459\" srcset=\"https:\/\/ledenonciateur224.com\/wp-content\/uploads\/2025\/06\/img-20250602-wa0046.jpg 1020w, https:\/\/ledenonciateur224.com\/wp-content\/uploads\/2025\/06\/img-20250602-wa0046-300x135.jpg 300w, https:\/\/ledenonciateur224.com\/wp-content\/uploads\/2025\/06\/img-20250602-wa0046-768x346.jpg 768w, https:\/\/ledenonciateur224.com\/wp-content\/uploads\/2025\/06\/img-20250602-wa0046-150x68.jpg 150w, https:\/\/ledenonciateur224.com\/wp-content\/uploads\/2025\/06\/img-20250602-wa0046-696x313.jpg 696w, https:\/\/ledenonciateur224.com\/wp-content\/uploads\/2025\/06\/img-20250602-wa0046-933x420.jpg 933w\" sizes=\"auto, (max-width: 1020px) 100vw, 1020px\" \/><\/p>\n<p>\u00ab En lien avec le th\u00e8me de cette ann\u00e9e, nous mettrons un accent particulier sur la mobilisation des autorit\u00e9s \u00e0 tous les niveaux, ainsi que des partenaires, pour promouvoir une planification programmatique multisectorielle sensible aux besoins des enfants. Le gouvernement a renforc\u00e9 son engagement ces dix derni\u00e8res ann\u00e9es, notamment \u00e0 travers la r\u00e9vision du Code de l\u2019Enfant et la red\u00e9finition des priorit\u00e9s nationales en mati\u00e8re de protection de l\u2019enfance. \u00bb<\/p>\n<p>Elle a cependant soulign\u00e9 les d\u00e9fis persistants :\u00ab Les obstacles financiers et g\u00e9ographiques continuent de limiter l\u2019acc\u00e8s aux services sociaux de base, compromettant ainsi notre \u00e9panouissement. C\u2019est pourquoi nous appelons \u00e0 une augmentation significative des ressources publiques en faveur des enfants, et invitons chacun \u00e0 faire des droits de l\u2019enfant une priorit\u00e9 permanente. \u00bb<\/p>\n<p><img loading=\"lazy\" decoding=\"async\" class=\"alignnone size-full wp-image-3264\" src=\"https:\/\/ledenonciateur224.com\/wp-content\/uploads\/2025\/06\/img-20250602-wa0045.jpg\" alt=\"\" width=\"1020\" height=\"459\" srcset=\"https:\/\/ledenonciateur224.com\/wp-content\/uploads\/2025\/06\/img-20250602-wa0045.jpg 1020w, https:\/\/ledenonciateur224.com\/wp-content\/uploads\/2025\/06\/img-20250602-wa0045-300x135.jpg 300w, https:\/\/ledenonciateur224.com\/wp-content\/uploads\/2025\/06\/img-20250602-wa0045-768x346.jpg 768w, https:\/\/ledenonciateur224.com\/wp-content\/uploads\/2025\/06\/img-20250602-wa0045-150x68.jpg 150w, https:\/\/ledenonciateur224.com\/wp-content\/uploads\/2025\/06\/img-20250602-wa0045-696x313.jpg 696w, https:\/\/ledenonciateur224.com\/wp-content\/uploads\/2025\/06\/img-20250602-wa0045-933x420.jpg 933w\" sizes=\"auto, (max-width: 1020px) 100vw, 1020px\" \/><\/p>\n<p>De son c\u00f4t\u00e9, la ministre Charlotte Daff\u00e9, entour\u00e9e du ministre de l\u2019Enseignement pr\u00e9-universitaire et de l\u2019Alphab\u00e9tisation, de la gouverneure de Conakry et de la repr\u00e9sentante de l\u2019UNICEF, a insist\u00e9 sur l\u2019importance des actions \u00e0 mener durant ce mois :\u00ab Lorsqu\u2019un enfant est prot\u00e9g\u00e9, c\u2019est toute une soci\u00e9t\u00e9 qui respire. Mais lorsqu\u2019il est oubli\u00e9, c\u2019est une nation qui s\u2019essouffle. Or, les d\u00e9fis restent immenses. Une analyse men\u00e9e en 2023 montre que 54,7 % des enfants vivent dans la pauvret\u00e9 en Guin\u00e9e, et pr\u00e8s de 90 % des enfants en milieu rural subissent des privations multiples dans au moins trois dimensions fondamentales : \u00e9ducation, sant\u00e9, eau, hygi\u00e8ne, nutrition, logement, protection ou acc\u00e8s \u00e0 l\u2019information. \u00bb<\/p>\n<p>La ministre a salu\u00e9 la volont\u00e9 politique du pr\u00e9sident de la R\u00e9publique, le G\u00e9n\u00e9ral Mamadi Doumbouya, de faire des enfants une priorit\u00e9 nationale :\u00ab Je suis fi\u00e8re de soutenir le choix du Chef de l\u2019\u00c9tat de placer les enfants au c\u0153ur des politiques publiques. \u00bb<\/p>\n<p>Elle a d\u00e9taill\u00e9 les principales activit\u00e9s pr\u00e9vues pour ce Mois de l\u2019Enfant :<\/p>\n<ul>\n<li>Des s\u00e9ances de plaidoyer pour une meilleure allocation budg\u00e9taire en faveur de l\u2019enfance ;<\/li>\n<li>Le renforcement du Parlement des Enfants de Guin\u00e9e ;<\/li>\n<li>Des mesures concr\u00e8tes pour pr\u00e9venir et r\u00e9pondre aux violences faites aux enfants ;<\/li>\n<li>La r\u00e9unification familiale d\u2019enfants s\u00e9par\u00e9s et le retrait des enfants en situation de mendicit\u00e9.\u00ab Ce programme s\u2019inscrit dans la Vision Nationale de D\u00e9veloppement\u00a0<em>Simandou 2040<\/em>, qui propose une r\u00e9ponse globale et multisectorielle aux d\u00e9fis de notre pays. En ce qui concerne le secteur de l\u2019enfance, nous veillerons \u00e0 une planification rigoureuse et une budg\u00e9tisation \u00e9quitable des besoins. \u00bb<\/li>\n<li><\/li>\n<\/ul>\n<p>Pour rappel, lors de l\u2019\u00e9dition 2024 du Mois de l\u2019Enfant, plusieurs r\u00e9sultats notables avaient \u00e9t\u00e9 enregistr\u00e9s, notamment :<\/p>\n<ul>\n<li>L\u2019identification de 5 236 enfants \u00e0 risque de d\u00e9scolarisation et la distribution de kits scolaires \u00e0 1 709 d\u2019entre eux ;<\/li>\n<li>La premi\u00e8re immersion du Parlement des Enfants de Guin\u00e9e \u00e0 la Primature et dans divers minist\u00e8res ;<\/li>\n<li>L\u2019appui en vivres et non-vivres aux enfants des orphelinats.<\/li>\n<\/ul>\n<div dir=\"auto\"><\/div>\n<div dir=\"auto\"><\/div>\n<div dir=\"auto\">Ledenonciateur224.com<\/div>\n","protected":false},"excerpt":{"rendered":"<p>La R\u00e9publique de Guin\u00e9e c\u00e9l\u00e8bre cette ann\u00e9e la 33e \u00e9dition du Mois de l\u2019Enfant. Fid\u00e8le \u00e0 son engagement, le Gouvernement guin\u00e9en r\u00e9affirme sa volont\u00e9 de renforcer les dispositifs l\u00e9gaux et institutionnels en mati\u00e8re de pr\u00e9vention et de prise en charge des violations des droits de l\u2019enfant. Le th\u00e8me retenu pour l\u2019\u00e9dition 2025 s\u2019inscrit dans la [&hellip;]<\/p>\n","protected":false},"author":2,"featured_media":3265,"comment_status":"open","ping_status":"open","sticky":false,"template":"","format":"standard","meta":{"_jetpack_memberships_contains_paid_content":false,"footnotes":"","jetpack_publicize_message":"","jetpack_publicize_feature_enabled":true,"jetpack_social_post_already_shared":true,"jetpack_social_options":{"image_generator_settings":{"template":"highway","default_image_id":0,"font":"","enabled":false},"version":2}},"categories":[30,24],"tags":[],"class_list":{"0":"post-3261","1":"post","2":"type-post","3":"status-publish","4":"format-standard","5":"has-post-thumbnail","7":"category-faits-divers","8":"category-news"},"jetpack_publicize_connections":[],"jetpack_featured_media_url":"https:\/\/ledenonciateur224.com\/wp-content\/uploads\/2025\/06\/img-20250602-wa0043.jpg","jetpack_sharing_enabled":true,"_links":{"self":[{"href":"https:\/\/ledenonciateur224.com\/index.php\/wp-json\/wp\/v2\/posts\/3261","targetHints":{"allow":["GET"]}}],"collection":[{"href":"https:\/\/ledenonciateur224.com\/index.php\/wp-json\/wp\/v2\/posts"}],"about":[{"href":"https:\/\/ledenonciateur224.com\/index.php\/wp-json\/wp\/v2\/types\/post"}],"author":[{"embeddable":true,"href":"https:\/\/ledenonciateur224.com\/index.php\/wp-json\/wp\/v2\/users\/2"}],"replies":[{"embeddable":true,"href":"https:\/\/ledenonciateur224.com\/index.php\/wp-json\/wp\/v2\/comments?post=3261"}],"version-history":[{"count":0,"href":"https:\/\/ledenonciateur224.com\/index.php\/wp-json\/wp\/v2\/posts\/3261\/revisions"}],"wp:featuredmedia":[{"embeddable":true,"href":"https:\/\/ledenonciateur224.com\/index.php\/wp-json\/wp\/v2\/media\/3265"}],"wp:attachment":[{"href":"https:\/\/ledenonciateur224.com\/index.php\/wp-json\/wp\/v2\/media?parent=3261"}],"wp:term":[{"taxonomy":"category","embeddable":true,"href":"https:\/\/ledenonciateur224.com\/index.php\/wp-json\/wp\/v2\/categories?post=3261"},{"taxonomy":"post_tag","embeddable":true,"href":"https:\/\/ledenonciateur224.com\/index.php\/wp-json\/wp\/v2\/tags?post=3261"}],"curies":[{"name":"wp","href":"https:\/\/api.w.org\/{rel}","templated":true}]}}