{"id":3269,"date":"2025-06-02T20:08:45","date_gmt":"2025-06-02T20:08:45","guid":{"rendered":"https:\/\/ledenonciateur224.com\/?p=3269"},"modified":"2025-06-02T20:08:45","modified_gmt":"2025-06-02T20:08:45","slug":"ousmane-sonko-a-conakry-je-ne-suis-pas-venu-donner-des-lecons","status":"publish","type":"post","link":"https:\/\/ledenonciateur224.com\/index.php\/ousmane-sonko-a-conakry-je-ne-suis-pas-venu-donner-des-lecons\/","title":{"rendered":"Ousmane Sonko \u00e0 Conakry : \u00ab Je ne suis pas venu donner des le\u00e7ons \u00bb"},"content":{"rendered":"<p>Interpell\u00e9 ce lundi 2 juin par la presse guin\u00e9enne sur le sort de plusieurs figures publiques arr\u00eat\u00e9es ou port\u00e9es disparues \u2014 notamment les activistes Fonik\u00e9 Mengu\u00e9, Billo Bah, le journaliste Marouane et Sadou Nimaga, le Premier ministre s\u00e9n\u00e9galais Ousmane Sonko a opt\u00e9 pour une r\u00e9ponse \u00e0 la fois ferme, diplomatique et nuanc\u00e9e.<\/p>\n<p>En visite \u00e0 Conakry dans le cadre d\u2019une tourn\u00e9e \u00e9conomique sous-r\u00e9gionale, le chef du gouvernement s\u00e9n\u00e9galais a rappel\u00e9, d\u2019un ton mesur\u00e9, le principe fondamental de\u00a0<strong>non-ing\u00e9rence dans les affaires int\u00e9rieures des \u00c9tats<\/strong>\u00a0:\u00ab Les \u00c9tats, quels que soient le niveau de fraternit\u00e9 et d\u2019amiti\u00e9 qui les lie, ont chacun une r\u00e9alit\u00e9 interne qu\u2019il faut respecter \u00bb, a-t-il d\u00e9clar\u00e9 devant les journalistes.<\/p>\n<p>Prenant soin d\u2019\u00e9viter toute pol\u00e9mique, Sonko a \u00e9tabli un parall\u00e8le avec la situation au S\u00e9n\u00e9gal :\u00ab Aujourd\u2019hui, certaines personnes sont arr\u00eat\u00e9es au S\u00e9n\u00e9gal pour divers d\u00e9lits, que certains qualifient de politiques. Mais ce n\u2019est pas aux autorit\u00e9s guin\u00e9ennes de venir nous dire ce que nous devons faire. De la m\u00eame mani\u00e8re, je m\u2019abstiens, par respect, de venir en Guin\u00e9e pour dicter aux autorit\u00e9s ce qu\u2019elles ont \u00e0 faire. \u00bb<\/p>\n<p>Si une discussion devait avoir lieu sur ces sujets sensibles, a-t-il pr\u00e9cis\u00e9, ce serait dans la discr\u00e9tion :\u00ab Si mes relations amicales et fraternelles me le permettent, et si je devais en parler, ce serait discr\u00e8tement, de mani\u00e8re amicale \u2014 mais certainement pas dans une conf\u00e9rence de presse pour dire ce que j\u2019ai dit ou fait. \u00bb<\/p>\n<p>Ousmane Sonko a \u00e9galement insist\u00e9 sur la n\u00e9cessit\u00e9 d\u2019une solidarit\u00e9 r\u00e9gionale en mati\u00e8re de s\u00e9curit\u00e9 :\u00ab Nous nous pr\u00e9occupons mutuellement de l\u2019\u00e9volution de nos pays, car la stabilit\u00e9 ou l\u2019instabilit\u00e9 de l\u2019un peut avoir des r\u00e9percussions sur les autres. Nous sommes d\u00e9j\u00e0 suffisamment confront\u00e9s \u00e0 des d\u00e9fis s\u00e9curitaires dans bon nombre de nos pays fr\u00e8res. \u00bb<\/p>\n<p>Avant de clore son intervention, le Premier ministre s\u00e9n\u00e9galais a tenu \u00e0 adresser un message d\u2019unit\u00e9 et d\u2019espoir :\u00ab J\u2019ai suffisamment d\u2019exp\u00e9rience politique pour ne pas venir ici vous dire que j\u2019ai tenu tel propos aux autorit\u00e9s guin\u00e9ennes. Ce n\u2019est pas de ma comp\u00e9tence. Mais je souhaite \u2014 et je prie \u2014 pour que dans tous nos pays, le S\u00e9n\u00e9gal, la Guin\u00e9e, comme ailleurs, nous ayons la paix, la stabilit\u00e9, la concorde politique. \u00bb<\/p>\n<p>Et de conclure :\u00ab Que nous puissions, ensemble, travailler \u00e0 r\u00e9pondre aux attentes des populations : le d\u00e9veloppement, au-del\u00e0 des divergences d\u2019opinion, qui sont naturelles dans toute d\u00e9mocratie. \u00bb<\/p>\n<p>&nbsp;<\/p>\n<p>Ledenonciateur224.com<\/p>\n","protected":false},"excerpt":{"rendered":"<p>Interpell\u00e9 ce lundi 2 juin par la presse guin\u00e9enne sur le sort de plusieurs figures publiques arr\u00eat\u00e9es ou port\u00e9es disparues \u2014 notamment les activistes Fonik\u00e9 Mengu\u00e9, Billo Bah, le journaliste Marouane et Sadou Nimaga, le Premier ministre s\u00e9n\u00e9galais Ousmane Sonko a opt\u00e9 pour une r\u00e9ponse \u00e0 la fois ferme, diplomatique et nuanc\u00e9e. En visite \u00e0 [&hellip;]<\/p>\n","protected":false},"author":2,"featured_media":3270,"comment_status":"open","ping_status":"open","sticky":false,"template":"","format":"standard","meta":{"_jetpack_memberships_contains_paid_content":false,"footnotes":"","jetpack_publicize_message":"","jetpack_publicize_feature_enabled":true,"jetpack_social_post_already_shared":true,"jetpack_social_options":{"image_generator_settings":{"template":"highway","default_image_id":0,"font":"","enabled":false},"version":2}},"categories":[24,27],"tags":[833,832,829],"class_list":{"0":"post-3269","1":"post","2":"type-post","3":"status-publish","4":"format-standard","5":"has-post-thumbnail","7":"category-news","8":"category-politique","9":"tag-ousmane-sonko","10":"tag-sonko","11":"tag-visite-du-premier-ministre"},"jetpack_publicize_connections":[],"jetpack_featured_media_url":"https:\/\/ledenonciateur224.com\/wp-content\/uploads\/2025\/06\/fb-img-1748884015949-1-768x578-1.jpg","jetpack_sharing_enabled":true,"_links":{"self":[{"href":"https:\/\/ledenonciateur224.com\/index.php\/wp-json\/wp\/v2\/posts\/3269","targetHints":{"allow":["GET"]}}],"collection":[{"href":"https:\/\/ledenonciateur224.com\/index.php\/wp-json\/wp\/v2\/posts"}],"about":[{"href":"https:\/\/ledenonciateur224.com\/index.php\/wp-json\/wp\/v2\/types\/post"}],"author":[{"embeddable":true,"href":"https:\/\/ledenonciateur224.com\/index.php\/wp-json\/wp\/v2\/users\/2"}],"replies":[{"embeddable":true,"href":"https:\/\/ledenonciateur224.com\/index.php\/wp-json\/wp\/v2\/comments?post=3269"}],"version-history":[{"count":0,"href":"https:\/\/ledenonciateur224.com\/index.php\/wp-json\/wp\/v2\/posts\/3269\/revisions"}],"wp:featuredmedia":[{"embeddable":true,"href":"https:\/\/ledenonciateur224.com\/index.php\/wp-json\/wp\/v2\/media\/3270"}],"wp:attachment":[{"href":"https:\/\/ledenonciateur224.com\/index.php\/wp-json\/wp\/v2\/media?parent=3269"}],"wp:term":[{"taxonomy":"category","embeddable":true,"href":"https:\/\/ledenonciateur224.com\/index.php\/wp-json\/wp\/v2\/categories?post=3269"},{"taxonomy":"post_tag","embeddable":true,"href":"https:\/\/ledenonciateur224.com\/index.php\/wp-json\/wp\/v2\/tags?post=3269"}],"curies":[{"name":"wp","href":"https:\/\/api.w.org\/{rel}","templated":true}]}}