{"id":3272,"date":"2025-06-02T20:26:57","date_gmt":"2025-06-02T20:26:57","guid":{"rendered":"https:\/\/ledenonciateur224.com\/?p=3272"},"modified":"2025-06-02T20:26:57","modified_gmt":"2025-06-02T20:26:57","slug":"guinee-la-hac-ordonne-le-retrait-immediat-de-west-africa-tv-pour-atteinte-aux-bonnes-moeurs","status":"publish","type":"post","link":"https:\/\/ledenonciateur224.com\/index.php\/guinee-la-hac-ordonne-le-retrait-immediat-de-west-africa-tv-pour-atteinte-aux-bonnes-moeurs\/","title":{"rendered":"Guin\u00e9e : La HAC ordonne le retrait imm\u00e9diat de West Africa TV pour \u201catteinte aux bonnes m\u0153urs\u201d"},"content":{"rendered":"<p>La Haute Autorit\u00e9 de la Communication (HAC) a frapp\u00e9 fort. Dans un communiqu\u00e9 publi\u00e9 ce lundi 2 juin 2025, l\u2019instance de r\u00e9gulation des m\u00e9dias en Guin\u00e9e a annonc\u00e9 le\u00a0<strong>retrait imm\u00e9diat de la cha\u00eene West Africa TV<\/strong>, diffus\u00e9e \u00e0 la fois sur le web et via les bouquets CANAL+ Guin\u00e9e et STARTIMES Guin\u00e9e.<\/p>\n<p>En cause : des propos jug\u00e9s\u00a0<strong>\u00ab attentatoires aux bonnes m\u0153urs et \u00e0 la vie priv\u00e9e de tierces personnes \u00bb<\/strong>\u00a0diffus\u00e9s le vendredi 30 mai 2025, dans l\u2019\u00e9mission\u00a0<em>Star en Ligne<\/em>. La HAC, pr\u00e9sid\u00e9e par Boubacar Yacine Diallo, \u00e9voque dans sa d\u00e9cision des\u00a0<strong>\u00ab atteintes aux m\u0153urs \u00bb<\/strong>\u00a0et des\u00a0<strong>\u00ab insuffisances professionnelles \u00bb<\/strong>, d\u00e9non\u00e7ant un contenu qui, selon elle, viole les principes \u00e9thiques et d\u00e9ontologiques du journalisme.\u00ab Cette d\u00e9cision s\u2019appuie sur l\u2019article 44 de la Loi organique L\/2010\/002\/CNT du 22 juin 2010 relative \u00e0 la libert\u00e9 de la presse \u00bb, pr\u00e9cise l\u2019institution. Cet article encadre l\u2019exercice de la libert\u00e9 d\u2019expression en Guin\u00e9e, tout en imposant des limites claires li\u00e9es au respect de la dignit\u00e9 humaine et \u00e0 la vie priv\u00e9e.<\/p>\n<p>La HAC ne s\u2019est pas content\u00e9e de retirer la cha\u00eene de l\u2019espace audiovisuel : elle a \u00e9galement\u00a0<strong>ordonn\u00e9 aux op\u00e9rateurs CANAL+ Guin\u00e9e et STARTIMES Guin\u00e9e de suspendre sans d\u00e9lai la diffusion de West Africa TV<\/strong>, appelant \u00e0 une stricte application de sa d\u00e9cision.<\/p>\n<p>Cette mesure, qui s\u2019inscrit dans un contexte de tension croissante autour de la libert\u00e9 de la presse et des d\u00e9rives dans le paysage m\u00e9diatique, pourrait faire jurisprudence. Elle relance en tout cas le d\u00e9bat sur la responsabilit\u00e9 des cha\u00eenes priv\u00e9es et des animateurs dans un environnement o\u00f9 la viralit\u00e9 l\u2019emporte parfois sur la v\u00e9rification et la retenue.<\/p>\n<p><img loading=\"lazy\" decoding=\"async\" class=\"alignnone size-full wp-image-3273\" src=\"https:\/\/ledenonciateur224.com\/wp-content\/uploads\/2025\/06\/fb-img-1748895515315.jpg\" alt=\"\" width=\"720\" height=\"1520\" srcset=\"https:\/\/ledenonciateur224.com\/wp-content\/uploads\/2025\/06\/fb-img-1748895515315.jpg 720w, https:\/\/ledenonciateur224.com\/wp-content\/uploads\/2025\/06\/fb-img-1748895515315-142x300.jpg 142w, https:\/\/ledenonciateur224.com\/wp-content\/uploads\/2025\/06\/fb-img-1748895515315-485x1024.jpg 485w, https:\/\/ledenonciateur224.com\/wp-content\/uploads\/2025\/06\/fb-img-1748895515315-150x317.jpg 150w, https:\/\/ledenonciateur224.com\/wp-content\/uploads\/2025\/06\/fb-img-1748895515315-300x633.jpg 300w, https:\/\/ledenonciateur224.com\/wp-content\/uploads\/2025\/06\/fb-img-1748895515315-696x1469.jpg 696w, https:\/\/ledenonciateur224.com\/wp-content\/uploads\/2025\/06\/fb-img-1748895515315-199x420.jpg 199w\" sizes=\"auto, (max-width: 720px) 100vw, 720px\" \/> <img loading=\"lazy\" decoding=\"async\" class=\"alignnone size-full wp-image-3274\" src=\"https:\/\/ledenonciateur224.com\/wp-content\/uploads\/2025\/06\/fb-img-1748895524523.jpg\" alt=\"\" width=\"720\" height=\"1520\" srcset=\"https:\/\/ledenonciateur224.com\/wp-content\/uploads\/2025\/06\/fb-img-1748895524523.jpg 720w, https:\/\/ledenonciateur224.com\/wp-content\/uploads\/2025\/06\/fb-img-1748895524523-142x300.jpg 142w, https:\/\/ledenonciateur224.com\/wp-content\/uploads\/2025\/06\/fb-img-1748895524523-485x1024.jpg 485w, https:\/\/ledenonciateur224.com\/wp-content\/uploads\/2025\/06\/fb-img-1748895524523-150x317.jpg 150w, https:\/\/ledenonciateur224.com\/wp-content\/uploads\/2025\/06\/fb-img-1748895524523-300x633.jpg 300w, https:\/\/ledenonciateur224.com\/wp-content\/uploads\/2025\/06\/fb-img-1748895524523-696x1469.jpg 696w, https:\/\/ledenonciateur224.com\/wp-content\/uploads\/2025\/06\/fb-img-1748895524523-199x420.jpg 199w\" sizes=\"auto, (max-width: 720px) 100vw, 720px\" \/><\/p>\n<p>&nbsp;<\/p>\n<p>Ledenonciateur224.com<\/p>\n","protected":false},"excerpt":{"rendered":"<p>La Haute Autorit\u00e9 de la Communication (HAC) a frapp\u00e9 fort. Dans un communiqu\u00e9 publi\u00e9 ce lundi 2 juin 2025, l\u2019instance de r\u00e9gulation des m\u00e9dias en Guin\u00e9e a annonc\u00e9 le\u00a0retrait imm\u00e9diat de la cha\u00eene West Africa TV, diffus\u00e9e \u00e0 la fois sur le web et via les bouquets CANAL+ Guin\u00e9e et STARTIMES Guin\u00e9e. En cause : [&hellip;]<\/p>\n","protected":false},"author":2,"featured_media":3275,"comment_status":"open","ping_status":"open","sticky":false,"template":"","format":"standard","meta":{"_jetpack_memberships_contains_paid_content":false,"footnotes":"","jetpack_publicize_message":"","jetpack_publicize_feature_enabled":true,"jetpack_social_post_already_shared":true,"jetpack_social_options":{"image_generator_settings":{"template":"highway","default_image_id":0,"font":"","enabled":false},"version":2}},"categories":[30,24],"tags":[767,738],"class_list":{"0":"post-3272","1":"post","2":"type-post","3":"status-publish","4":"format-standard","5":"has-post-thumbnail","7":"category-faits-divers","8":"category-news","9":"tag-hac-guinee","10":"tag-medias-guinee"},"jetpack_publicize_connections":[],"jetpack_featured_media_url":"https:\/\/ledenonciateur224.com\/wp-content\/uploads\/2025\/06\/fb-img-1684515047944-768x508-1.jpg","jetpack_sharing_enabled":true,"_links":{"self":[{"href":"https:\/\/ledenonciateur224.com\/index.php\/wp-json\/wp\/v2\/posts\/3272","targetHints":{"allow":["GET"]}}],"collection":[{"href":"https:\/\/ledenonciateur224.com\/index.php\/wp-json\/wp\/v2\/posts"}],"about":[{"href":"https:\/\/ledenonciateur224.com\/index.php\/wp-json\/wp\/v2\/types\/post"}],"author":[{"embeddable":true,"href":"https:\/\/ledenonciateur224.com\/index.php\/wp-json\/wp\/v2\/users\/2"}],"replies":[{"embeddable":true,"href":"https:\/\/ledenonciateur224.com\/index.php\/wp-json\/wp\/v2\/comments?post=3272"}],"version-history":[{"count":0,"href":"https:\/\/ledenonciateur224.com\/index.php\/wp-json\/wp\/v2\/posts\/3272\/revisions"}],"wp:featuredmedia":[{"embeddable":true,"href":"https:\/\/ledenonciateur224.com\/index.php\/wp-json\/wp\/v2\/media\/3275"}],"wp:attachment":[{"href":"https:\/\/ledenonciateur224.com\/index.php\/wp-json\/wp\/v2\/media?parent=3272"}],"wp:term":[{"taxonomy":"category","embeddable":true,"href":"https:\/\/ledenonciateur224.com\/index.php\/wp-json\/wp\/v2\/categories?post=3272"},{"taxonomy":"post_tag","embeddable":true,"href":"https:\/\/ledenonciateur224.com\/index.php\/wp-json\/wp\/v2\/tags?post=3272"}],"curies":[{"name":"wp","href":"https:\/\/api.w.org\/{rel}","templated":true}]}}