{"id":3320,"date":"2025-06-06T10:43:51","date_gmt":"2025-06-06T10:43:51","guid":{"rendered":"https:\/\/ledenonciateur224.com\/?p=3320"},"modified":"2025-06-06T10:43:51","modified_gmt":"2025-06-06T10:43:51","slug":"kindia-limam-elhadj-mamoudou-camara-appelle-a-la-paix-a-lamour-du-prochain-et-a-lunite-nationale","status":"publish","type":"post","link":"https:\/\/ledenonciateur224.com\/index.php\/kindia-limam-elhadj-mamoudou-camara-appelle-a-la-paix-a-lamour-du-prochain-et-a-lunite-nationale\/","title":{"rendered":"Kindia : L\u2019imam Elhadj Mamoudou Camara appelle \u00e0 la paix, \u00e0 l\u2019amour du prochain et \u00e0 l\u2019unit\u00e9 nationale"},"content":{"rendered":"<p>Ce vendredi 6 juin 2025, les fid\u00e8les musulmans de Guin\u00e9e ont c\u00e9l\u00e9br\u00e9 dans la ferveur religieuse la f\u00eate de l\u2019A\u00efd el-K\u00e9bir, commun\u00e9ment appel\u00e9e Tabaski, sur l\u2019ensemble du territoire national. \u00c0 Kindia, la mobilisation des croyants a \u00e9t\u00e9 particuli\u00e8rement remarquable, t\u00e9moignant de la profonde foi et du respect des traditions islamiques qui animent cette r\u00e9gion.<\/p>\n<p><img loading=\"lazy\" decoding=\"async\" class=\"alignnone size-full wp-image-3322\" src=\"https:\/\/ledenonciateur224.com\/wp-content\/uploads\/2025\/06\/20250606-092926-scaled.jpg\" alt=\"\" width=\"2560\" height=\"1440\" srcset=\"https:\/\/ledenonciateur224.com\/wp-content\/uploads\/2025\/06\/20250606-092926-scaled.jpg 2560w, https:\/\/ledenonciateur224.com\/wp-content\/uploads\/2025\/06\/20250606-092926-300x169.jpg 300w, https:\/\/ledenonciateur224.com\/wp-content\/uploads\/2025\/06\/20250606-092926-1024x576.jpg 1024w, https:\/\/ledenonciateur224.com\/wp-content\/uploads\/2025\/06\/20250606-092926-768x432.jpg 768w, https:\/\/ledenonciateur224.com\/wp-content\/uploads\/2025\/06\/20250606-092926-1536x864.jpg 1536w, https:\/\/ledenonciateur224.com\/wp-content\/uploads\/2025\/06\/20250606-092926-2048x1152.jpg 2048w, https:\/\/ledenonciateur224.com\/wp-content\/uploads\/2025\/06\/20250606-092926-150x84.jpg 150w, https:\/\/ledenonciateur224.com\/wp-content\/uploads\/2025\/06\/20250606-092926-696x392.jpg 696w, https:\/\/ledenonciateur224.com\/wp-content\/uploads\/2025\/06\/20250606-092926-1068x601.jpg 1068w, https:\/\/ledenonciateur224.com\/wp-content\/uploads\/2025\/06\/20250606-092926-1920x1080.jpg 1920w, https:\/\/ledenonciateur224.com\/wp-content\/uploads\/2025\/06\/20250606-092926-747x420.jpg 747w\" sizes=\"auto, (max-width: 2560px) 100vw, 2560px\" \/><\/p>\n<p>C\u2019est sur la place embl\u00e9matique des Martyrs que des milliers de fid\u00e8les se sont rassembl\u00e9s d\u00e8s les premi\u00e8res heures de la matin\u00e9e pour accomplir la grande pri\u00e8re collective. L\u2019\u00e9v\u00e9nement s\u2019est d\u00e9roul\u00e9 en pr\u00e9sence de nombreuses autorit\u00e9s religieuses, administratives et civiles venues partager ce moment de d\u00e9votion et de fraternit\u00e9.<\/p>\n<p>Dans son sermon empreint de sagesse, l\u2019imam Elhadj Mamoudou Camara a rappel\u00e9 les fondements spirituels de cette f\u00eate, en soulignant la soumission \u00e0 Dieu, l\u2019esprit de sacrifice, et la solidarit\u00e9 entre les membres de la communaut\u00e9. Il a invit\u00e9 les fid\u00e8les \u00e0 renforcer leur lien avec leur Cr\u00e9ateur, mais aussi \u00e0 cultiver des valeurs essentielles telles que l\u2019amour du prochain, la tol\u00e9rance et le respect mutuel.<\/p>\n<p>\u00ab La Tabaski n\u2019est pas seulement un acte rituel. C\u2019est un symbole fort d\u2019ob\u00e9issance, de partage et d\u2019humilit\u00e9. Elle nous enseigne \u00e0 vivre en paix avec nous-m\u00eames et avec les autres \u00bb, a d\u00e9clar\u00e9 l\u2019imam.<\/p>\n<p>Faisant allusion au contexte socio-politique du pays, Elhadj Mamoudou Camara a \u00e9galement lanc\u00e9 un appel solennel \u00e0 la population de Kindia, et plus largement \u00e0 tous les Guin\u00e9ens, \u00e0 pr\u00e9server l\u2019unit\u00e9 nationale. Il a exhort\u00e9 les citoyens \u00e0 d\u00e9passer les divisions ethniques ou partisanes pour b\u00e2tir ensemble une nation stable, fraternelle et prosp\u00e8re.<\/p>\n<p>\u00ab La paix n\u2019a pas de prix. Elle est le socle de tout d\u00e9veloppement durable. Nous devons nous soutenir les uns les autres, car nous sommes fr\u00e8res et s\u0153urs en humanit\u00e9, quelles que soient nos diff\u00e9rences \u00bb, a-t-il martel\u00e9.<\/p>\n<p>La c\u00e9r\u00e9monie s\u2019est achev\u00e9e dans une atmosph\u00e8re de joie, marqu\u00e9e par les salutations fraternelles, les \u00e9changes de v\u0153ux et le partage de mets traditionnels. La f\u00eate de Tabaski, au-del\u00e0 de son aspect religieux, demeure un moment fort de coh\u00e9sion sociale et de renouvellement des liens communautaires \u00e0 Kindia.<\/p>\n<p>&nbsp;<\/p>\n<p>Aboubacar Gomba Camara<\/p>\n","protected":false},"excerpt":{"rendered":"<p>Ce vendredi 6 juin 2025, les fid\u00e8les musulmans de Guin\u00e9e ont c\u00e9l\u00e9br\u00e9 dans la ferveur religieuse la f\u00eate de l\u2019A\u00efd el-K\u00e9bir, commun\u00e9ment appel\u00e9e Tabaski, sur l\u2019ensemble du territoire national. \u00c0 Kindia, la mobilisation des croyants a \u00e9t\u00e9 particuli\u00e8rement remarquable, t\u00e9moignant de la profonde foi et du respect des traditions islamiques qui animent cette r\u00e9gion. C\u2019est [&hellip;]<\/p>\n","protected":false},"author":2,"featured_media":3321,"comment_status":"open","ping_status":"open","sticky":false,"template":"","format":"standard","meta":{"_jetpack_memberships_contains_paid_content":false,"footnotes":"","jetpack_publicize_message":"","jetpack_publicize_feature_enabled":true,"jetpack_social_post_already_shared":true,"jetpack_social_options":{"image_generator_settings":{"template":"highway","default_image_id":0,"font":"","enabled":false},"version":2}},"categories":[30,24],"tags":[842,843,382],"class_list":{"0":"post-3320","1":"post","2":"type-post","3":"status-publish","4":"format-standard","5":"has-post-thumbnail","7":"category-faits-divers","8":"category-news","9":"tag-fete-de-tabaski","10":"tag-tabaski","11":"tag-kindia"},"jetpack_publicize_connections":[],"jetpack_featured_media_url":"https:\/\/ledenonciateur224.com\/wp-content\/uploads\/2025\/06\/20250606-085731-scaled.jpg","jetpack_sharing_enabled":true,"_links":{"self":[{"href":"https:\/\/ledenonciateur224.com\/index.php\/wp-json\/wp\/v2\/posts\/3320","targetHints":{"allow":["GET"]}}],"collection":[{"href":"https:\/\/ledenonciateur224.com\/index.php\/wp-json\/wp\/v2\/posts"}],"about":[{"href":"https:\/\/ledenonciateur224.com\/index.php\/wp-json\/wp\/v2\/types\/post"}],"author":[{"embeddable":true,"href":"https:\/\/ledenonciateur224.com\/index.php\/wp-json\/wp\/v2\/users\/2"}],"replies":[{"embeddable":true,"href":"https:\/\/ledenonciateur224.com\/index.php\/wp-json\/wp\/v2\/comments?post=3320"}],"version-history":[{"count":0,"href":"https:\/\/ledenonciateur224.com\/index.php\/wp-json\/wp\/v2\/posts\/3320\/revisions"}],"wp:featuredmedia":[{"embeddable":true,"href":"https:\/\/ledenonciateur224.com\/index.php\/wp-json\/wp\/v2\/media\/3321"}],"wp:attachment":[{"href":"https:\/\/ledenonciateur224.com\/index.php\/wp-json\/wp\/v2\/media?parent=3320"}],"wp:term":[{"taxonomy":"category","embeddable":true,"href":"https:\/\/ledenonciateur224.com\/index.php\/wp-json\/wp\/v2\/categories?post=3320"},{"taxonomy":"post_tag","embeddable":true,"href":"https:\/\/ledenonciateur224.com\/index.php\/wp-json\/wp\/v2\/tags?post=3320"}],"curies":[{"name":"wp","href":"https:\/\/api.w.org\/{rel}","templated":true}]}}