{"id":3325,"date":"2025-06-07T08:10:03","date_gmt":"2025-06-07T08:10:03","guid":{"rendered":"https:\/\/ledenonciateur224.com\/?p=3325"},"modified":"2025-06-07T08:10:03","modified_gmt":"2025-06-07T08:10:03","slug":"tabaski-a-conakry-un-appel-solennel-a-lunite-et-a-la-paix-par-limam-de-la-mosquee-faycal","status":"publish","type":"post","link":"https:\/\/ledenonciateur224.com\/index.php\/tabaski-a-conakry-un-appel-solennel-a-lunite-et-a-la-paix-par-limam-de-la-mosquee-faycal\/","title":{"rendered":"Tabaski \u00e0 Conakry : Un appel solennel \u00e0 l\u2019unit\u00e9 et \u00e0 la paix par l\u2019Imam de la mosqu\u00e9e fay\u00e7al"},"content":{"rendered":"<p><strong>Conakry, F\u00eate de Tabaski \u2013<\/strong> \u00c0 l&rsquo;occasion de l\u2019A\u00efd el-K\u00e9bir, l\u2019un des moments les plus sacr\u00e9s pour les musulmans, Elhadj Mamadou Saliou Camara, premier imam de la grande mosqu\u00e9e Fay\u00e7al, a d\u00e9livr\u00e9 un message fort empreint de spiritualit\u00e9, de responsabilit\u00e9 et d\u2019espoir. Devant une foule nombreuse venue c\u00e9l\u00e9brer la Tabaski, l\u2019imam a lanc\u00e9 un appel vibrant \u00e0 l\u2019unit\u00e9 nationale, \u00e0 la paix durable et \u00e0 la coh\u00e9sion sociale en Guin\u00e9e.<\/p>\n<p>Dans un sermon empreint de sagesse, il a insist\u00e9 sur la n\u00e9cessit\u00e9 pour les Guin\u00e9ens de transcender les clivages ethniques, politiques et r\u00e9gionaux, pour se rassembler autour des valeurs fondamentales de l\u2019islam : la paix, la fraternit\u00e9, le pardon et le travail.<em>\u00ab Le monde musulman est une communaut\u00e9 de foi et de travail \u00bb,<\/em> a rappel\u00e9 l\u2019imam, invitant chacun \u00e0 adopter des comportements conformes aux enseignements divins. <em>\u00ab Ne consacrons pas notre temps uniquement aux plaisirs \u00e9ph\u00e9m\u00e8res. Engageons-nous dans l\u2019effort et la spiritualit\u00e9, car notre religion est parfaite, m\u00eame si aucun de nous n\u2019est parfait. \u00bb<\/em><\/p>\n<p>Dans un \u00e9lan de responsabilit\u00e9 morale et religieuse, il a \u00e9galement soulign\u00e9 sa mission : guider le peuple guin\u00e9en vers un avenir de solidarit\u00e9 et de paix, aussi bien ici-bas que dans l\u2019au-del\u00e0.<\/p>\n<p>Cet appel, lanc\u00e9 lors d\u2019une journ\u00e9e de pri\u00e8re et de recueillement, r\u00e9sonne comme un rappel urgent \u00e0 tous les citoyens : le vivre-ensemble ne peut s\u2019instaurer que dans le respect mutuel et la pratique sinc\u00e8re de la foi.<\/p>\n<p>&nbsp;<\/p>\n<p>Ledenonciateur224.com<\/p>\n","protected":false},"excerpt":{"rendered":"<p>Conakry, F\u00eate de Tabaski \u2013 \u00c0 l&rsquo;occasion de l\u2019A\u00efd el-K\u00e9bir, l\u2019un des moments les plus sacr\u00e9s pour les musulmans, Elhadj Mamadou Saliou Camara, premier imam de la grande mosqu\u00e9e Fay\u00e7al, a d\u00e9livr\u00e9 un message fort empreint de spiritualit\u00e9, de responsabilit\u00e9 et d\u2019espoir. Devant une foule nombreuse venue c\u00e9l\u00e9brer la Tabaski, l\u2019imam a lanc\u00e9 un appel [&hellip;]<\/p>\n","protected":false},"author":2,"featured_media":3326,"comment_status":"open","ping_status":"open","sticky":false,"template":"","format":"standard","meta":{"_jetpack_memberships_contains_paid_content":false,"footnotes":"","jetpack_publicize_message":"","jetpack_publicize_feature_enabled":true,"jetpack_social_post_already_shared":true,"jetpack_social_options":{"image_generator_settings":{"template":"highway","default_image_id":0,"font":"","enabled":false},"version":2}},"categories":[30,24],"tags":[845,844],"class_list":{"0":"post-3325","1":"post","2":"type-post","3":"status-publish","4":"format-standard","5":"has-post-thumbnail","7":"category-faits-divers","8":"category-news","9":"tag-elhadj-mamadou-saliou-camara","10":"tag-premier-imam"},"jetpack_publicize_connections":[],"jetpack_featured_media_url":"https:\/\/ledenonciateur224.com\/wp-content\/uploads\/2025\/06\/img-20250606-wa0137-768x355-1.jpg","jetpack_sharing_enabled":true,"_links":{"self":[{"href":"https:\/\/ledenonciateur224.com\/index.php\/wp-json\/wp\/v2\/posts\/3325","targetHints":{"allow":["GET"]}}],"collection":[{"href":"https:\/\/ledenonciateur224.com\/index.php\/wp-json\/wp\/v2\/posts"}],"about":[{"href":"https:\/\/ledenonciateur224.com\/index.php\/wp-json\/wp\/v2\/types\/post"}],"author":[{"embeddable":true,"href":"https:\/\/ledenonciateur224.com\/index.php\/wp-json\/wp\/v2\/users\/2"}],"replies":[{"embeddable":true,"href":"https:\/\/ledenonciateur224.com\/index.php\/wp-json\/wp\/v2\/comments?post=3325"}],"version-history":[{"count":0,"href":"https:\/\/ledenonciateur224.com\/index.php\/wp-json\/wp\/v2\/posts\/3325\/revisions"}],"wp:featuredmedia":[{"embeddable":true,"href":"https:\/\/ledenonciateur224.com\/index.php\/wp-json\/wp\/v2\/media\/3326"}],"wp:attachment":[{"href":"https:\/\/ledenonciateur224.com\/index.php\/wp-json\/wp\/v2\/media?parent=3325"}],"wp:term":[{"taxonomy":"category","embeddable":true,"href":"https:\/\/ledenonciateur224.com\/index.php\/wp-json\/wp\/v2\/categories?post=3325"},{"taxonomy":"post_tag","embeddable":true,"href":"https:\/\/ledenonciateur224.com\/index.php\/wp-json\/wp\/v2\/tags?post=3325"}],"curies":[{"name":"wp","href":"https:\/\/api.w.org\/{rel}","templated":true}]}}