{"id":3328,"date":"2025-06-07T10:18:25","date_gmt":"2025-06-07T10:18:25","guid":{"rendered":"https:\/\/ledenonciateur224.com\/?p=3328"},"modified":"2025-06-07T10:18:25","modified_gmt":"2025-06-07T10:18:25","slug":"tabaski-a-kindia-dr-dansa-kourouma-plaide-pour-une-guinee-unie-et-prospere","status":"publish","type":"post","link":"https:\/\/ledenonciateur224.com\/index.php\/tabaski-a-kindia-dr-dansa-kourouma-plaide-pour-une-guinee-unie-et-prospere\/","title":{"rendered":"Tabaski \u00e0 Kindia : Dr Dansa Kourouma plaide pour une Guin\u00e9e unie et prosp\u00e8re"},"content":{"rendered":"<p>Dans une atmosph\u00e8re empreinte de foi et de fraternit\u00e9, la ville de Kindia a c\u00e9l\u00e9br\u00e9 la Tabaski ce vendredi avec solennit\u00e9 et ferveur religieuse. C\u2019est \u00e0 la Place des Martyrs, sous la direction spirituelle du grand imam El Hadj Mamoudou Camara, que des centaines de fid\u00e8les se sont r\u00e9unis pour la grande pri\u00e8re de l\u2019A\u00efd, en pr\u00e9sence de hautes personnalit\u00e9s nationales.<\/p>\n<p>Parmi elles, le pr\u00e9sident du Conseil National de la Transition (CNT),\u00a0<strong>Dr Dansa Kourouma<\/strong>, accompagn\u00e9 du ministre du Budget et de plusieurs autorit\u00e9s administratives locales. Dans un contexte o\u00f9 l\u2019unit\u00e9 nationale reste un enjeu crucial, les diff\u00e9rentes interventions ont unanimement mis l\u2019accent sur les valeurs de\u00a0<strong>paix, de coh\u00e9sion sociale et d\u2019unit\u00e9 nationale<\/strong>, indispensables au progr\u00e8s du pays.<\/p>\n<p>Prenant la parole, Dr Dansa Kourouma a adress\u00e9 ses pri\u00e8res et b\u00e9n\u00e9dictions \u00e0 l\u2019ensemble des Guin\u00e9ens, rappelant avec \u00e9motion que cette f\u00eate rassemble toutes les composantes de la nation, au-del\u00e0 des appartenances ethniques ou r\u00e9gionales :<em>\u00ab <strong>En ce jour b\u00e9ni, nous sommes tous r\u00e9unis sans distinction d\u2019ethnie ni de r\u00e9gion. Je prie pour le Pr\u00e9sident de la R\u00e9publique, que Dieu le guide dans sa mission, et pour la paix et la prosp\u00e9rit\u00e9 de la Guin\u00e9e.<\/strong> \u00bb<\/em><\/p>\n<p>Son message, empreint de spiritualit\u00e9 et de patriotisme, a r\u00e9sonn\u00e9 comme un appel \u00e0 renforcer les liens sociaux et \u00e0 \u0153uvrer ensemble pour une Guin\u00e9e r\u00e9concili\u00e9e avec elle-m\u00eame, tourn\u00e9e vers un avenir de stabilit\u00e9 et de d\u00e9veloppement durable.<\/p>\n<p>&nbsp;<\/p>\n<p>&nbsp;<\/p>\n<p>A Gomba Camara depuis Kindia<\/p>\n","protected":false},"excerpt":{"rendered":"<p>Dans une atmosph\u00e8re empreinte de foi et de fraternit\u00e9, la ville de Kindia a c\u00e9l\u00e9br\u00e9 la Tabaski ce vendredi avec solennit\u00e9 et ferveur religieuse. C\u2019est \u00e0 la Place des Martyrs, sous la direction spirituelle du grand imam El Hadj Mamoudou Camara, que des centaines de fid\u00e8les se sont r\u00e9unis pour la grande pri\u00e8re de l\u2019A\u00efd, [&hellip;]<\/p>\n","protected":false},"author":2,"featured_media":3329,"comment_status":"open","ping_status":"open","sticky":false,"template":"","format":"standard","meta":{"_jetpack_memberships_contains_paid_content":false,"footnotes":"","jetpack_publicize_message":"","jetpack_publicize_feature_enabled":true,"jetpack_social_post_already_shared":true,"jetpack_social_options":{"image_generator_settings":{"template":"highway","default_image_id":0,"font":"","enabled":false},"version":2}},"categories":[30,24,33],"tags":[842,56,382],"class_list":{"0":"post-3328","1":"post","2":"type-post","3":"status-publish","4":"format-standard","5":"has-post-thumbnail","7":"category-faits-divers","8":"category-news","9":"category-region","10":"tag-fete-de-tabaski","11":"tag-dr-dansa-kourouma","12":"tag-kindia"},"jetpack_publicize_connections":[],"jetpack_featured_media_url":"https:\/\/ledenonciateur224.com\/wp-content\/uploads\/2025\/06\/img-20250606-wa0090-1.jpg","jetpack_sharing_enabled":true,"_links":{"self":[{"href":"https:\/\/ledenonciateur224.com\/index.php\/wp-json\/wp\/v2\/posts\/3328","targetHints":{"allow":["GET"]}}],"collection":[{"href":"https:\/\/ledenonciateur224.com\/index.php\/wp-json\/wp\/v2\/posts"}],"about":[{"href":"https:\/\/ledenonciateur224.com\/index.php\/wp-json\/wp\/v2\/types\/post"}],"author":[{"embeddable":true,"href":"https:\/\/ledenonciateur224.com\/index.php\/wp-json\/wp\/v2\/users\/2"}],"replies":[{"embeddable":true,"href":"https:\/\/ledenonciateur224.com\/index.php\/wp-json\/wp\/v2\/comments?post=3328"}],"version-history":[{"count":0,"href":"https:\/\/ledenonciateur224.com\/index.php\/wp-json\/wp\/v2\/posts\/3328\/revisions"}],"wp:featuredmedia":[{"embeddable":true,"href":"https:\/\/ledenonciateur224.com\/index.php\/wp-json\/wp\/v2\/media\/3329"}],"wp:attachment":[{"href":"https:\/\/ledenonciateur224.com\/index.php\/wp-json\/wp\/v2\/media?parent=3328"}],"wp:term":[{"taxonomy":"category","embeddable":true,"href":"https:\/\/ledenonciateur224.com\/index.php\/wp-json\/wp\/v2\/categories?post=3328"},{"taxonomy":"post_tag","embeddable":true,"href":"https:\/\/ledenonciateur224.com\/index.php\/wp-json\/wp\/v2\/tags?post=3328"}],"curies":[{"name":"wp","href":"https:\/\/api.w.org\/{rel}","templated":true}]}}