{"id":3353,"date":"2025-06-09T20:37:53","date_gmt":"2025-06-09T20:37:53","guid":{"rendered":"https:\/\/ledenonciateur224.com\/?p=3353"},"modified":"2025-06-09T20:37:53","modified_gmt":"2025-06-09T20:37:53","slug":"elie-kamano-sollicite-la-nationalite-burkinabe-pour-renforcer-son-combat-panafricain","status":"publish","type":"post","link":"https:\/\/ledenonciateur224.com\/index.php\/elie-kamano-sollicite-la-nationalite-burkinabe-pour-renforcer-son-combat-panafricain\/","title":{"rendered":"Elie Kamano sollicite la nationalit\u00e9 burkinab\u00e8 pour renforcer son combat panafricain"},"content":{"rendered":"<p>Artiste engag\u00e9 et fervent d\u00e9fenseur de la cause panafricaine, Elie Kamano, chanteur, auteur-compositeur et homme politique guin\u00e9en, poursuit son combat pour la d\u00e9mocratisation de l\u2019Afrique. Actuellement en s\u00e9jour \u00e0 Ouagadougou, il a annonc\u00e9 officiellement, lors d\u2019une interview accord\u00e9e \u00e0 BFI TV, son intention de solliciter la nationalit\u00e9 burkinab\u00e8 aupr\u00e8s du pr\u00e9sident de la transition, le capitaine Ibrahim Traor\u00e9.<\/p>\n<p>Cette d\u00e9marche symbolique s\u2019inscrit dans une volont\u00e9 de renforcer son engagement et sa libert\u00e9 de mouvement dans un continent qu\u2019il r\u00eave libre, uni et souverain.<\/p>\n<p><strong>\u00ab Je suis au Burkina pour remettre en main propre le clip de ma chanson <em>Ib Kouma<\/em> aux autorit\u00e9s, et j\u2019en profite pour demander la nationalit\u00e9 burkinab\u00e8, afin de mieux contribuer \u00e0 cette lutte que je m\u00e8ne chaque jour, sans rel\u00e2che \u00bb,<\/strong> a-t-il d\u00e9clar\u00e9.<\/p>\n<p>N\u00e9 en 1984 \u00e0 Gueck\u00e9dou (Guin\u00e9e), Elie Kamano est connu pour ses chansons militantes qu\u2019il interpr\u00e8te en fran\u00e7ais, anglais, soussou et malink\u00e9. \u00c0 travers sa musique et son engagement politique, il incarne une voix forte de la jeunesse africaine en qu\u00eate de justice, d\u2019unit\u00e9 et d\u2019\u00e9mancipation.<\/p>\n<p>&nbsp;<\/p>\n<p>A Gomba Camara<\/p>\n","protected":false},"excerpt":{"rendered":"<p>Artiste engag\u00e9 et fervent d\u00e9fenseur de la cause panafricaine, Elie Kamano, chanteur, auteur-compositeur et homme politique guin\u00e9en, poursuit son combat pour la d\u00e9mocratisation de l\u2019Afrique. Actuellement en s\u00e9jour \u00e0 Ouagadougou, il a annonc\u00e9 officiellement, lors d\u2019une interview accord\u00e9e \u00e0 BFI TV, son intention de solliciter la nationalit\u00e9 burkinab\u00e8 aupr\u00e8s du pr\u00e9sident de la transition, le [&hellip;]<\/p>\n","protected":false},"author":2,"featured_media":3354,"comment_status":"open","ping_status":"open","sticky":false,"template":"","format":"standard","meta":{"_jetpack_memberships_contains_paid_content":false,"footnotes":"","jetpack_publicize_message":"","jetpack_publicize_feature_enabled":true,"jetpack_social_post_already_shared":true,"jetpack_social_options":{"image_generator_settings":{"template":"highway","default_image_id":0,"font":"","enabled":false},"version":2}},"categories":[28,24],"tags":[852,851],"class_list":{"0":"post-3353","1":"post","2":"type-post","3":"status-publish","4":"format-standard","5":"has-post-thumbnail","7":"category-culture","8":"category-news","9":"tag-elie-kamano","10":"tag-musique-africaine"},"jetpack_publicize_connections":[],"jetpack_featured_media_url":"https:\/\/ledenonciateur224.com\/wp-content\/uploads\/2025\/06\/elie-kamano.jpg","jetpack_sharing_enabled":true,"_links":{"self":[{"href":"https:\/\/ledenonciateur224.com\/index.php\/wp-json\/wp\/v2\/posts\/3353","targetHints":{"allow":["GET"]}}],"collection":[{"href":"https:\/\/ledenonciateur224.com\/index.php\/wp-json\/wp\/v2\/posts"}],"about":[{"href":"https:\/\/ledenonciateur224.com\/index.php\/wp-json\/wp\/v2\/types\/post"}],"author":[{"embeddable":true,"href":"https:\/\/ledenonciateur224.com\/index.php\/wp-json\/wp\/v2\/users\/2"}],"replies":[{"embeddable":true,"href":"https:\/\/ledenonciateur224.com\/index.php\/wp-json\/wp\/v2\/comments?post=3353"}],"version-history":[{"count":0,"href":"https:\/\/ledenonciateur224.com\/index.php\/wp-json\/wp\/v2\/posts\/3353\/revisions"}],"wp:featuredmedia":[{"embeddable":true,"href":"https:\/\/ledenonciateur224.com\/index.php\/wp-json\/wp\/v2\/media\/3354"}],"wp:attachment":[{"href":"https:\/\/ledenonciateur224.com\/index.php\/wp-json\/wp\/v2\/media?parent=3353"}],"wp:term":[{"taxonomy":"category","embeddable":true,"href":"https:\/\/ledenonciateur224.com\/index.php\/wp-json\/wp\/v2\/categories?post=3353"},{"taxonomy":"post_tag","embeddable":true,"href":"https:\/\/ledenonciateur224.com\/index.php\/wp-json\/wp\/v2\/tags?post=3353"}],"curies":[{"name":"wp","href":"https:\/\/api.w.org\/{rel}","templated":true}]}}