{"id":3363,"date":"2025-06-10T18:35:46","date_gmt":"2025-06-10T18:35:46","guid":{"rendered":"https:\/\/ledenonciateur224.com\/?p=3363"},"modified":"2025-06-10T18:35:46","modified_gmt":"2025-06-10T18:35:46","slug":"expo-2025-osaka-la-guinee-tend-la-main-aux-investisseurs-internationaux","status":"publish","type":"post","link":"https:\/\/ledenonciateur224.com\/index.php\/expo-2025-osaka-la-guinee-tend-la-main-aux-investisseurs-internationaux\/","title":{"rendered":"Expo 2025 Osaka : La Guin\u00e9e tend la main aux investisseurs internationaux"},"content":{"rendered":"<p><strong>\u00c0 l\u2019occasion de la Journ\u00e9e nationale de la Guin\u00e9e, c\u00e9l\u00e9br\u00e9e ce 10 juin lors de l\u2019Exposition universelle d\u2019Osaka (Japon), le Premier ministre Amadou Oury Bah a r\u00e9affirm\u00e9 l\u2019engagement du CNRD et de son gouvernement \u00e0 faire de la Guin\u00e9e une terre d\u2019opportunit\u00e9s pour les investisseurs \u00e9trangers.<\/strong><\/p>\n<p><img loading=\"lazy\" decoding=\"async\" class=\"alignnone size-full wp-image-3364\" src=\"https:\/\/ledenonciateur224.com\/wp-content\/uploads\/2025\/06\/fb-img-1749577493056-750x500-1.jpg\" alt=\"\" width=\"750\" height=\"500\" srcset=\"https:\/\/ledenonciateur224.com\/wp-content\/uploads\/2025\/06\/fb-img-1749577493056-750x500-1.jpg 750w, https:\/\/ledenonciateur224.com\/wp-content\/uploads\/2025\/06\/fb-img-1749577493056-750x500-1-300x200.jpg 300w, https:\/\/ledenonciateur224.com\/wp-content\/uploads\/2025\/06\/fb-img-1749577493056-750x500-1-150x100.jpg 150w, https:\/\/ledenonciateur224.com\/wp-content\/uploads\/2025\/06\/fb-img-1749577493056-750x500-1-696x464.jpg 696w, https:\/\/ledenonciateur224.com\/wp-content\/uploads\/2025\/06\/fb-img-1749577493056-750x500-1-630x420.jpg 630w\" sizes=\"auto, (max-width: 750px) 100vw, 750px\" \/><\/p>\n<p>Conduisant une d\u00e9l\u00e9gation officielle \u00e0 cette 36e \u00e9dition de l\u2019Exposition universelle, le chef du gouvernement guin\u00e9en a pris la parole devant un parterre d\u2019invit\u00e9s venus des quatre coins du monde. Il y a expos\u00e9 la vision des autorit\u00e9s guin\u00e9ennes : une Guin\u00e9e tourn\u00e9e vers l\u2019avenir, port\u00e9e par des r\u00e9formes structurelles profondes et une volont\u00e9 affich\u00e9e de modernisation.<\/p>\n<p>\u00ab Le th\u00e8me\u00a0<em>Sauver des vies<\/em>\u00a0r\u00e9sonne particuli\u00e8rement avec notre ambition de transformer en profondeur la qualit\u00e9 de vie de nos populations, \u00e0 travers une gouvernance ax\u00e9e sur le d\u00e9veloppement durable et l\u2019inclusion sociale \u00bb, a-t-il soulign\u00e9.<\/p>\n<p><img loading=\"lazy\" decoding=\"async\" class=\"alignnone size-full wp-image-3365\" src=\"https:\/\/ledenonciateur224.com\/wp-content\/uploads\/2025\/06\/img-20250610-wa0057.jpg\" alt=\"\" width=\"648\" height=\"456\" srcset=\"https:\/\/ledenonciateur224.com\/wp-content\/uploads\/2025\/06\/img-20250610-wa0057.jpg 648w, https:\/\/ledenonciateur224.com\/wp-content\/uploads\/2025\/06\/img-20250610-wa0057-300x211.jpg 300w, https:\/\/ledenonciateur224.com\/wp-content\/uploads\/2025\/06\/img-20250610-wa0057-150x106.jpg 150w, https:\/\/ledenonciateur224.com\/wp-content\/uploads\/2025\/06\/img-20250610-wa0057-597x420.jpg 597w, https:\/\/ledenonciateur224.com\/wp-content\/uploads\/2025\/06\/img-20250610-wa0057-100x70.jpg 100w\" sizes=\"auto, (max-width: 648px) 100vw, 648px\" \/><\/p>\n<p>Parmi les projets phares port\u00e9s par cette dynamique, le Premier ministre a mis en avant\u00a0<strong>le Programme Simandou 2040<\/strong>, un projet d\u2019envergure qui, au-del\u00e0 de son volet minier, ambitionne de transformer durablement l\u2019\u00e9conomie guin\u00e9enne.\u00ab \u00c0 travers le Programme Simandou 2040, nous voulons cr\u00e9er un environnement attractif pour les investisseurs, moderniser nos infrastructures, d\u00e9velopper nos cha\u00eenes de valeur, renforcer les comp\u00e9tences de notre jeunesse et garantir \u00e0 chacun des services sociaux de qualit\u00e9 \u00bb, a d\u00e9clar\u00e9 Amadou Oury Bah.<\/p>\n<p>Il a conclu son intervention par un appel fort aux investisseurs du monde entier :\u00ab La Guin\u00e9e est pr\u00eate \u00e0 vous accueillir. Venez investir, venez co-construire avec nous un avenir de prosp\u00e9rit\u00e9 partag\u00e9e. \u00bb<\/p>\n<p>Cette prise de parole marque une \u00e9tape strat\u00e9gique dans la diplomatie \u00e9conomique de la Guin\u00e9e, qui multiplie les efforts pour redorer son image sur la sc\u00e8ne internationale et attirer des partenariats porteurs.<\/p>\n<p>&nbsp;<\/p>\n<p>Ledenonciateur224.com<\/p>\n","protected":false},"excerpt":{"rendered":"<p>\u00c0 l\u2019occasion de la Journ\u00e9e nationale de la Guin\u00e9e, c\u00e9l\u00e9br\u00e9e ce 10 juin lors de l\u2019Exposition universelle d\u2019Osaka (Japon), le Premier ministre Amadou Oury Bah a r\u00e9affirm\u00e9 l\u2019engagement du CNRD et de son gouvernement \u00e0 faire de la Guin\u00e9e une terre d\u2019opportunit\u00e9s pour les investisseurs \u00e9trangers. Conduisant une d\u00e9l\u00e9gation officielle \u00e0 cette 36e \u00e9dition de [&hellip;]<\/p>\n","protected":false},"author":2,"featured_media":3366,"comment_status":"open","ping_status":"open","sticky":false,"template":"","format":"standard","meta":{"_jetpack_memberships_contains_paid_content":false,"footnotes":"","jetpack_publicize_message":"","jetpack_publicize_feature_enabled":true,"jetpack_social_post_already_shared":true,"jetpack_social_options":{"image_generator_settings":{"template":"highway","default_image_id":0,"font":"","enabled":false},"version":2}},"categories":[30,38],"tags":[627,628],"class_list":{"0":"post-3363","1":"post","2":"type-post","3":"status-publish","4":"format-standard","5":"has-post-thumbnail","7":"category-faits-divers","8":"category-international","9":"tag-exposition-universelle-2025","10":"tag-osaka"},"jetpack_publicize_connections":[],"jetpack_featured_media_url":"https:\/\/ledenonciateur224.com\/wp-content\/uploads\/2025\/06\/fb-img-1749577487620-750x532-1.jpg","jetpack_sharing_enabled":true,"_links":{"self":[{"href":"https:\/\/ledenonciateur224.com\/index.php\/wp-json\/wp\/v2\/posts\/3363","targetHints":{"allow":["GET"]}}],"collection":[{"href":"https:\/\/ledenonciateur224.com\/index.php\/wp-json\/wp\/v2\/posts"}],"about":[{"href":"https:\/\/ledenonciateur224.com\/index.php\/wp-json\/wp\/v2\/types\/post"}],"author":[{"embeddable":true,"href":"https:\/\/ledenonciateur224.com\/index.php\/wp-json\/wp\/v2\/users\/2"}],"replies":[{"embeddable":true,"href":"https:\/\/ledenonciateur224.com\/index.php\/wp-json\/wp\/v2\/comments?post=3363"}],"version-history":[{"count":0,"href":"https:\/\/ledenonciateur224.com\/index.php\/wp-json\/wp\/v2\/posts\/3363\/revisions"}],"wp:featuredmedia":[{"embeddable":true,"href":"https:\/\/ledenonciateur224.com\/index.php\/wp-json\/wp\/v2\/media\/3366"}],"wp:attachment":[{"href":"https:\/\/ledenonciateur224.com\/index.php\/wp-json\/wp\/v2\/media?parent=3363"}],"wp:term":[{"taxonomy":"category","embeddable":true,"href":"https:\/\/ledenonciateur224.com\/index.php\/wp-json\/wp\/v2\/categories?post=3363"},{"taxonomy":"post_tag","embeddable":true,"href":"https:\/\/ledenonciateur224.com\/index.php\/wp-json\/wp\/v2\/tags?post=3363"}],"curies":[{"name":"wp","href":"https:\/\/api.w.org\/{rel}","templated":true}]}}