{"id":3368,"date":"2025-06-11T07:01:01","date_gmt":"2025-06-11T07:01:01","guid":{"rendered":"https:\/\/ledenonciateur224.com\/?p=3368"},"modified":"2025-06-11T07:01:01","modified_gmt":"2025-06-11T07:01:01","slug":"examen-de-sortie-nouveau-report-annonce","status":"publish","type":"post","link":"https:\/\/ledenonciateur224.com\/index.php\/examen-de-sortie-nouveau-report-annonce\/","title":{"rendered":"Examen de sortie : nouveau report annonc\u00e9"},"content":{"rendered":"<p>Le Minist\u00e8re de l\u2019Enseignement Technique, de la Formation Professionnelle et de \u2018Emploi informe tous les candidats, les chefs d\u2019\u00e9tablisements publics et priv\u00e9s, ainsi que les encadreurs p\u00e9dagogiques que le lancement des examens de sortie, initialement pr\u00e9vu pour le 11 juin 2025 est d\u00e9sormais reprogramm\u00e9 au mardi 17 juin 2025, et ce, sur l\u2019ensemble du territoire national.<\/p>\n<p><img loading=\"lazy\" decoding=\"async\" class=\"alignnone size-full wp-image-3370\" src=\"https:\/\/ledenonciateur224.com\/wp-content\/uploads\/2025\/06\/img-20250611-wa0028.jpg\" alt=\"\" width=\"716\" height=\"1080\" srcset=\"https:\/\/ledenonciateur224.com\/wp-content\/uploads\/2025\/06\/img-20250611-wa0028.jpg 716w, https:\/\/ledenonciateur224.com\/wp-content\/uploads\/2025\/06\/img-20250611-wa0028-199x300.jpg 199w, https:\/\/ledenonciateur224.com\/wp-content\/uploads\/2025\/06\/img-20250611-wa0028-679x1024.jpg 679w, https:\/\/ledenonciateur224.com\/wp-content\/uploads\/2025\/06\/img-20250611-wa0028-150x226.jpg 150w, https:\/\/ledenonciateur224.com\/wp-content\/uploads\/2025\/06\/img-20250611-wa0028-300x453.jpg 300w, https:\/\/ledenonciateur224.com\/wp-content\/uploads\/2025\/06\/img-20250611-wa0028-696x1050.jpg 696w, https:\/\/ledenonciateur224.com\/wp-content\/uploads\/2025\/06\/img-20250611-wa0028-278x420.jpg 278w\" sizes=\"auto, (max-width: 716px) 100vw, 716px\" \/><\/p>\n<p>&nbsp;<\/p>\n","protected":false},"excerpt":{"rendered":"<p>Le Minist\u00e8re de l\u2019Enseignement Technique, de la Formation Professionnelle et de \u2018Emploi informe tous les candidats, les chefs d\u2019\u00e9tablisements publics et priv\u00e9s, ainsi que les encadreurs p\u00e9dagogiques que le lancement des examens de sortie, initialement pr\u00e9vu pour le 11 juin 2025 est d\u00e9sormais reprogramm\u00e9 au mardi 17 juin 2025, et ce, sur l\u2019ensemble du territoire [&hellip;]<\/p>\n","protected":false},"author":2,"featured_media":3369,"comment_status":"open","ping_status":"open","sticky":false,"template":"","format":"standard","meta":{"_jetpack_memberships_contains_paid_content":false,"footnotes":"","jetpack_publicize_message":"","jetpack_publicize_feature_enabled":true,"jetpack_social_post_already_shared":true,"jetpack_social_options":{"image_generator_settings":{"template":"highway","default_image_id":0,"font":"","enabled":false},"version":2}},"categories":[30,24],"tags":[726],"class_list":{"0":"post-3368","1":"post","2":"type-post","3":"status-publish","4":"format-standard","5":"has-post-thumbnail","7":"category-faits-divers","8":"category-news","9":"tag-examens-nationaux"},"jetpack_publicize_connections":[],"jetpack_featured_media_url":"https:\/\/ledenonciateur224.com\/wp-content\/uploads\/2025\/06\/aminata-kabar22-768x432-1.jpeg","jetpack_sharing_enabled":true,"_links":{"self":[{"href":"https:\/\/ledenonciateur224.com\/index.php\/wp-json\/wp\/v2\/posts\/3368","targetHints":{"allow":["GET"]}}],"collection":[{"href":"https:\/\/ledenonciateur224.com\/index.php\/wp-json\/wp\/v2\/posts"}],"about":[{"href":"https:\/\/ledenonciateur224.com\/index.php\/wp-json\/wp\/v2\/types\/post"}],"author":[{"embeddable":true,"href":"https:\/\/ledenonciateur224.com\/index.php\/wp-json\/wp\/v2\/users\/2"}],"replies":[{"embeddable":true,"href":"https:\/\/ledenonciateur224.com\/index.php\/wp-json\/wp\/v2\/comments?post=3368"}],"version-history":[{"count":0,"href":"https:\/\/ledenonciateur224.com\/index.php\/wp-json\/wp\/v2\/posts\/3368\/revisions"}],"wp:featuredmedia":[{"embeddable":true,"href":"https:\/\/ledenonciateur224.com\/index.php\/wp-json\/wp\/v2\/media\/3369"}],"wp:attachment":[{"href":"https:\/\/ledenonciateur224.com\/index.php\/wp-json\/wp\/v2\/media?parent=3368"}],"wp:term":[{"taxonomy":"category","embeddable":true,"href":"https:\/\/ledenonciateur224.com\/index.php\/wp-json\/wp\/v2\/categories?post=3368"},{"taxonomy":"post_tag","embeddable":true,"href":"https:\/\/ledenonciateur224.com\/index.php\/wp-json\/wp\/v2\/tags?post=3368"}],"curies":[{"name":"wp","href":"https:\/\/api.w.org\/{rel}","templated":true}]}}