{"id":3372,"date":"2025-06-11T08:39:15","date_gmt":"2025-06-11T08:39:15","guid":{"rendered":"https:\/\/ledenonciateur224.com\/?p=3372"},"modified":"2025-06-11T08:39:15","modified_gmt":"2025-06-11T08:39:15","slug":"suspension-temporaire-du-recensement-des-guineens-a-paris","status":"publish","type":"post","link":"https:\/\/ledenonciateur224.com\/index.php\/suspension-temporaire-du-recensement-des-guineens-a-paris\/","title":{"rendered":"Suspension temporaire du recensement des Guin\u00e9ens \u00e0 Paris"},"content":{"rendered":"<p>L\u2019Ambassade de Guin\u00e9e en France a annonc\u00e9 la suspension provisoire des op\u00e9rations d\u2019enr\u00f4lement de ses ressortissants \u00e0 Paris. Cette d\u00e9cision fait suite \u00e0 la rupture de la collaboration avec la direction du centre d\u2019enr\u00f4lement situ\u00e9 Rue de Charonne, en raison d\u2019incidents d\u2019incivilit\u00e9 survenus sur les lieux.<\/p>\n<p>Face \u00e0 cette situation, la repr\u00e9sentation diplomatique guin\u00e9enne se voit contrainte d\u2019interrompre temporairement le processus de recensement, le temps de trouver un nouveau local adapt\u00e9 \u00e0 la poursuite des op\u00e9rations. Dans son communiqu\u00e9, l\u2019Ambassade appelle les membres de la communaut\u00e9 guin\u00e9enne \u00e0 faire preuve de civisme et de responsabilit\u00e9, afin de garantir le bon d\u00e9roulement des d\u00e9marches administratives \u00e0 venir.<\/p>\n<p>Cette suspension soul\u00e8ve des pr\u00e9occupations au sein de la diaspora guin\u00e9enne en France, notamment concernant les d\u00e9lais de r\u00e9gularisation et de participation aux \u00e9ventuels processus \u00e9lectoraux.<\/p>\n<p><img loading=\"lazy\" decoding=\"async\" class=\"alignnone size-full wp-image-3373\" src=\"https:\/\/ledenonciateur224.com\/wp-content\/uploads\/2025\/06\/com-ambaguinee-france.jpg\" alt=\"\" width=\"700\" height=\"970\" srcset=\"https:\/\/ledenonciateur224.com\/wp-content\/uploads\/2025\/06\/com-ambaguinee-france.jpg 700w, https:\/\/ledenonciateur224.com\/wp-content\/uploads\/2025\/06\/com-ambaguinee-france-216x300.jpg 216w, https:\/\/ledenonciateur224.com\/wp-content\/uploads\/2025\/06\/com-ambaguinee-france-150x208.jpg 150w, https:\/\/ledenonciateur224.com\/wp-content\/uploads\/2025\/06\/com-ambaguinee-france-300x416.jpg 300w, https:\/\/ledenonciateur224.com\/wp-content\/uploads\/2025\/06\/com-ambaguinee-france-696x964.jpg 696w, https:\/\/ledenonciateur224.com\/wp-content\/uploads\/2025\/06\/com-ambaguinee-france-303x420.jpg 303w\" sizes=\"auto, (max-width: 700px) 100vw, 700px\" \/><\/p>\n","protected":false},"excerpt":{"rendered":"<p>L\u2019Ambassade de Guin\u00e9e en France a annonc\u00e9 la suspension provisoire des op\u00e9rations d\u2019enr\u00f4lement de ses ressortissants \u00e0 Paris. Cette d\u00e9cision fait suite \u00e0 la rupture de la collaboration avec la direction du centre d\u2019enr\u00f4lement situ\u00e9 Rue de Charonne, en raison d\u2019incidents d\u2019incivilit\u00e9 survenus sur les lieux. Face \u00e0 cette situation, la repr\u00e9sentation diplomatique guin\u00e9enne se [&hellip;]<\/p>\n","protected":false},"author":2,"featured_media":3374,"comment_status":"open","ping_status":"open","sticky":false,"template":"","format":"standard","meta":{"_jetpack_memberships_contains_paid_content":false,"footnotes":"","jetpack_publicize_message":"","jetpack_publicize_feature_enabled":true,"jetpack_social_post_already_shared":true,"jetpack_social_options":{"image_generator_settings":{"template":"highway","default_image_id":0,"font":"","enabled":false},"version":2}},"categories":[38,24],"tags":[853,587,134],"class_list":{"0":"post-3372","1":"post","2":"type-post","3":"status-publish","4":"format-standard","5":"has-post-thumbnail","7":"category-international","8":"category-news","9":"tag-paris","10":"tag-recensement-biometrique","11":"tag-ambassadeur"},"jetpack_publicize_connections":[],"jetpack_featured_media_url":"https:\/\/ledenonciateur224.com\/wp-content\/uploads\/2025\/06\/ambassade-de-guinee-en-france.jpg","jetpack_sharing_enabled":true,"_links":{"self":[{"href":"https:\/\/ledenonciateur224.com\/index.php\/wp-json\/wp\/v2\/posts\/3372","targetHints":{"allow":["GET"]}}],"collection":[{"href":"https:\/\/ledenonciateur224.com\/index.php\/wp-json\/wp\/v2\/posts"}],"about":[{"href":"https:\/\/ledenonciateur224.com\/index.php\/wp-json\/wp\/v2\/types\/post"}],"author":[{"embeddable":true,"href":"https:\/\/ledenonciateur224.com\/index.php\/wp-json\/wp\/v2\/users\/2"}],"replies":[{"embeddable":true,"href":"https:\/\/ledenonciateur224.com\/index.php\/wp-json\/wp\/v2\/comments?post=3372"}],"version-history":[{"count":0,"href":"https:\/\/ledenonciateur224.com\/index.php\/wp-json\/wp\/v2\/posts\/3372\/revisions"}],"wp:featuredmedia":[{"embeddable":true,"href":"https:\/\/ledenonciateur224.com\/index.php\/wp-json\/wp\/v2\/media\/3374"}],"wp:attachment":[{"href":"https:\/\/ledenonciateur224.com\/index.php\/wp-json\/wp\/v2\/media?parent=3372"}],"wp:term":[{"taxonomy":"category","embeddable":true,"href":"https:\/\/ledenonciateur224.com\/index.php\/wp-json\/wp\/v2\/categories?post=3372"},{"taxonomy":"post_tag","embeddable":true,"href":"https:\/\/ledenonciateur224.com\/index.php\/wp-json\/wp\/v2\/tags?post=3372"}],"curies":[{"name":"wp","href":"https:\/\/api.w.org\/{rel}","templated":true}]}}