{"id":3409,"date":"2025-06-14T13:15:18","date_gmt":"2025-06-14T13:15:18","guid":{"rendered":"https:\/\/ledenonciateur224.com\/?p=3409"},"modified":"2025-06-14T13:15:18","modified_gmt":"2025-06-14T13:15:18","slug":"feguifoot-un-appel-a-candidature-dun-nouvel-entraineur-lance","status":"publish","type":"post","link":"https:\/\/ledenonciateur224.com\/index.php\/feguifoot-un-appel-a-candidature-dun-nouvel-entraineur-lance\/","title":{"rendered":"Feguifoot : un appel \u00e0 candidature d&rsquo;un nouvel entra\u00eeneur lanc\u00e9"},"content":{"rendered":"<p>C\u2019est d\u00e9sormais officiel : l\u2019aventure de Michel Dussuyer \u00e0 la t\u00eate de l\u2019\u00e9quipe nationale de Guin\u00e9e touche \u00e0 sa fin. Cette annonce fait suite \u00e0 l\u2019appel \u00e0 candidatures lanc\u00e9 par la F\u00e9d\u00e9ration Guin\u00e9enne de Football (Feguifoot), en collaboration avec le Minist\u00e8re de la Jeunesse et des Sports.<\/p>\n<p>Selon le document publi\u00e9 \u00e0 cet effet, cette initiative s\u2019inscrit dans le cadre de la restructuration du Syli National.<\/p>\n<p><i>\u00ab La F\u00e9d\u00e9ration Guin\u00e9enne de Football, en collaboration avec le Minist\u00e8re de la Jeunesse et des Sports, lance un avis d\u2019appel \u00e0 candidatures pour le recrutement d\u2019un entra\u00eeneur de haut niveau, en vue d\u2019occuper le poste d\u2019entra\u00eeneur\/s\u00e9lectionneur du Syli National A de Guin\u00e9e \u00bb,<\/i>\u00a0peut-on lire dans le communiqu\u00e9 officiel dat\u00e9 du 13 juin 2025.<\/p>\n<p>Toujours selon ce document, la s\u00e9lection des candidats sera assur\u00e9e par la Feguifoot, sur la base de termes de r\u00e9f\u00e9rence et d\u2019objectifs pr\u00e9cis, dont la qualification \u00e0 des comp\u00e9titions majeures organis\u00e9es par la CAF et la FIFA.<\/p>\n<div class=\"google-auto-placed ap_container\"><ins class=\"adsbygoogle adsbygoogle-noablate\" data-ad-format=\"auto\" data-ad-client=\"ca-pub-3296166907956863\" data-adsbygoogle-status=\"done\" data-ad-status=\"unfilled\"><\/p>\n<div id=\"aswift_5_host\"><\/div>\n<p><\/ins><\/div>\n<p>Les dossiers de candidature doivent \u00eatre envoy\u00e9s sous pli ferm\u00e9 avec la mention \u00ab confidentiel \u00bb, au Secr\u00e9tariat G\u00e9n\u00e9ral de la F\u00e9d\u00e9ration Guin\u00e9enne de Football, sis \u00e0 T\u00e9m\u00e9n\u00e9taye, Quartier Sans Fil, Commune de Kaloum, BP 3645 Conakry, ou par e-mail \u00e0 l\u2019adresse :\u00a0contact@feguifoot.com, au plus tard le 07 juillet 2025 \u00e0 16h30 pr\u00e9cises.<\/p>\n<p>Par ailleurs, les candidats pr\u00e9s\u00e9lectionn\u00e9s devront se rendre disponibles pour une interview pr\u00e9vue le 14 juillet 2025 \u00e0 11h00, au si\u00e8ge de la F\u00e9d\u00e9ration Guin\u00e9enne de Football \u00e0 Conakry. Tous les frais li\u00e9s \u00e0 ce d\u00e9placement seront \u00e0 la charge des postulants, pr\u00e9cise le document.<\/p>\n<p><img loading=\"lazy\" decoding=\"async\" class=\"alignnone size-full wp-image-3410\" src=\"https:\/\/ledenonciateur224.com\/wp-content\/uploads\/2025\/06\/fb-img-1749851540468.jpg\" alt=\"\" width=\"720\" height=\"1000\" srcset=\"https:\/\/ledenonciateur224.com\/wp-content\/uploads\/2025\/06\/fb-img-1749851540468.jpg 720w, https:\/\/ledenonciateur224.com\/wp-content\/uploads\/2025\/06\/fb-img-1749851540468-216x300.jpg 216w, https:\/\/ledenonciateur224.com\/wp-content\/uploads\/2025\/06\/fb-img-1749851540468-150x208.jpg 150w, https:\/\/ledenonciateur224.com\/wp-content\/uploads\/2025\/06\/fb-img-1749851540468-300x417.jpg 300w, https:\/\/ledenonciateur224.com\/wp-content\/uploads\/2025\/06\/fb-img-1749851540468-696x967.jpg 696w, https:\/\/ledenonciateur224.com\/wp-content\/uploads\/2025\/06\/fb-img-1749851540468-302x420.jpg 302w\" sizes=\"auto, (max-width: 720px) 100vw, 720px\" \/><\/p>\n","protected":false},"excerpt":{"rendered":"<p>C\u2019est d\u00e9sormais officiel : l\u2019aventure de Michel Dussuyer \u00e0 la t\u00eate de l\u2019\u00e9quipe nationale de Guin\u00e9e touche \u00e0 sa fin. Cette annonce fait suite \u00e0 l\u2019appel \u00e0 candidatures lanc\u00e9 par la F\u00e9d\u00e9ration Guin\u00e9enne de Football (Feguifoot), en collaboration avec le Minist\u00e8re de la Jeunesse et des Sports. Selon le document publi\u00e9 \u00e0 cet effet, cette [&hellip;]<\/p>\n","protected":false},"author":2,"featured_media":2300,"comment_status":"open","ping_status":"open","sticky":false,"template":"","format":"standard","meta":{"_jetpack_memberships_contains_paid_content":false,"footnotes":"","jetpack_publicize_message":"","jetpack_publicize_feature_enabled":true,"jetpack_social_post_already_shared":true,"jetpack_social_options":{"image_generator_settings":{"template":"highway","default_image_id":0,"font":"","enabled":false},"version":2}},"categories":[24,34],"tags":[613,862],"class_list":{"0":"post-3409","1":"post","2":"type-post","3":"status-publish","4":"format-standard","5":"has-post-thumbnail","7":"category-news","8":"category-sport","9":"tag-feguifoot","10":"tag-selectionneur-du-syli-national"},"jetpack_publicize_connections":[],"jetpack_featured_media_url":"https:\/\/ledenonciateur224.com\/wp-content\/uploads\/2025\/04\/feguifoot-1.jpeg","jetpack_sharing_enabled":true,"_links":{"self":[{"href":"https:\/\/ledenonciateur224.com\/index.php\/wp-json\/wp\/v2\/posts\/3409","targetHints":{"allow":["GET"]}}],"collection":[{"href":"https:\/\/ledenonciateur224.com\/index.php\/wp-json\/wp\/v2\/posts"}],"about":[{"href":"https:\/\/ledenonciateur224.com\/index.php\/wp-json\/wp\/v2\/types\/post"}],"author":[{"embeddable":true,"href":"https:\/\/ledenonciateur224.com\/index.php\/wp-json\/wp\/v2\/users\/2"}],"replies":[{"embeddable":true,"href":"https:\/\/ledenonciateur224.com\/index.php\/wp-json\/wp\/v2\/comments?post=3409"}],"version-history":[{"count":0,"href":"https:\/\/ledenonciateur224.com\/index.php\/wp-json\/wp\/v2\/posts\/3409\/revisions"}],"wp:featuredmedia":[{"embeddable":true,"href":"https:\/\/ledenonciateur224.com\/index.php\/wp-json\/wp\/v2\/media\/2300"}],"wp:attachment":[{"href":"https:\/\/ledenonciateur224.com\/index.php\/wp-json\/wp\/v2\/media?parent=3409"}],"wp:term":[{"taxonomy":"category","embeddable":true,"href":"https:\/\/ledenonciateur224.com\/index.php\/wp-json\/wp\/v2\/categories?post=3409"},{"taxonomy":"post_tag","embeddable":true,"href":"https:\/\/ledenonciateur224.com\/index.php\/wp-json\/wp\/v2\/tags?post=3409"}],"curies":[{"name":"wp","href":"https:\/\/api.w.org\/{rel}","templated":true}]}}