{"id":3466,"date":"2025-06-17T18:39:30","date_gmt":"2025-06-17T18:39:30","guid":{"rendered":"https:\/\/ledenonciateur224.com\/?p=3466"},"modified":"2025-06-17T18:39:30","modified_gmt":"2025-06-17T18:39:30","slug":"referendum-constitutionnel-en-guinee-la-synergie-doumbouya-2025-mobilisee-pour-un-oui-massif","status":"publish","type":"post","link":"https:\/\/ledenonciateur224.com\/index.php\/referendum-constitutionnel-en-guinee-la-synergie-doumbouya-2025-mobilisee-pour-un-oui-massif\/","title":{"rendered":"R\u00e9f\u00e9rendum constitutionnel en Guin\u00e9e : la Synergie Doumbouya 2025 mobilis\u00e9e pour un \u00ab\u00a0Oui\u00a0\u00bb massif"},"content":{"rendered":"<div dir=\"auto\">\n<h3>\u00c0 trois mois du r\u00e9f\u00e9rendum constitutionnel pr\u00e9vu pour le 21 septembre 2025, l\u2019effervescence gagne le camp pr\u00e9sidentiel. Le gouvernement guin\u00e9en affirme sa d\u00e9termination \u00e0 respecter le calendrier \u00e9lectoral, tandis que les soutiens du G\u00e9n\u00e9ral Mamadi Doumbouya s\u2019activent pour faire triompher le \u00ab\u00a0Oui\u00a0\u00bb dans les urnes.<\/h3>\n<p>Parmi ces soutiens, la\u00a0<strong>Synergie G\u00e9n\u00e9ral Mamadi Doumbouya 2025 pour le dialogue et la paix<\/strong>\u00a0entend jouer un r\u00f4le central. Dans un entretien exclusif accord\u00e9 ce lundi 16 juin, son secr\u00e9taire ex\u00e9cutif, l\u2019honorable\u00a0<strong>Cheick Tidiane Traor\u00e9<\/strong>, d\u00e9voile la strat\u00e9gie nationale de sa structure.<\/p>\n<p>\u00ab Apr\u00e8s le processus d\u2019enr\u00f4lement, la partie festive, si vous avez remarqu\u00e9, il n\u2019y a plus de grandes mamayas de soutien, de ceci ou cela, c\u2019est la partie du terrain qui commence \u00bb, affirme Cheick Tidiane Traor\u00e9. Le ton est donn\u00e9 : place \u00e0 l\u2019action de proximit\u00e9. La Synergie pr\u00e9voit une vaste tourn\u00e9e de sensibilisation, de\u00a0<strong>Conakry \u00e0 Yomou<\/strong>, afin d\u2019inciter les citoyens \u00e0 voter massivement pour la nouvelle Constitution.<\/p>\n<p>L\u2019objectif est clair :\u00a0<strong>obtenir un score \u00e9crasant de 90 % en faveur du Oui<\/strong>. \u00ab Nous avons des objectifs. Des objectifs sp\u00e9cifiques bien pr\u00e9cis. (\u2026) Notre ambition est de faire en sorte que le Oui remporte au moins \u00e0 90%. Nous pensons que c\u2019est un r\u00e9sultat honorable de cette nature, qui peut amener le g\u00e9n\u00e9ral Mamadi Doumbouya d\u2019accepter de r\u00e9pondre \u00e0 l\u2019appel populaire lui demandant d\u2019\u00eatre candidat pour la prochaine \u00e9lection d\u00e9mocratique \u00bb, pr\u00e9cise-t-il.<\/p>\n<p>Au-del\u00e0 du r\u00e9f\u00e9rendum, la Synergie se projette d\u00e9j\u00e0 dans les prochaines \u00e9ch\u00e9ances \u00e9lectorales. Une fois le \u00ab\u00a0Oui\u00a0\u00bb valid\u00e9, elle envisage de cr\u00e9er une\u00a0<strong>coalition \u00e9largie<\/strong>, regroupant partis politiques agr\u00e9\u00e9s et forces sociales, pour\u00a0<strong>porter la candidature du G\u00e9n\u00e9ral Mamadi Doumbouya<\/strong>\u00a0\u00e0 la pr\u00e9sidentielle.<\/p>\n<p>\u00ab Une fois que cela est obtenu, nous allons voir maintenant, en notre sein, si le g\u00e9n\u00e9ral Mamadi Doumbouya d\u00e9cide de se porter candidat sur la base politique, nous allons voir les partis qui sont \u00e0 notre sein, \u00e9largir \u00e0 d\u2019autres partis (\u2026) pour cr\u00e9er une coalition \u00e9lectorale \u00bb, explique M. Traor\u00e9. Il pr\u00e9cise \u00e9galement que si le G\u00e9n\u00e9ral se pr\u00e9sente en\u00a0<strong>candidat ind\u00e9pendant<\/strong>, la m\u00eame dynamique sera adopt\u00e9e pour structurer un large soutien populaire et institutionnel.<\/p>\n<p>Pour r\u00e9ussir ce pari ambitieux, la Synergie acc\u00e9l\u00e8re sa\u00a0<strong>structuration territoriale<\/strong>. \u00ab En six mois, nous avons fait du chemin \u00bb, se f\u00e9licite Cheick Tidiane Traor\u00e9. La coordination nationale installe actuellement ses d\u00e9membrements dans toutes les r\u00e9gions du pays.<\/p>\n<p>\u00c0\u00a0<strong>Conakry<\/strong>, la mise en place des\u00a0<strong>13 coordinations communales<\/strong>\u00a0devrait s\u2019achever dans les dix prochains jours. \u00c0\u00a0<strong>Dubr\u00e9ka<\/strong>, Bok\u00e9 ou encore dans d\u2019autres pr\u00e9fectures de la Basse-Guin\u00e9e, le travail de terrain est d\u00e9j\u00e0 bien engag\u00e9. Les prochaines \u00e9tapes m\u00e8neront l\u2019organisation vers la\u00a0<strong>Guin\u00e9e foresti\u00e8re et la Haute-Guin\u00e9e<\/strong>.<\/p>\n<p>\u00ab Le pire adversaire actuellement de la fin de la transition, c\u2019est le calendrier. Le temps est devenu extr\u00eamement court. Donc il faut aller faire vite et bien \u00bb, souligne-t-il.<\/p>\n<p>Enfin, Cheick Tidiane Traor\u00e9 annonce la\u00a0<strong>cr\u00e9ation prochaine de la branche politique de la Synergie<\/strong>, qui prendra la forme d\u2019une\u00a0<strong>alliance \u00e9lectorale<\/strong>. Cette structure portera non seulement la candidature du G\u00e9n\u00e9ral Doumbouya \u00e0 la pr\u00e9sidentielle, mais aussi celle de ses membres aux\u00a0<strong>\u00e9lections l\u00e9gislatives<\/strong>.<\/p>\n<p>Le compte \u00e0 rebours est lanc\u00e9. Avec une strat\u00e9gie bien huil\u00e9e, une implantation territoriale acc\u00e9l\u00e9r\u00e9e et une ambition affich\u00e9e de construire une majorit\u00e9 politique solide, la\u00a0<strong>Synergie Doumbouya 2025<\/strong>\u00a0entend s\u2019imposer comme un acteur-cl\u00e9 de la fin de transition en Guin\u00e9e\u2026 et au-del\u00e0.<\/p>\n<p>&nbsp;<\/p>\n<\/div>\n<div dir=\"auto\">\u00a0Aboubacar Moussa Camara<\/div>\n<div dir=\"auto\"><\/div>\n<div dir=\"auto\"><\/div>\n<div dir=\"auto\">\u00a0611 70 39 84<\/div>\n","protected":false},"excerpt":{"rendered":"<p>\u00c0 trois mois du r\u00e9f\u00e9rendum constitutionnel pr\u00e9vu pour le 21 septembre 2025, l\u2019effervescence gagne le camp pr\u00e9sidentiel. Le gouvernement guin\u00e9en affirme sa d\u00e9termination \u00e0 respecter le calendrier \u00e9lectoral, tandis que les soutiens du G\u00e9n\u00e9ral Mamadi Doumbouya s\u2019activent pour faire triompher le \u00ab\u00a0Oui\u00a0\u00bb dans les urnes. Parmi ces soutiens, la\u00a0Synergie G\u00e9n\u00e9ral Mamadi Doumbouya 2025 pour le [&hellip;]<\/p>\n","protected":false},"author":2,"featured_media":3467,"comment_status":"open","ping_status":"open","sticky":false,"template":"","format":"standard","meta":{"_jetpack_memberships_contains_paid_content":false,"footnotes":"","jetpack_publicize_message":"","jetpack_publicize_feature_enabled":true,"jetpack_social_post_already_shared":true,"jetpack_social_options":{"image_generator_settings":{"template":"highway","default_image_id":0,"font":"","enabled":false},"version":2}},"categories":[24,27],"tags":[873],"class_list":{"0":"post-3466","1":"post","2":"type-post","3":"status-publish","4":"format-standard","5":"has-post-thumbnail","7":"category-news","8":"category-politique","9":"tag-synergie-general-mamadi-doumbouya"},"jetpack_publicize_connections":[],"jetpack_featured_media_url":"https:\/\/ledenonciateur224.com\/wp-content\/uploads\/2025\/06\/ho.jpg","jetpack_sharing_enabled":true,"_links":{"self":[{"href":"https:\/\/ledenonciateur224.com\/index.php\/wp-json\/wp\/v2\/posts\/3466","targetHints":{"allow":["GET"]}}],"collection":[{"href":"https:\/\/ledenonciateur224.com\/index.php\/wp-json\/wp\/v2\/posts"}],"about":[{"href":"https:\/\/ledenonciateur224.com\/index.php\/wp-json\/wp\/v2\/types\/post"}],"author":[{"embeddable":true,"href":"https:\/\/ledenonciateur224.com\/index.php\/wp-json\/wp\/v2\/users\/2"}],"replies":[{"embeddable":true,"href":"https:\/\/ledenonciateur224.com\/index.php\/wp-json\/wp\/v2\/comments?post=3466"}],"version-history":[{"count":0,"href":"https:\/\/ledenonciateur224.com\/index.php\/wp-json\/wp\/v2\/posts\/3466\/revisions"}],"wp:featuredmedia":[{"embeddable":true,"href":"https:\/\/ledenonciateur224.com\/index.php\/wp-json\/wp\/v2\/media\/3467"}],"wp:attachment":[{"href":"https:\/\/ledenonciateur224.com\/index.php\/wp-json\/wp\/v2\/media?parent=3466"}],"wp:term":[{"taxonomy":"category","embeddable":true,"href":"https:\/\/ledenonciateur224.com\/index.php\/wp-json\/wp\/v2\/categories?post=3466"},{"taxonomy":"post_tag","embeddable":true,"href":"https:\/\/ledenonciateur224.com\/index.php\/wp-json\/wp\/v2\/tags?post=3466"}],"curies":[{"name":"wp","href":"https:\/\/api.w.org\/{rel}","templated":true}]}}