{"id":3474,"date":"2025-06-17T20:28:58","date_gmt":"2025-06-17T20:28:58","guid":{"rendered":"https:\/\/ledenonciateur224.com\/?p=3474"},"modified":"2025-06-17T20:28:58","modified_gmt":"2025-06-17T20:28:58","slug":"diplomatie-ouest-africaine-une-reconnaissance-appuyee-pour-un-soutien-discret-mais-decisif","status":"publish","type":"post","link":"https:\/\/ledenonciateur224.com\/index.php\/diplomatie-ouest-africaine-une-reconnaissance-appuyee-pour-un-soutien-discret-mais-decisif\/","title":{"rendered":"Diplomatie ouest-africaine \u2013 Une reconnaissance appuy\u00e9e pour un soutien discret mais d\u00e9cisif"},"content":{"rendered":"<p>En visite officielle \u00e0 Abidjan ce mardi 17 juin 2025, le pr\u00e9sident de la transition guin\u00e9enne,\u00a0<strong>Mamadi Doumbouya<\/strong>, a exprim\u00e9 sa\u00a0<strong>reconnaissance personnelle et politique<\/strong>\u00a0envers le pr\u00e9sident ivoirien\u00a0<strong>Alassane Ouattara<\/strong>. Le g\u00e9n\u00e9ral guin\u00e9en a salu\u00e9 l\u2019attitude du chef d\u2019\u00c9tat ivoirien au lendemain du\u00a0<strong>coup d\u2019\u00c9tat du 5 septembre 2021<\/strong>, ayant renvers\u00e9 Alpha Cond\u00e9.<\/p>\n<p>Rappelant la premi\u00e8re mission de la\u00a0<strong>CEDEAO<\/strong>\u00a0\u00e0 Conakry le 17 septembre 2021 \u2013 men\u00e9e par Nana Akufo-Addo, Macky Sall et Alassane Ouattara \u2013, Mamadi Doumbouya a soulign\u00e9\u00a0<strong>l\u2019humilit\u00e9 et le respect<\/strong>\u00a0manifest\u00e9s par Ouattara envers le peuple guin\u00e9en, d\u00e8s les premiers instants de la transition.\u00ab\u202fDepuis notre premi\u00e8re rencontre \u00e0 Conakry, Monsieur le Pr\u00e9sident, j\u2019ai \u00e9t\u00e9 profond\u00e9ment marqu\u00e9 par votre humilit\u00e9 et le respect que vous t\u00e9moignez au peuple de Guin\u00e9e\u202f\u00bb, a-t-il d\u00e9clar\u00e9.<\/p>\n<p><img loading=\"lazy\" decoding=\"async\" class=\"alignnone size-full wp-image-3475\" src=\"https:\/\/ledenonciateur224.com\/wp-content\/uploads\/2025\/06\/fb-img-1750190220763.jpg\" alt=\"\" width=\"1079\" height=\"720\" srcset=\"https:\/\/ledenonciateur224.com\/wp-content\/uploads\/2025\/06\/fb-img-1750190220763.jpg 1079w, https:\/\/ledenonciateur224.com\/wp-content\/uploads\/2025\/06\/fb-img-1750190220763-300x200.jpg 300w, https:\/\/ledenonciateur224.com\/wp-content\/uploads\/2025\/06\/fb-img-1750190220763-1024x683.jpg 1024w, https:\/\/ledenonciateur224.com\/wp-content\/uploads\/2025\/06\/fb-img-1750190220763-768x512.jpg 768w, https:\/\/ledenonciateur224.com\/wp-content\/uploads\/2025\/06\/fb-img-1750190220763-150x100.jpg 150w, https:\/\/ledenonciateur224.com\/wp-content\/uploads\/2025\/06\/fb-img-1750190220763-696x464.jpg 696w, https:\/\/ledenonciateur224.com\/wp-content\/uploads\/2025\/06\/fb-img-1750190220763-1068x713.jpg 1068w, https:\/\/ledenonciateur224.com\/wp-content\/uploads\/2025\/06\/fb-img-1750190220763-629x420.jpg 629w\" sizes=\"auto, (max-width: 1079px) 100vw, 1079px\" \/><\/p>\n<p>Le chef de la junte a \u00e9galement salu\u00e9 la posture\u00a0<strong>conciliatrice et compr\u00e9hensive<\/strong>\u00a0d\u2019Alassane Ouattara dans le suivi du processus guin\u00e9en, contrastant avec les critiques parfois fermes de certains dirigeants ouest-africains. Il a notamment \u00e9voqu\u00e9 l\u2019influence apaisante du pr\u00e9sident ivoirien au sein des instances r\u00e9gionales.\u00ab\u202fVous avez choisi la voie de la compr\u00e9hension plut\u00f4t que celle du jugement\u2026 et \u0153uvr\u00e9 aupr\u00e8s de vos pairs pour une meilleure lecture du contexte guin\u00e9en. Je vous en remercie sinc\u00e8rement\u202f\u00bb, a-t-il ajout\u00e9.<\/p>\n<p>Enfin, le dirigeant guin\u00e9en a insist\u00e9 sur sa volont\u00e9 de\u00a0<strong>renforcer les relations bilat\u00e9rales<\/strong>, bas\u00e9es sur\u00a0<strong>la confiance, l\u2019\u00e9coute et le respect mutuel<\/strong>, tout en affirmant son ouverture \u00e0 tirer profit de l\u2019<strong>exp\u00e9rience d\u2019\u00c9tat<\/strong>\u00a0de son homologue ivoirien.<\/p>\n<p>&nbsp;<\/p>\n<p>Ledenonciateur224.com<\/p>\n","protected":false},"excerpt":{"rendered":"<p>En visite officielle \u00e0 Abidjan ce mardi 17 juin 2025, le pr\u00e9sident de la transition guin\u00e9enne,\u00a0Mamadi Doumbouya, a exprim\u00e9 sa\u00a0reconnaissance personnelle et politique\u00a0envers le pr\u00e9sident ivoirien\u00a0Alassane Ouattara. Le g\u00e9n\u00e9ral guin\u00e9en a salu\u00e9 l\u2019attitude du chef d\u2019\u00c9tat ivoirien au lendemain du\u00a0coup d\u2019\u00c9tat du 5 septembre 2021, ayant renvers\u00e9 Alpha Cond\u00e9. Rappelant la premi\u00e8re mission de la\u00a0CEDEAO\u00a0\u00e0 [&hellip;]<\/p>\n","protected":false},"author":2,"featured_media":3476,"comment_status":"open","ping_status":"open","sticky":false,"template":"","format":"standard","meta":{"_jetpack_memberships_contains_paid_content":false,"footnotes":"","jetpack_publicize_message":"","jetpack_publicize_feature_enabled":true,"jetpack_social_post_already_shared":true,"jetpack_social_options":{"image_generator_settings":{"template":"highway","default_image_id":0,"font":"","enabled":false},"version":2}},"categories":[38,24],"tags":[875,737,871],"class_list":{"0":"post-3474","1":"post","2":"type-post","3":"status-publish","4":"format-standard","5":"has-post-thumbnail","7":"category-international","8":"category-news","9":"tag-alassane-ouattara","10":"tag-general-mamadi-doumbouya-doumbouya","11":"tag-visite-officielle"},"jetpack_publicize_connections":[],"jetpack_featured_media_url":"https:\/\/ledenonciateur224.com\/wp-content\/uploads\/2025\/06\/fb-img-1750190245590.jpg","jetpack_sharing_enabled":true,"_links":{"self":[{"href":"https:\/\/ledenonciateur224.com\/index.php\/wp-json\/wp\/v2\/posts\/3474","targetHints":{"allow":["GET"]}}],"collection":[{"href":"https:\/\/ledenonciateur224.com\/index.php\/wp-json\/wp\/v2\/posts"}],"about":[{"href":"https:\/\/ledenonciateur224.com\/index.php\/wp-json\/wp\/v2\/types\/post"}],"author":[{"embeddable":true,"href":"https:\/\/ledenonciateur224.com\/index.php\/wp-json\/wp\/v2\/users\/2"}],"replies":[{"embeddable":true,"href":"https:\/\/ledenonciateur224.com\/index.php\/wp-json\/wp\/v2\/comments?post=3474"}],"version-history":[{"count":0,"href":"https:\/\/ledenonciateur224.com\/index.php\/wp-json\/wp\/v2\/posts\/3474\/revisions"}],"wp:featuredmedia":[{"embeddable":true,"href":"https:\/\/ledenonciateur224.com\/index.php\/wp-json\/wp\/v2\/media\/3476"}],"wp:attachment":[{"href":"https:\/\/ledenonciateur224.com\/index.php\/wp-json\/wp\/v2\/media?parent=3474"}],"wp:term":[{"taxonomy":"category","embeddable":true,"href":"https:\/\/ledenonciateur224.com\/index.php\/wp-json\/wp\/v2\/categories?post=3474"},{"taxonomy":"post_tag","embeddable":true,"href":"https:\/\/ledenonciateur224.com\/index.php\/wp-json\/wp\/v2\/tags?post=3474"}],"curies":[{"name":"wp","href":"https:\/\/api.w.org\/{rel}","templated":true}]}}