{"id":348,"date":"2024-12-04T21:21:42","date_gmt":"2024-12-04T21:21:42","guid":{"rendered":"https:\/\/ledenonciateur224.com\/?p=348"},"modified":"2024-12-04T21:21:42","modified_gmt":"2024-12-04T21:21:42","slug":"violations-des-droits-humains-un-mecanisme-de-reparation-en-gestation-pour-les-victimes","status":"publish","type":"post","link":"https:\/\/ledenonciateur224.com\/index.php\/violations-des-droits-humains-un-mecanisme-de-reparation-en-gestation-pour-les-victimes\/","title":{"rendered":"Violations des droits humains : un m\u00e9canisme de r\u00e9paration en gestation pour les victimes"},"content":{"rendered":"<div dir=\"auto\">\n<p>L&rsquo;atelier de dialogue de haut niveau sur la loi et le d\u00e9cret relatifs au droit \u00e0 la r\u00e9paration pour les victimes de violations graves des droits de l\u2019Homme s\u2019est ouvert ce mercredi \u00e0 Conakry, marquant une \u00e9tape importante dans la mise en place d&rsquo;un m\u00e9canisme national de r\u00e9paration. Cet \u00e9v\u00e9nement, organis\u00e9 par le Minist\u00e8re de la Justice et des Droits de l\u2019Homme, en collaboration avec sa Direction Nationale de la R\u00e9conciliation et de la Solidarit\u00e9, ainsi que des partenaires strat\u00e9giques tels que le Global Survivors Fund (GSF) et l&rsquo;Organisation Guin\u00e9enne des Droits de l\u2019Homme (OGDH), a pour objectif de poser les bases d\u2019un cadre juridique solide et de promouvoir un processus de r\u00e9conciliation durable pour les victimes de violations graves des droits humains en Guin\u00e9e.<\/p>\n<\/div>\n<div dir=\"auto\"><\/div>\n<div dir=\"auto\">Pendant deux jours, pr\u00e8s de quarante participants issus de diverses organisations de d\u00e9fense des droits humains, ainsi que des experts en droit international, se pencheront sur des th\u00e9matiques essentielles concernant la r\u00e9paration des victimes. L\u2019atelier se concentre sur le concept de r\u00e9paration administrative, son articulation avec la r\u00e9paration judiciaire et la mise en place d&rsquo;un syst\u00e8me coh\u00e9rent de compensation et de soutien pour les victimes. L\u2019objectif principal est de d\u00e9gager des solutions concr\u00e8tes qui non seulement r\u00e9pondent aux besoins imm\u00e9diats des victimes mais qui soient \u00e9galement align\u00e9es avec les standards internationaux en mati\u00e8re de justice transitionnelle.<\/div>\n<div dir=\"auto\"><\/div>\n<div dir=\"auto\">Une premi\u00e8re version du projet de loi sur la r\u00e9paration administrative a \u00e9t\u00e9 \u00e9labor\u00e9e en avril 2024, avec l\u2019int\u00e9gration des contributions de six organisations de victimes, dont celles repr\u00e9sentant les survivants de violences sexuelles. Ce projet de loi vise \u00e0 \u00e9tablir un syst\u00e8me transparent et accessible pour les victimes, en particulier celles qui ont souffert de violations graves des droits humains, dans le but de leur offrir une reconnaissance officielle et des mesures compensatoires.<\/div>\n<div dir=\"auto\"><\/div>\n<div dir=\"auto\">Cheick Alioune, membre de la commission technique charg\u00e9e des recommandations des assises nationales, a soulign\u00e9 que cet atelier repr\u00e9sente un prolongement direct des objectifs des assises nationales. Selon lui, les r\u00e9parations sont essentielles pour garantir une r\u00e9conciliation v\u00e9ritable et durable en Guin\u00e9e. \u00ab Les r\u00e9parations sont une condition incontournable pour parvenir \u00e0 une r\u00e9conciliation et \u00e0 une coh\u00e9sion sociale durables \u00bb, a-t-il d\u00e9clar\u00e9. Il a \u00e9galement insist\u00e9 sur l&rsquo;importance de reconna\u00eetre les traumatismes des victimes afin de renforcer le processus de gu\u00e9rison collective.<\/div>\n<div dir=\"auto\"><\/div>\n<div dir=\"auto\">Souleymane Bah, pr\u00e9sident de l&rsquo;OGDH, a mis en avant le caract\u00e8re innovant de cette loi, qu&rsquo;il consid\u00e8re comme un mod\u00e8le potentiel pour d\u2019autres pays africains confront\u00e9s \u00e0 des d\u00e9fis similaires. Selon lui, cette loi, en particulier dans son volet administratif, pourrait devenir un phare pour d\u2019autres nations en qu\u00eate de justice transitionnelle. Toutefois, il a aussi soulev\u00e9 des pr\u00e9occupations concernant les d\u00e9fis financiers li\u00e9s \u00e0 sa mise en \u0153uvre. Pour r\u00e9pondre \u00e0 ces enjeux, Souleymane Bah a salu\u00e9 les m\u00e9canismes de financement propos\u00e9s par le gouvernement, y compris l\u2019utilisation des actifs saisis dans le cadre de la lutte contre la corruption pour financer le programme de r\u00e9paration.<\/div>\n<div dir=\"auto\"><\/div>\n<div dir=\"auto\">\u00ab Avec la proposition d\u2019une loi sur la r\u00e9paration administrative, nous ouvrons une nouvelle voie plus accessible pour toutes les victimes, y compris celles dont les souffrances remontent \u00e0 plusieurs d\u00e9cennies. Cette loi pourrait devenir un mod\u00e8le en Afrique et au-del\u00e0, en rompant d\u00e9finitivement avec le cycle d&rsquo;instabilit\u00e9 sociale et politique que notre pays conna\u00eet depuis 1958. Elle pourrait \u00eatre un catalyseur pour une transformation profonde de notre soci\u00e9t\u00e9 \u00bb, a ajout\u00e9 Souleymane Bah.<\/div>\n<div dir=\"auto\"><\/div>\n<div dir=\"auto\">Asmaou Diallo, pr\u00e9sidente de l\u2019Association des Victimes et Amis du 28 septembre (AVIPA), a insist\u00e9 sur l\u2019importance de placer les victimes au centre des discussions. Pour elle, il est crucial que les victimes ne soient pas seulement consult\u00e9es mais pleinement impliqu\u00e9es dans la d\u00e9finition des mesures de r\u00e9paration. Elle a salu\u00e9 l&rsquo;engagement du gouvernement guin\u00e9en et de ses partenaires internationaux pour avoir cr\u00e9\u00e9 un cadre de dialogue qui donne une place centrale aux associations de victimes dans le processus.<\/div>\n<div dir=\"auto\"><\/div>\n<div dir=\"auto\">\u00ab Cet atelier est un moment cl\u00e9 pour unir nos efforts. Il est fondamental que les associations de victimes soient au centre des discussions. Elles comprennent mieux que quiconque les attentes et les besoins des personnes touch\u00e9es. En travaillant ensemble, nous pourrons proposer des solutions qui r\u00e9pondent v\u00e9ritablement \u00e0 ces attentes. Permettez-moi de saluer l\u2019engagement du Minist\u00e8re de la Justice et des Droits de l&rsquo;Homme pour son leadership dans la r\u00e9alisation de cette r\u00e9flexion strat\u00e9gique \u00bb, a-t-elle d\u00e9clar\u00e9.<\/div>\n<div dir=\"auto\"><\/div>\n<div dir=\"auto\">Ce dialogue de haut niveau repr\u00e9sente une avanc\u00e9e d\u00e9cisive dans l\u2019\u00e9laboration d\u2019un m\u00e9canisme de r\u00e9paration qui pourrait marquer un tournant dans la gestion des traumatismes pass\u00e9s et la construction d\u2019une soci\u00e9t\u00e9 plus unie et r\u00e9siliente. Le projet de loi, qui sera soumis \u00e0 un examen d\u00e9taill\u00e9 dans les mois \u00e0 venir, s&rsquo;efforcera de r\u00e9pondre aux besoins sp\u00e9cifiques des victimes tout en respectant les principes d&rsquo;\u00e9quit\u00e9, de transparence et d&rsquo;inclusivit\u00e9.<\/div>\n<div dir=\"auto\"><\/div>\n<div dir=\"auto\">En somme, cette initiative t\u00e9moigne de la volont\u00e9 des autorit\u00e9s guin\u00e9ennes de tourner la page des violations des droits humains pass\u00e9es et de poser les bases d\u2019une r\u00e9conciliation nationale durable. La collaboration entre le gouvernement, les organisations de d\u00e9fense des droits humains et les victimes elles-m\u00eames sera essentielle pour la mise en \u0153uvre effective de ce processus. La Guin\u00e9e, par cette d\u00e9marche, pourrait bien devenir un mod\u00e8le dans la r\u00e9gion en mati\u00e8re de justice transitionnelle et de r\u00e9paration des victimes de violations graves des droits humains.<\/div>\n<div dir=\"auto\"><\/div>\n<div dir=\"auto\">N&rsquo;sira Sylla<\/div>\n","protected":false},"excerpt":{"rendered":"<p>L&rsquo;atelier de dialogue de haut niveau sur la loi et le d\u00e9cret relatifs au droit \u00e0 la r\u00e9paration pour les victimes de violations graves des droits de l\u2019Homme s\u2019est ouvert ce mercredi \u00e0 Conakry, marquant une \u00e9tape importante dans la mise en place d&rsquo;un m\u00e9canisme national de r\u00e9paration. Cet \u00e9v\u00e9nement, organis\u00e9 par le Minist\u00e8re de [&hellip;]<\/p>\n","protected":false},"author":2,"featured_media":349,"comment_status":"open","ping_status":"open","sticky":false,"template":"","format":"standard","meta":{"_jetpack_memberships_contains_paid_content":false,"footnotes":"","jetpack_publicize_message":"","jetpack_publicize_feature_enabled":true,"jetpack_social_post_already_shared":false,"jetpack_social_options":{"image_generator_settings":{"template":"highway","default_image_id":0,"font":"","enabled":false},"version":2}},"categories":[30,24],"tags":[36,35,45,46],"class_list":{"0":"post-348","1":"post","2":"type-post","3":"status-publish","4":"format-standard","5":"has-post-thumbnail","7":"category-faits-divers","8":"category-news","9":"tag-conakry","10":"tag-guinee","11":"tag-victimes","12":"tag-violences-de-droits-humains"},"jetpack_publicize_connections":[],"jetpack_featured_media_url":"https:\/\/ledenonciateur224.com\/wp-content\/uploads\/2024\/12\/20241204-102622-scaled.jpg","jetpack_sharing_enabled":true,"_links":{"self":[{"href":"https:\/\/ledenonciateur224.com\/index.php\/wp-json\/wp\/v2\/posts\/348","targetHints":{"allow":["GET"]}}],"collection":[{"href":"https:\/\/ledenonciateur224.com\/index.php\/wp-json\/wp\/v2\/posts"}],"about":[{"href":"https:\/\/ledenonciateur224.com\/index.php\/wp-json\/wp\/v2\/types\/post"}],"author":[{"embeddable":true,"href":"https:\/\/ledenonciateur224.com\/index.php\/wp-json\/wp\/v2\/users\/2"}],"replies":[{"embeddable":true,"href":"https:\/\/ledenonciateur224.com\/index.php\/wp-json\/wp\/v2\/comments?post=348"}],"version-history":[{"count":0,"href":"https:\/\/ledenonciateur224.com\/index.php\/wp-json\/wp\/v2\/posts\/348\/revisions"}],"wp:featuredmedia":[{"embeddable":true,"href":"https:\/\/ledenonciateur224.com\/index.php\/wp-json\/wp\/v2\/media\/349"}],"wp:attachment":[{"href":"https:\/\/ledenonciateur224.com\/index.php\/wp-json\/wp\/v2\/media?parent=348"}],"wp:term":[{"taxonomy":"category","embeddable":true,"href":"https:\/\/ledenonciateur224.com\/index.php\/wp-json\/wp\/v2\/categories?post=348"},{"taxonomy":"post_tag","embeddable":true,"href":"https:\/\/ledenonciateur224.com\/index.php\/wp-json\/wp\/v2\/tags?post=348"}],"curies":[{"name":"wp","href":"https:\/\/api.w.org\/{rel}","templated":true}]}}