{"id":3487,"date":"2025-06-18T11:53:54","date_gmt":"2025-06-18T11:53:54","guid":{"rendered":"https:\/\/ledenonciateur224.com\/?p=3487"},"modified":"2025-06-18T11:53:54","modified_gmt":"2025-06-18T11:53:54","slug":"ans-t-crazy-a-mawazine-2025-la-guinee-entre-en-scene","status":"publish","type":"post","link":"https:\/\/ledenonciateur224.com\/index.php\/ans-t-crazy-a-mawazine-2025-la-guinee-entre-en-scene\/","title":{"rendered":"Ans-T Crazy \u00e0 Mawazine 2025 : la Guin\u00e9e entre en sc\u00e8ne !"},"content":{"rendered":"<p>L\u2019artiste guin\u00e9en Ans-T Crazy s\u2019appr\u00eate \u00e0 \u00e9crire une nouvelle page de l\u2019histoire musicale de son pays. Du 20 au 28 juin 2025, il foulera la sc\u00e8ne du prestigieux <strong>Festival Mawazine \u2013 Rythmes du Monde<\/strong>, au Maroc. Cet \u00e9v\u00e9nement, l\u2019un des plus grands rendez-vous culturels d\u2019Afrique et du monde, rassemble chaque ann\u00e9e des millions de spectateurs, venus applaudir des artistes de renomm\u00e9e internationale.<\/p>\n<p><img loading=\"lazy\" decoding=\"async\" class=\"alignnone size-full wp-image-3489\" src=\"https:\/\/ledenonciateur224.com\/wp-content\/uploads\/2025\/06\/img-20250617-wa0059.jpg\" alt=\"\" width=\"1016\" height=\"762\" srcset=\"https:\/\/ledenonciateur224.com\/wp-content\/uploads\/2025\/06\/img-20250617-wa0059.jpg 1016w, https:\/\/ledenonciateur224.com\/wp-content\/uploads\/2025\/06\/img-20250617-wa0059-300x225.jpg 300w, https:\/\/ledenonciateur224.com\/wp-content\/uploads\/2025\/06\/img-20250617-wa0059-768x576.jpg 768w, https:\/\/ledenonciateur224.com\/wp-content\/uploads\/2025\/06\/img-20250617-wa0059-150x113.jpg 150w, https:\/\/ledenonciateur224.com\/wp-content\/uploads\/2025\/06\/img-20250617-wa0059-696x522.jpg 696w, https:\/\/ledenonciateur224.com\/wp-content\/uploads\/2025\/06\/img-20250617-wa0059-560x420.jpg 560w, https:\/\/ledenonciateur224.com\/wp-content\/uploads\/2025\/06\/img-20250617-wa0059-80x60.jpg 80w, https:\/\/ledenonciateur224.com\/wp-content\/uploads\/2025\/06\/img-20250617-wa0059-265x198.jpg 265w\" sizes=\"auto, (max-width: 1016px) 100vw, 1016px\" \/><\/p>\n<p>C\u2019est lors d\u2019une conf\u00e9rence de presse organis\u00e9e ce mardi \u00e0 Kaloum que le chanteur a officialis\u00e9 sa participation \u00e0 cette 20\u1d49 \u00e9dition du festival. Visiblement \u00e9mu et fier, Ans-T Crazy n\u2019a pas cach\u00e9 son enthousiasme :\u00ab Ans-T Crazy aujourd\u2019hui, c\u2019est une marque d\u00e9pos\u00e9e pour la Guin\u00e9e. C\u2019est la Guin\u00e9e qui participe au festival \u00bb, a-t-il d\u00e9clar\u00e9 avec conviction.<\/p>\n<p>Ce moment fort pour sa carri\u00e8re est aussi une v\u00e9ritable vitrine pour la culture guin\u00e9enne, que l\u2019artiste compte repr\u00e9senter avec ferveur. Derri\u00e8re cette invitation prestigieuse se cache une performance marquante : celle livr\u00e9e lors du festival <strong>Via nos musiques<\/strong>, en 2022, \u00e9galement au Maroc. Une prestation remarqu\u00e9e qui a laiss\u00e9 une empreinte durable.\u00ab Ce festival, il a cherch\u00e9 tout seul, on peut le dire comme \u00e7a, parce que manager et moi, en 2022, nous \u00e9tions sur le festival <em>Via nos musiques<\/em>. [\u2026] Ils se sont dit tout de suite : <em>On a besoin de l\u2019artiste en 2025<\/em>. \u00bb<\/p>\n<p>Cette participation \u00e0 Mawazine repr\u00e9sente bien plus qu\u2019un simple concert. Elle marque la reconnaissance internationale d\u2019un parcours construit avec pers\u00e9v\u00e9rance et passion. Pour Ans-T Crazy, c\u2019est avant tout une affaire de patriotisme et de rayonnement culturel.<\/p>\n<p><strong>La Guin\u00e9e aura donc son ambassadeur sur cette sc\u00e8ne mondiale. Et c\u2019est tout un pays qui vibrera au rythme d\u2019Ans-T Crazy.<\/strong><\/p>\n<p>&nbsp;<\/p>\n<p>A M C<\/p>\n<p>&nbsp;<\/p>\n<p>611 70 39 84<\/p>\n","protected":false},"excerpt":{"rendered":"<p>L\u2019artiste guin\u00e9en Ans-T Crazy s\u2019appr\u00eate \u00e0 \u00e9crire une nouvelle page de l\u2019histoire musicale de son pays. Du 20 au 28 juin 2025, il foulera la sc\u00e8ne du prestigieux Festival Mawazine \u2013 Rythmes du Monde, au Maroc. Cet \u00e9v\u00e9nement, l\u2019un des plus grands rendez-vous culturels d\u2019Afrique et du monde, rassemble chaque ann\u00e9e des millions de spectateurs, [&hellip;]<\/p>\n","protected":false},"author":2,"featured_media":3488,"comment_status":"open","ping_status":"open","sticky":false,"template":"","format":"standard","meta":{"_jetpack_memberships_contains_paid_content":false,"footnotes":"","jetpack_publicize_message":"","jetpack_publicize_feature_enabled":true,"jetpack_social_post_already_shared":true,"jetpack_social_options":{"image_generator_settings":{"template":"highway","default_image_id":0,"font":"","enabled":false},"version":2}},"categories":[28,24],"tags":[880,881,35],"class_list":{"0":"post-3487","1":"post","2":"type-post","3":"status-publish","4":"format-standard","5":"has-post-thumbnail","7":"category-culture","8":"category-news","9":"tag-artiste-ans-t-crazy","10":"tag-mawazine","11":"tag-guinee"},"jetpack_publicize_connections":[],"jetpack_featured_media_url":"https:\/\/ledenonciateur224.com\/wp-content\/uploads\/2025\/06\/img-20250617-wa0061.jpg","jetpack_sharing_enabled":true,"_links":{"self":[{"href":"https:\/\/ledenonciateur224.com\/index.php\/wp-json\/wp\/v2\/posts\/3487","targetHints":{"allow":["GET"]}}],"collection":[{"href":"https:\/\/ledenonciateur224.com\/index.php\/wp-json\/wp\/v2\/posts"}],"about":[{"href":"https:\/\/ledenonciateur224.com\/index.php\/wp-json\/wp\/v2\/types\/post"}],"author":[{"embeddable":true,"href":"https:\/\/ledenonciateur224.com\/index.php\/wp-json\/wp\/v2\/users\/2"}],"replies":[{"embeddable":true,"href":"https:\/\/ledenonciateur224.com\/index.php\/wp-json\/wp\/v2\/comments?post=3487"}],"version-history":[{"count":0,"href":"https:\/\/ledenonciateur224.com\/index.php\/wp-json\/wp\/v2\/posts\/3487\/revisions"}],"wp:featuredmedia":[{"embeddable":true,"href":"https:\/\/ledenonciateur224.com\/index.php\/wp-json\/wp\/v2\/media\/3488"}],"wp:attachment":[{"href":"https:\/\/ledenonciateur224.com\/index.php\/wp-json\/wp\/v2\/media?parent=3487"}],"wp:term":[{"taxonomy":"category","embeddable":true,"href":"https:\/\/ledenonciateur224.com\/index.php\/wp-json\/wp\/v2\/categories?post=3487"},{"taxonomy":"post_tag","embeddable":true,"href":"https:\/\/ledenonciateur224.com\/index.php\/wp-json\/wp\/v2\/tags?post=3487"}],"curies":[{"name":"wp","href":"https:\/\/api.w.org\/{rel}","templated":true}]}}