{"id":3491,"date":"2025-06-18T15:59:08","date_gmt":"2025-06-18T15:59:08","guid":{"rendered":"https:\/\/ledenonciateur224.com\/?p=3491"},"modified":"2025-06-18T16:06:31","modified_gmt":"2025-06-18T16:06:31","slug":"diffamation-le-journaliste-thierno-amadou-nbonet-camara-reconnait-ses-torts","status":"publish","type":"post","link":"https:\/\/ledenonciateur224.com\/index.php\/diffamation-le-journaliste-thierno-amadou-nbonet-camara-reconnait-ses-torts\/","title":{"rendered":"Diffamation pr\u00e9sum\u00e9e : le journaliste Thierno Amadou N\u2019Bonet Camara reconna\u00eet ses torts"},"content":{"rendered":"<div dir=\"auto\">\n<p>Poursuivi pour diffamation apr\u00e8s des accusations port\u00e9es contre Thierno Mamadou Bah, conseiller personnel du pr\u00e9sident de la R\u00e9publique, le journaliste Thierno Amadou N\u2019Bonet Camara a pr\u00e9sent\u00e9 son mea culpa. Il admet publiquement avoir diffus\u00e9 de fausses informations dans un article publi\u00e9 sur les r\u00e9seaux sociaux, marquant ainsi un tournant dans cette affaire qui avait suscit\u00e9 de vives r\u00e9actions.<\/p>\n<\/div>\n<div dir=\"auto\"><\/div>\n<p>\u00ab\u00a0Insinuation tendancieuses, mensong\u00e8res et sans aucun fondement. L\u2019incendie et le d\u00e9tournement dont j\u2019ai parl\u00e9 dans mon post n\u2019ont jamais exist\u00e9. C\u2019\u00e9tait juste une erreur pas forc\u00e9ment une volont\u00e9 de le nuire meme si je reconnais un acharnement gratuit et sans fondement contre un fr\u00e8re qui, en v\u00e9rit\u00e9 ne m\u2019a absolument rien fait. Je pr\u00e9sente mes excuses les plus plates et les plus sinc\u00e8res \u00e0 Monsieur TMB, le Pr\u00e9sident du CA de l\u2019OGP, Conseiller personnel du Chef de l\u2019Etat. Mes excuses vont \u00e9galement \u00e0 l\u2019endroit de sa famille que j\u2019ai eu la maladresse de toucher alors qu\u2019elle ne m\u2019a absolument rien fait. Encore une fois je demande pardon \u00e0 mon fr\u00e8re TMB et je m\u2019engage d\u00e9sormais et solennellement de ne JAMAIS m\u2019attaquer \u00e0 lui ni directement, ni indirectement. Je donne ma parole et je prends l\u2019opinion \u00e0 t\u00e9moin.\u00a0\u00bb<\/p>\n<p>&nbsp;<\/p>\n<p>Ledenonciateur224.com<\/p>\n","protected":false},"excerpt":{"rendered":"<p>Poursuivi pour diffamation apr\u00e8s des accusations port\u00e9es contre Thierno Mamadou Bah, conseiller personnel du pr\u00e9sident de la R\u00e9publique, le journaliste Thierno Amadou N\u2019Bonet Camara a pr\u00e9sent\u00e9 son mea culpa. Il admet publiquement avoir diffus\u00e9 de fausses informations dans un article publi\u00e9 sur les r\u00e9seaux sociaux, marquant ainsi un tournant dans cette affaire qui avait suscit\u00e9 [&hellip;]<\/p>\n","protected":false},"author":2,"featured_media":3492,"comment_status":"open","ping_status":"open","sticky":false,"template":"","format":"standard","meta":{"_jetpack_memberships_contains_paid_content":false,"footnotes":"","jetpack_publicize_message":"","jetpack_publicize_feature_enabled":true,"jetpack_social_post_already_shared":true,"jetpack_social_options":{"image_generator_settings":{"template":"highway","default_image_id":0,"font":"","enabled":false},"version":2}},"categories":[30,24],"tags":[882,723,346],"class_list":{"0":"post-3491","1":"post","2":"type-post","3":"status-publish","4":"format-standard","5":"has-post-thumbnail","7":"category-faits-divers","8":"category-news","9":"tag-diffamation","10":"tag-medias","11":"tag-journalistes"},"jetpack_publicize_connections":[],"jetpack_featured_media_url":"https:\/\/ledenonciateur224.com\/wp-content\/uploads\/2025\/06\/fb-img-1750261555022.jpg","jetpack_sharing_enabled":true,"_links":{"self":[{"href":"https:\/\/ledenonciateur224.com\/index.php\/wp-json\/wp\/v2\/posts\/3491","targetHints":{"allow":["GET"]}}],"collection":[{"href":"https:\/\/ledenonciateur224.com\/index.php\/wp-json\/wp\/v2\/posts"}],"about":[{"href":"https:\/\/ledenonciateur224.com\/index.php\/wp-json\/wp\/v2\/types\/post"}],"author":[{"embeddable":true,"href":"https:\/\/ledenonciateur224.com\/index.php\/wp-json\/wp\/v2\/users\/2"}],"replies":[{"embeddable":true,"href":"https:\/\/ledenonciateur224.com\/index.php\/wp-json\/wp\/v2\/comments?post=3491"}],"version-history":[{"count":0,"href":"https:\/\/ledenonciateur224.com\/index.php\/wp-json\/wp\/v2\/posts\/3491\/revisions"}],"wp:featuredmedia":[{"embeddable":true,"href":"https:\/\/ledenonciateur224.com\/index.php\/wp-json\/wp\/v2\/media\/3492"}],"wp:attachment":[{"href":"https:\/\/ledenonciateur224.com\/index.php\/wp-json\/wp\/v2\/media?parent=3491"}],"wp:term":[{"taxonomy":"category","embeddable":true,"href":"https:\/\/ledenonciateur224.com\/index.php\/wp-json\/wp\/v2\/categories?post=3491"},{"taxonomy":"post_tag","embeddable":true,"href":"https:\/\/ledenonciateur224.com\/index.php\/wp-json\/wp\/v2\/tags?post=3491"}],"curies":[{"name":"wp","href":"https:\/\/api.w.org\/{rel}","templated":true}]}}