{"id":3499,"date":"2025-06-19T10:40:56","date_gmt":"2025-06-19T10:40:56","guid":{"rendered":"https:\/\/ledenonciateur224.com\/?p=3499"},"modified":"2025-06-19T10:40:56","modified_gmt":"2025-06-19T10:40:56","slug":"salon-international-des-mines-et-carrieres-conakry-sanime-a-lapproche-de-levenement","status":"publish","type":"post","link":"https:\/\/ledenonciateur224.com\/index.php\/salon-international-des-mines-et-carrieres-conakry-sanime-a-lapproche-de-levenement\/","title":{"rendered":"Salon International des Mines et Carri\u00e8res : Conakry s\u2019anime \u00e0 l\u2019approche de l\u2019\u00e9v\u00e9nement"},"content":{"rendered":"<p>\u00c0 deux jours du lancement du\u00a0<strong>Salon International des Mines et Carri\u00e8res (SIMC)<\/strong>, pr\u00e9vu les\u00a0<strong>21 et 22 juin 2025 \u00e0 Conakry<\/strong>, la capitale guin\u00e9enne commence \u00e0 vibrer au rythme de l\u2019arriv\u00e9e des premiers invit\u00e9s. Ce rendez-vous incontournable du secteur extractif africain rassemble des experts, investisseurs, d\u00e9cideurs et innovateurs venus de toute la sous-r\u00e9gion pour \u00e9changer, exposer et tisser des partenariats autour de l\u2019avenir des mines en Afrique.<\/p>\n<p>Ce\u00a0<strong>mercredi 18 juin<\/strong>, les organisateurs ont accueilli chaleureusement un invit\u00e9 de marque :\u00a0<strong>M. Bationo Didier Val\u00e9ry<\/strong>, Directeur G\u00e9n\u00e9ral de\u00a0<strong>Global BTP Drone Center<\/strong>\u00a0bas\u00e9 au Burkina Faso. Ce dernier participe au salon en tant qu\u2019exposant et intervenant sur les solutions technologiques innovantes dans le domaine minier.<\/p>\n<p><img loading=\"lazy\" decoding=\"async\" class=\"alignnone size-full wp-image-3500\" src=\"https:\/\/ledenonciateur224.com\/wp-content\/uploads\/2025\/06\/img-20250619-wa0045.jpg\" alt=\"\" width=\"1020\" height=\"459\" srcset=\"https:\/\/ledenonciateur224.com\/wp-content\/uploads\/2025\/06\/img-20250619-wa0045.jpg 1020w, https:\/\/ledenonciateur224.com\/wp-content\/uploads\/2025\/06\/img-20250619-wa0045-300x135.jpg 300w, https:\/\/ledenonciateur224.com\/wp-content\/uploads\/2025\/06\/img-20250619-wa0045-768x346.jpg 768w, https:\/\/ledenonciateur224.com\/wp-content\/uploads\/2025\/06\/img-20250619-wa0045-150x68.jpg 150w, https:\/\/ledenonciateur224.com\/wp-content\/uploads\/2025\/06\/img-20250619-wa0045-696x313.jpg 696w, https:\/\/ledenonciateur224.com\/wp-content\/uploads\/2025\/06\/img-20250619-wa0045-933x420.jpg 933w\" sizes=\"auto, (max-width: 1020px) 100vw, 1020px\" \/><\/p>\n<p>Lors de son arriv\u00e9e, M. Bationo n\u2019a pas manqu\u00e9 d\u2019exprimer sa joie et son enthousiasme face \u00e0 l\u2019accueil qui lui a \u00e9t\u00e9 r\u00e9serv\u00e9 :<strong>\u00ab\u00a0Nous sommes tr\u00e8s contents pour l&rsquo;accueil qui \u00e9tait assez tr\u00e8s tr\u00e8s chaleureux. On voit que la Guin\u00e9e, c&rsquo;est le Burkina Faso aussi, parce que c&rsquo;est le m\u00eame climat, c&rsquo;est les m\u00eames hommes, c&rsquo;est l&rsquo;Afrique.\u00a0\u00bb<\/strong><\/p>\n<p><img loading=\"lazy\" decoding=\"async\" class=\"alignnone size-full wp-image-3502\" src=\"https:\/\/ledenonciateur224.com\/wp-content\/uploads\/2025\/06\/img-20250619-wa0038.jpg\" alt=\"\" width=\"1020\" height=\"459\" srcset=\"https:\/\/ledenonciateur224.com\/wp-content\/uploads\/2025\/06\/img-20250619-wa0038.jpg 1020w, https:\/\/ledenonciateur224.com\/wp-content\/uploads\/2025\/06\/img-20250619-wa0038-300x135.jpg 300w, https:\/\/ledenonciateur224.com\/wp-content\/uploads\/2025\/06\/img-20250619-wa0038-768x346.jpg 768w, https:\/\/ledenonciateur224.com\/wp-content\/uploads\/2025\/06\/img-20250619-wa0038-150x68.jpg 150w, https:\/\/ledenonciateur224.com\/wp-content\/uploads\/2025\/06\/img-20250619-wa0038-696x313.jpg 696w, https:\/\/ledenonciateur224.com\/wp-content\/uploads\/2025\/06\/img-20250619-wa0038-933x420.jpg 933w\" sizes=\"auto, (max-width: 1020px) 100vw, 1020px\" \/> <img loading=\"lazy\" decoding=\"async\" class=\"alignnone size-full wp-image-3503\" src=\"https:\/\/ledenonciateur224.com\/wp-content\/uploads\/2025\/06\/20250618-212248-scaled.jpg\" alt=\"\" width=\"2560\" height=\"1440\" srcset=\"https:\/\/ledenonciateur224.com\/wp-content\/uploads\/2025\/06\/20250618-212248-scaled.jpg 2560w, https:\/\/ledenonciateur224.com\/wp-content\/uploads\/2025\/06\/20250618-212248-300x169.jpg 300w, https:\/\/ledenonciateur224.com\/wp-content\/uploads\/2025\/06\/20250618-212248-1024x576.jpg 1024w, https:\/\/ledenonciateur224.com\/wp-content\/uploads\/2025\/06\/20250618-212248-768x432.jpg 768w, https:\/\/ledenonciateur224.com\/wp-content\/uploads\/2025\/06\/20250618-212248-1536x864.jpg 1536w, https:\/\/ledenonciateur224.com\/wp-content\/uploads\/2025\/06\/20250618-212248-2048x1152.jpg 2048w, https:\/\/ledenonciateur224.com\/wp-content\/uploads\/2025\/06\/20250618-212248-150x84.jpg 150w, https:\/\/ledenonciateur224.com\/wp-content\/uploads\/2025\/06\/20250618-212248-696x392.jpg 696w, https:\/\/ledenonciateur224.com\/wp-content\/uploads\/2025\/06\/20250618-212248-1068x601.jpg 1068w, https:\/\/ledenonciateur224.com\/wp-content\/uploads\/2025\/06\/20250618-212248-1920x1080.jpg 1920w, https:\/\/ledenonciateur224.com\/wp-content\/uploads\/2025\/06\/20250618-212248-747x420.jpg 747w\" sizes=\"auto, (max-width: 2560px) 100vw, 2560px\" \/><\/p>\n<p>Il a \u00e9galement insist\u00e9 sur l\u2019importance du partage de savoir-faire entre pays africains :<strong>\u00ab\u00a0C&rsquo;est un grand honneur pour moi d&rsquo;\u00eatre choisi et d&rsquo;\u00eatre invit\u00e9 \u00e0 ce salon. Cela montre comment est-ce que les diff\u00e9rents pays sont fr\u00e8res et amis pour venir partager nos diff\u00e9rentes exp\u00e9riences entre pays fr\u00e8res.\u00a0\u00bb<\/strong><\/p>\n<p>&nbsp;<\/p>\n<p>Revenant sur sa mission au SIMC, M. Bationo a soulign\u00e9 le r\u00f4le central que jouent les drones dans la modernisation du secteur minier :<strong>\u00ab\u00a0Sur le sol guin\u00e9en, d&rsquo;abord je viens pour conna\u00eetre mes amis et mes fr\u00e8res africains et ensuite proposer mes expertises en mati\u00e8re de drone. Qu&rsquo;est-ce que le drone peut faire dans les mines et les carri\u00e8res ? Qu&rsquo;est-ce que le drone peut faire dans l&rsquo;environnement et les infrastructures ? Surtout l&rsquo;agronomie o\u00f9 le drone intervient aujourd&rsquo;hui.\u00a0\u00bb<\/strong><\/p>\n<p>Selon lui, les drones permettent une\u00a0<strong>cartographie pr\u00e9cise des zones mini\u00e8res<\/strong>, facilitent les\u00a0<strong>recherches en cas d\u2019accident ou de disparition<\/strong>, et sont utilis\u00e9s pour des t\u00e2ches comme\u00a0<strong>l&rsquo;\u00e9pandage r\u00e9gulier ou la d\u00e9sinfection des sites miniers<\/strong>, contribuant ainsi \u00e0 la s\u00e9curit\u00e9 et \u00e0 la productivit\u00e9.<\/p>\n<p><img loading=\"lazy\" decoding=\"async\" class=\"alignnone size-full wp-image-3501\" src=\"https:\/\/ledenonciateur224.com\/wp-content\/uploads\/2025\/06\/20250618-212423-scaled.jpg\" alt=\"\" width=\"2560\" height=\"1440\" srcset=\"https:\/\/ledenonciateur224.com\/wp-content\/uploads\/2025\/06\/20250618-212423-scaled.jpg 2560w, https:\/\/ledenonciateur224.com\/wp-content\/uploads\/2025\/06\/20250618-212423-300x169.jpg 300w, https:\/\/ledenonciateur224.com\/wp-content\/uploads\/2025\/06\/20250618-212423-1024x576.jpg 1024w, https:\/\/ledenonciateur224.com\/wp-content\/uploads\/2025\/06\/20250618-212423-768x432.jpg 768w, https:\/\/ledenonciateur224.com\/wp-content\/uploads\/2025\/06\/20250618-212423-1536x864.jpg 1536w, https:\/\/ledenonciateur224.com\/wp-content\/uploads\/2025\/06\/20250618-212423-2048x1152.jpg 2048w, https:\/\/ledenonciateur224.com\/wp-content\/uploads\/2025\/06\/20250618-212423-150x84.jpg 150w, https:\/\/ledenonciateur224.com\/wp-content\/uploads\/2025\/06\/20250618-212423-696x392.jpg 696w, https:\/\/ledenonciateur224.com\/wp-content\/uploads\/2025\/06\/20250618-212423-1068x601.jpg 1068w, https:\/\/ledenonciateur224.com\/wp-content\/uploads\/2025\/06\/20250618-212423-1920x1080.jpg 1920w, https:\/\/ledenonciateur224.com\/wp-content\/uploads\/2025\/06\/20250618-212423-747x420.jpg 747w\" sizes=\"auto, (max-width: 2560px) 100vw, 2560px\" \/><\/p>\n<p>De son c\u00f4t\u00e9, le\u00a0<strong>commissaire g\u00e9n\u00e9ral du Salon, M. Paul Kamano<\/strong>, a salu\u00e9 l\u2019arriv\u00e9e de la d\u00e9l\u00e9gation burkinab\u00e8, tout en r\u00e9affirmant l\u2019engagement du salon \u00e0 valoriser les comp\u00e9tences africaines dans le domaine des mines :<strong>\u00ab\u00a0Nous sommes l\u00e0 pour accueillir nos h\u00f4tes qui viennent du Burkina Faso. Ce sont des Africains qui investissent dans nos secteurs miniers \u00e0 travers des solutions innovantes qu&rsquo;ils ont \u00e0 proposer.\u00a0<\/strong><strong>Ils ont d\u00e9j\u00e0 d\u00e9montr\u00e9 leur preuve au Burkina et partout sur le continent. Pour nous, c&rsquo;est une fiert\u00e9, \u00e0 l&rsquo;occasion du Salon international des mines et carri\u00e8res, de recevoir cette d\u00e9l\u00e9gation conduite par M. Val\u00e9ry Didier pour permettre aux Guin\u00e9ens de profiter de l&rsquo;expertise de cet Africain qui \u00e9volue, qui fait des exploits ailleurs.\u00a0\u00bb<\/strong><\/p>\n<p>M. Kamano a \u00e9galement saisi l\u2019occasion pour adresser un message fort aux autorit\u00e9s guin\u00e9ennes :<strong>\u00ab\u00a0Le pr\u00e9sident de la transition, le g\u00e9n\u00e9ral d\u2019arm\u00e9e Mamadi Doumbouya, a dit que chacun peut apporter quelque chose \u00e0 son pays. Nous, on fait venir cet investisseur, et on aimerait que les autorit\u00e9s facilitent non seulement la tenue du salon dans de bonnes conditions, mais aussi que cet entrepreneur soit re\u00e7u dans de bonnes conditions et que le projet pour lequel il est venu en Guin\u00e9e se r\u00e9alise.\u00a0\u00bb<\/strong><\/p>\n<p>Enfin, le commissaire g\u00e9n\u00e9ral a rappel\u00e9 l\u2019enjeu strat\u00e9gique que repr\u00e9sente ce salon pour la Guin\u00e9e et son d\u00e9veloppement \u00e9conomique :<strong>\u00ab\u00a0La Guin\u00e9e accueille l&rsquo;Afrique. La Guin\u00e9e est un pays minier, et avec le programme Simandou, je pense qu&rsquo;on est dans cette dynamique de promouvoir ce programme-l\u00e0, de promouvoir la vision du pr\u00e9sident, de faire en sorte que les acteurs les plus performants dans leur secteur viennent investir dans notre pays.\u00a0\u00bb<\/strong><\/p>\n<p>&nbsp;<\/p>\n<p>A M C<\/p>\n<p>611 70 39 84<\/p>\n","protected":false},"excerpt":{"rendered":"<p>\u00c0 deux jours du lancement du\u00a0Salon International des Mines et Carri\u00e8res (SIMC), pr\u00e9vu les\u00a021 et 22 juin 2025 \u00e0 Conakry, la capitale guin\u00e9enne commence \u00e0 vibrer au rythme de l\u2019arriv\u00e9e des premiers invit\u00e9s. Ce rendez-vous incontournable du secteur extractif africain rassemble des experts, investisseurs, d\u00e9cideurs et innovateurs venus de toute la sous-r\u00e9gion pour \u00e9changer, exposer [&hellip;]<\/p>\n","protected":false},"author":2,"featured_media":3502,"comment_status":"open","ping_status":"open","sticky":false,"template":"","format":"standard","meta":{"_jetpack_memberships_contains_paid_content":false,"footnotes":"","jetpack_publicize_message":"","jetpack_publicize_feature_enabled":true,"jetpack_social_post_already_shared":true,"jetpack_social_options":{"image_generator_settings":{"template":"highway","default_image_id":0,"font":"","enabled":false},"version":2}},"categories":[29],"tags":[883,575],"class_list":{"0":"post-3499","1":"post","2":"type-post","3":"status-publish","4":"format-standard","5":"has-post-thumbnail","7":"category-economie","8":"tag-mines-et-carrieres","9":"tag-paul-kamano"},"jetpack_publicize_connections":[],"jetpack_featured_media_url":"https:\/\/ledenonciateur224.com\/wp-content\/uploads\/2025\/06\/img-20250619-wa0038.jpg","jetpack_sharing_enabled":true,"_links":{"self":[{"href":"https:\/\/ledenonciateur224.com\/index.php\/wp-json\/wp\/v2\/posts\/3499","targetHints":{"allow":["GET"]}}],"collection":[{"href":"https:\/\/ledenonciateur224.com\/index.php\/wp-json\/wp\/v2\/posts"}],"about":[{"href":"https:\/\/ledenonciateur224.com\/index.php\/wp-json\/wp\/v2\/types\/post"}],"author":[{"embeddable":true,"href":"https:\/\/ledenonciateur224.com\/index.php\/wp-json\/wp\/v2\/users\/2"}],"replies":[{"embeddable":true,"href":"https:\/\/ledenonciateur224.com\/index.php\/wp-json\/wp\/v2\/comments?post=3499"}],"version-history":[{"count":0,"href":"https:\/\/ledenonciateur224.com\/index.php\/wp-json\/wp\/v2\/posts\/3499\/revisions"}],"wp:featuredmedia":[{"embeddable":true,"href":"https:\/\/ledenonciateur224.com\/index.php\/wp-json\/wp\/v2\/media\/3502"}],"wp:attachment":[{"href":"https:\/\/ledenonciateur224.com\/index.php\/wp-json\/wp\/v2\/media?parent=3499"}],"wp:term":[{"taxonomy":"category","embeddable":true,"href":"https:\/\/ledenonciateur224.com\/index.php\/wp-json\/wp\/v2\/categories?post=3499"},{"taxonomy":"post_tag","embeddable":true,"href":"https:\/\/ledenonciateur224.com\/index.php\/wp-json\/wp\/v2\/tags?post=3499"}],"curies":[{"name":"wp","href":"https:\/\/api.w.org\/{rel}","templated":true}]}}