{"id":3521,"date":"2025-06-20T22:43:29","date_gmt":"2025-06-20T22:43:29","guid":{"rendered":"https:\/\/ledenonciateur224.com\/?p=3521"},"modified":"2025-06-20T22:43:29","modified_gmt":"2025-06-20T22:43:29","slug":"pascal-feindouno-devient-mohamed-aly-lex-star-du-football-guineen-embrasse-lislam-dans-une-conversion-emouvante","status":"publish","type":"post","link":"https:\/\/ledenonciateur224.com\/index.php\/pascal-feindouno-devient-mohamed-aly-lex-star-du-football-guineen-embrasse-lislam-dans-une-conversion-emouvante\/","title":{"rendered":"Pascal Feindouno devient Mohamed Aly : L\u2019ex-star du football guin\u00e9en embrasse l\u2019islam dans une conversion \u00e9mouvante"},"content":{"rendered":"<p>C\u2019est une nouvelle qui a marqu\u00e9 les esprits en Guin\u00e9e : Pascal Feindouno, l\u00e9gende du Syli National et ancienne ic\u00f4ne du football africain, a officiellement embrass\u00e9 l\u2019islam \u00e0 l\u2019\u00e2ge de 44 ans.<\/p>\n<p>La c\u00e9r\u00e9monie de sa conversion s\u2019est tenue dans la mosqu\u00e9e Rogban\u00e9, situ\u00e9e dans le quartier de Taouyah \u00e0 Conakry, en pr\u00e9sence de fid\u00e8les, de membres de sa famille, d\u2019amis proches et de figures embl\u00e9matiques du sport guin\u00e9en. Dans un moment solennel et charg\u00e9 d\u2019\u00e9motion, l\u2019ancien num\u00e9ro 10 guin\u00e9en a prononc\u00e9 la d\u00e9claration de foi musulmane et a adopt\u00e9 le pr\u00e9nom\u00a0<strong>Mohamed Aly<\/strong>, devenant ainsi\u00a0<strong>Mohamed Aly Feindouno<\/strong>.<\/p>\n<p>Ce geste spirituel marque un profond tournant dans la vie de l\u2019ex-international, connu pour ses dribbles \u00e9l\u00e9gants et sa brillante carri\u00e8re, notamment en France et au sein de l\u2019\u00e9quipe nationale guin\u00e9enne.<\/p>\n<p>\u00c0 ses c\u00f4t\u00e9s, son ancien co\u00e9quipier et ami de longue date, le gardien K\u00e8moko Camara, \u00e9tait pr\u00e9sent pour le soutenir dans ce moment important. La nouvelle de sa conversion a suscit\u00e9 une vague de r\u00e9actions \u00e0 travers le pays, oscillant entre surprise, respect et admiration.<\/p>\n<p>Pour de nombreux Guin\u00e9ens, cette d\u00e9cision est per\u00e7ue comme le signe d\u2019un renouveau int\u00e9rieur et d\u2019un cheminement personnel vers la spiritualit\u00e9. Mohamed Aly Feindouno entame ainsi un nouveau chapitre de sa vie, sous le signe de la foi et de la paix int\u00e9rieure.<\/p>\n<p>&nbsp;<\/p>\n<p>Ledenonciateur224.com<\/p>\n","protected":false},"excerpt":{"rendered":"<p>C\u2019est une nouvelle qui a marqu\u00e9 les esprits en Guin\u00e9e : Pascal Feindouno, l\u00e9gende du Syli National et ancienne ic\u00f4ne du football africain, a officiellement embrass\u00e9 l\u2019islam \u00e0 l\u2019\u00e2ge de 44 ans. La c\u00e9r\u00e9monie de sa conversion s\u2019est tenue dans la mosqu\u00e9e Rogban\u00e9, situ\u00e9e dans le quartier de Taouyah \u00e0 Conakry, en pr\u00e9sence de fid\u00e8les, [&hellip;]<\/p>\n","protected":false},"author":2,"featured_media":3522,"comment_status":"open","ping_status":"open","sticky":false,"template":"","format":"standard","meta":{"_jetpack_memberships_contains_paid_content":false,"footnotes":"","jetpack_publicize_message":"","jetpack_publicize_feature_enabled":true,"jetpack_social_post_already_shared":true,"jetpack_social_options":{"image_generator_settings":{"template":"highway","default_image_id":0,"font":"","enabled":false},"version":2}},"categories":[30,24],"tags":[887,886],"class_list":{"0":"post-3521","1":"post","2":"type-post","3":"status-publish","4":"format-standard","5":"has-post-thumbnail","7":"category-faits-divers","8":"category-news","9":"tag-lislam","10":"tag-pascal-feindouno"},"jetpack_publicize_connections":[],"jetpack_featured_media_url":"https:\/\/ledenonciateur224.com\/wp-content\/uploads\/2025\/06\/whatsapp-image-2025-06-20-a-124113-7b2d7e30.jpg","jetpack_sharing_enabled":true,"_links":{"self":[{"href":"https:\/\/ledenonciateur224.com\/index.php\/wp-json\/wp\/v2\/posts\/3521","targetHints":{"allow":["GET"]}}],"collection":[{"href":"https:\/\/ledenonciateur224.com\/index.php\/wp-json\/wp\/v2\/posts"}],"about":[{"href":"https:\/\/ledenonciateur224.com\/index.php\/wp-json\/wp\/v2\/types\/post"}],"author":[{"embeddable":true,"href":"https:\/\/ledenonciateur224.com\/index.php\/wp-json\/wp\/v2\/users\/2"}],"replies":[{"embeddable":true,"href":"https:\/\/ledenonciateur224.com\/index.php\/wp-json\/wp\/v2\/comments?post=3521"}],"version-history":[{"count":0,"href":"https:\/\/ledenonciateur224.com\/index.php\/wp-json\/wp\/v2\/posts\/3521\/revisions"}],"wp:featuredmedia":[{"embeddable":true,"href":"https:\/\/ledenonciateur224.com\/index.php\/wp-json\/wp\/v2\/media\/3522"}],"wp:attachment":[{"href":"https:\/\/ledenonciateur224.com\/index.php\/wp-json\/wp\/v2\/media?parent=3521"}],"wp:term":[{"taxonomy":"category","embeddable":true,"href":"https:\/\/ledenonciateur224.com\/index.php\/wp-json\/wp\/v2\/categories?post=3521"},{"taxonomy":"post_tag","embeddable":true,"href":"https:\/\/ledenonciateur224.com\/index.php\/wp-json\/wp\/v2\/tags?post=3521"}],"curies":[{"name":"wp","href":"https:\/\/api.w.org\/{rel}","templated":true}]}}