{"id":358,"date":"2024-12-05T08:30:14","date_gmt":"2024-12-05T08:30:14","guid":{"rendered":"https:\/\/ledenonciateur224.com\/?p=358"},"modified":"2024-12-05T08:30:14","modified_gmt":"2024-12-05T08:30:14","slug":"logp-impose-des-restrictions-sur-lutilisation-de-limage-de-mamadi-doumbouya","status":"publish","type":"post","link":"https:\/\/ledenonciateur224.com\/index.php\/logp-impose-des-restrictions-sur-lutilisation-de-limage-de-mamadi-doumbouya\/","title":{"rendered":"L&rsquo;OGP impose des restrictions sur l&rsquo;utilisation de l&rsquo;image de Mamadi Doumbouya"},"content":{"rendered":"<p>L\u2019utilisation \u00ab abusive \u00bb de l\u2019image du pr\u00e9sident de la transition, Mamadi Doumbouya, par certains cadres de l\u2019administration dans des campagnes de soutien au Conseil National de la Transition (CNRD) a conduit l&rsquo;Office Guin\u00e9en de Publicit\u00e9 (OGP) \u00e0 prendre des mesures strictes.<\/p>\n<p>Cette annonce intervient dans un contexte particuli\u00e8rement sensible, celui du drame survenu \u00e0 N\u2019z\u00e9r\u00e9kor\u00e9 le 1er d\u00e9cembre 2024. Une bousculade meurtri\u00e8re, survenue lors d\u2019une finale de football du tournoi de la Refondation, plac\u00e9 sous le haut patronage du pr\u00e9sident Mamadi Doumbouya, a fait au moins 56 morts selon les autorit\u00e9s et 135 selon des organisations de d\u00e9fense des droits de l&rsquo;homme locales.<\/p>\n<p>Le directeur g\u00e9n\u00e9ral de l&rsquo;OGP, Mandian Sidib\u00e9, a annonc\u00e9 l\u2019instauration de sanctions disciplinaires et, dans les cas les plus graves, de poursuites judiciaires contre les responsables de l\u2019utilisation \u00ab abusive \u00bb de l\u2019image du g\u00e9n\u00e9ral-pr\u00e9sident Mamadi Doumbouya.<\/p>\n<p>\u00ab Des sanctions administratives et disciplinaires seront appliqu\u00e9es \u00e0 l&rsquo;\u00c9tat et aux individus concern\u00e9s en cas de non-respect. Des poursuites judiciaires seront envisag\u00e9es pour les cas les plus graves \u00bb, a pr\u00e9cis\u00e9 Mandian Sidib\u00e9 lors de son intervention au journal de 20h30 de la t\u00e9l\u00e9vision nationale, le mercredi 4 d\u00e9cembre 2024.<\/p>\n<p>Cette interdiction, entr\u00e9e en vigueur le 5 d\u00e9cembre 2024, cible sp\u00e9cifiquement l\u2019utilisation de l\u2019image du pr\u00e9sident pour promouvoir des int\u00e9r\u00eats personnels. Selon le directeur g\u00e9n\u00e9ral de l\u2019OGP, une telle pratique est inacceptable, car l\u2019image du pr\u00e9sident \u00ab repr\u00e9sente l&rsquo;image de la R\u00e9publique et ne peut en aucun cas \u00eatre utilis\u00e9e de mani\u00e8re indiscrimin\u00e9e \u00bb.<\/p>\n<p>Mandian Sidib\u00e9 a \u00e9galement annonc\u00e9 que l&rsquo;association de l\u2019image du pr\u00e9sident \u00e0 une personne ou une entit\u00e9 tierce dans des publicit\u00e9s est d\u00e9sormais formellement interdite.<\/p>\n<p>Par ailleurs, tous les supports publicitaires devront dor\u00e9navant passer par la Direction de la Communication et de l&rsquo;Information (DCI) pour validation avant toute diffusion. Une campagne de sensibilisation sera lanc\u00e9e pour rappeler ces nouvelles r\u00e8gles, et les supports publicitaires en infraction seront progressivement d\u00e9mantel\u00e9s.<\/p>\n<p>Cette initiative vise \u00e0 garantir un usage respectueux et appropri\u00e9 de l\u2019image du pr\u00e9sident de la transition, afin d&rsquo;\u00e9viter toute confusion entre les int\u00e9r\u00eats priv\u00e9s et l&rsquo;int\u00e9r\u00eat national.<\/p>\n<p>N&rsquo;sira Sylla<\/p>\n","protected":false},"excerpt":{"rendered":"<p>L\u2019utilisation \u00ab abusive \u00bb de l\u2019image du pr\u00e9sident de la transition, Mamadi Doumbouya, par certains cadres de l\u2019administration dans des campagnes de soutien au Conseil National de la Transition (CNRD) a conduit l&rsquo;Office Guin\u00e9en de Publicit\u00e9 (OGP) \u00e0 prendre des mesures strictes. Cette annonce intervient dans un contexte particuli\u00e8rement sensible, celui du drame survenu \u00e0 [&hellip;]<\/p>\n","protected":false},"author":2,"featured_media":360,"comment_status":"open","ping_status":"open","sticky":false,"template":"","format":"standard","meta":{"_jetpack_memberships_contains_paid_content":false,"footnotes":"","jetpack_publicize_message":"","jetpack_publicize_feature_enabled":true,"jetpack_social_post_already_shared":false,"jetpack_social_options":{"image_generator_settings":{"template":"highway","default_image_id":0,"font":"","enabled":false},"version":2}},"categories":[24,27],"tags":[49,35,50],"class_list":{"0":"post-358","1":"post","2":"type-post","3":"status-publish","4":"format-standard","5":"has-post-thumbnail","7":"category-news","8":"category-politique","9":"tag-general-mamadi-doumbouya","10":"tag-guinee","11":"tag-images-du-president"},"jetpack_publicize_connections":[],"jetpack_featured_media_url":"https:\/\/ledenonciateur224.com\/wp-content\/uploads\/2024\/12\/img-20241204-wa0102-1.jpg","jetpack_sharing_enabled":true,"_links":{"self":[{"href":"https:\/\/ledenonciateur224.com\/index.php\/wp-json\/wp\/v2\/posts\/358","targetHints":{"allow":["GET"]}}],"collection":[{"href":"https:\/\/ledenonciateur224.com\/index.php\/wp-json\/wp\/v2\/posts"}],"about":[{"href":"https:\/\/ledenonciateur224.com\/index.php\/wp-json\/wp\/v2\/types\/post"}],"author":[{"embeddable":true,"href":"https:\/\/ledenonciateur224.com\/index.php\/wp-json\/wp\/v2\/users\/2"}],"replies":[{"embeddable":true,"href":"https:\/\/ledenonciateur224.com\/index.php\/wp-json\/wp\/v2\/comments?post=358"}],"version-history":[{"count":0,"href":"https:\/\/ledenonciateur224.com\/index.php\/wp-json\/wp\/v2\/posts\/358\/revisions"}],"wp:featuredmedia":[{"embeddable":true,"href":"https:\/\/ledenonciateur224.com\/index.php\/wp-json\/wp\/v2\/media\/360"}],"wp:attachment":[{"href":"https:\/\/ledenonciateur224.com\/index.php\/wp-json\/wp\/v2\/media?parent=358"}],"wp:term":[{"taxonomy":"category","embeddable":true,"href":"https:\/\/ledenonciateur224.com\/index.php\/wp-json\/wp\/v2\/categories?post=358"},{"taxonomy":"post_tag","embeddable":true,"href":"https:\/\/ledenonciateur224.com\/index.php\/wp-json\/wp\/v2\/tags?post=358"}],"curies":[{"name":"wp","href":"https:\/\/api.w.org\/{rel}","templated":true}]}}